{"id":10861,"date":"2024-08-21T19:00:13","date_gmt":"2024-08-21T19:00:13","guid":{"rendered":"https:\/\/ladepeche.mr\/?p=10861"},"modified":"2024-08-21T16:59:54","modified_gmt":"2024-08-21T16:59:54","slug":"migration-5-000-personnes-ont-peri-en-mer-au-cours-des-cinq-premiers-mois-de-lannee-2024","status":"publish","type":"post","link":"https:\/\/ladepeche.mr\/?p=10861","title":{"rendered":"Migration: 5 000 personnes ont p\u00e9ri en mer au cours des cinq premiers mois de l&#8217;ann\u00e9e 2024"},"content":{"rendered":"<p>A vec l&#8217;augmentation des d\u00e9parts depuis les c\u00f4tes mauritaniennes et l&#8217;instabilit\u00e9 persistante au Sahel, l&#8217;Espagne se pr\u00e9pare \u00e0 g\u00e9rer une pression migratoire sans pr\u00e9c\u00e9dent, notamment dans l&#8217;archipel des Canaries. Selon les chiffres r\u00e9v\u00e9l\u00e9s par le quotidien espagnol El Pais, \u00ab l&#8217;Espagne a enregistr\u00e9 31 155 arriv\u00e9es sur son territoire entre le 1er janvier et le 15 ao\u00fbt 2024, une hausse de 66% par rapport \u00e0 la m\u00eame p\u00e9riode en 2023 \u00bb. Parmi ces arriv\u00e9es, 22 304 ont \u00e9t\u00e9 enregistr\u00e9es aux Canaries, soit plus du double de l&#8217;ann\u00e9e pr\u00e9c\u00e9dente, rapporte le journal. Cette situation alarmante pousse le gouvernement espagnol, dirig\u00e9 par le Premier ministre Pedro Sanchez, \u00e0 intensifier ses efforts pour contr\u00f4ler les flux migratoires.<\/p>\n<p><strong>Les d\u00e9parts depuis la Mauritanie\u00a0<\/strong><\/p>\n<p>L&#8217;une des principales pr\u00e9occupations des autorit\u00e9s espagnoles concerne les d\u00e9parts depuis les c\u00f4tes mauritaniennes, qui ont consid\u00e9rablement augment\u00e9 ces derniers mois. Selon El Pais, environ 13 000 migrants ont quitt\u00e9 la Mauritanie pour rejoindre les Canaries, soit une hausse vertigineuse de 6 000 % par rapport \u00e0 l&#8217;ann\u00e9e pr\u00e9c\u00e9dente. Cette route migratoire est pourtant l&#8217;une des plus dangereuses, en raison des forts courants marins qui peuvent d\u00e9vier les embarcations de leur trajectoire initiale, les condamnant souvent \u00e0 dispara\u00eetre dans l&#8217;immensit\u00e9 de l&#8217;oc\u00e9an Atlantique.<\/p>\n<p>Le drame du 6 ao\u00fbt dernier, o\u00f9 une pirogue contenant 14 cadavres a \u00e9t\u00e9 retrouv\u00e9e au large de la R\u00e9publique dominicaine apr\u00e8s avoir d\u00e9riv\u00e9 depuis les c\u00f4tes africaines, illustre tragiquement les risques encourus par les migrants. Face \u00e0 cette situation, l&#8217;Union europ\u00e9enne a renforc\u00e9 son soutien \u00e0 la Mauritanie en signant un accord de 210 millions d&#8217;euros en mars dernier, visant \u00e0 am\u00e9liorer le contr\u00f4le des fronti\u00e8res et \u00e0 r\u00e9duire les d\u00e9parts clandestins.<\/p>\n<p><strong>La principale nationalit\u00e9 immigrante en Espagne<\/strong><\/p>\n<p>Les Maliens sont d\u00e9sormais la principale nationalit\u00e9 repr\u00e9sent\u00e9e parmi les migrants arrivant clandestinement en Espagne, avec 9 000 arriv\u00e9es depuis janvier 2024. Cette situation r\u00e9sulte en partie des conflits arm\u00e9s et des exactions militaires au Mali, qui ont pouss\u00e9 des dizaines de milliers de personnes \u00e0 fuir vers la Mauritanie. Depuis janvier 2023, plus de 95 000 nouveaux r\u00e9fugi\u00e9s maliens se sont install\u00e9s en Mauritanie, portant le total \u00e0 plus de 200 000 r\u00e9fugi\u00e9s, selon le Haut Commissariat des Nations Unies pour les r\u00e9fugi\u00e9s (HCR).<\/p>\n<p>L&#8217;augmentation du nombre de migrants maliens, dont beaucoup pr\u00e9sentent un profil de r\u00e9fugi\u00e9, oblige l&#8217;Espagne \u00e0 reconsid\u00e9rer sa politique migratoire. Contrairement aux ann\u00e9es pr\u00e9c\u00e9dentes, o\u00f9 l&#8217;immigration clandestine en provenance d&#8217;Afrique \u00e9tait principalement per\u00e7ue comme un ph\u00e9nom\u00e8ne \u00e9conomique, l&#8217;arriv\u00e9e massive de Maliens pourrait contraindre les autorit\u00e9s espagnoles \u00e0 garantir un acc\u00e8s au droit d&#8217;asile d\u00e8s leur arriv\u00e9e sur le sol espagnol.<\/p>\n<p><strong>Une tourn\u00e9e en Afrique<\/strong><\/p>\n<p>Face \u00e0 cette pression migratoire croissante, le Premier ministre espagnol Pedro Sanchez a annonc\u00e9 une tourn\u00e9e en Mauritanie, au S\u00e9n\u00e9gal et en Gambie du 27 au 29 ao\u00fbt 2024. L&#8217;objectif de cette visite est de renforcer la coop\u00e9ration avec ces pays pour lutter contre l&#8217;immigration irr\u00e9guli\u00e8re. Cette d\u00e9marche intervient alors que les autorit\u00e9s espagnoles s&#8217;inqui\u00e8tent de l&#8217;afflux de migrants provenant de l&#8217;ensemble de la r\u00e9gion du Sahel et de la zone subsaharienne, fuyant les conflits et l&#8217;instabilit\u00e9.<\/p>\n<p>Selon l&#8217;ONG espagnole Caminando Fronteras, plus de 5 000 migrants ont p\u00e9ri dans l&#8217;Atlantique au cours des cinq premiers mois de l&#8217;ann\u00e9e en tentant de rejoindre les Canaries.<\/p>\n<p>https:\/\/www.pressafrik.com\/<\/p>\n","protected":false},"excerpt":{"rendered":"<p>A vec l&#8217;augmentation des d\u00e9parts depuis les c\u00f4tes mauritaniennes et l&#8217;instabilit\u00e9 persistante au Sahel, l&#8217;Espagne se pr\u00e9pare \u00e0 g\u00e9rer une pression migratoire sans pr\u00e9c\u00e9dent, notamment dans l&#8217;archipel des Canaries. Selon les chiffres r\u00e9v\u00e9l\u00e9s par le quotidien espagnol El Pais, \u00ab l&#8217;Espagne a enregistr\u00e9 31 155 arriv\u00e9es sur son territoire entre le 1er janvier et le &hellip;<\/p>\n","protected":false},"author":2,"featured_media":10862,"comment_status":"open","ping_status":"open","sticky":false,"template":"","format":"standard","meta":{"footnotes":""},"categories":[18,29],"tags":[],"class_list":["post-10861","post","type-post","status-publish","format-standard","has-post-thumbnail","hentry","category-actualites","category-monde"],"_links":{"self":[{"href":"https:\/\/ladepeche.mr\/index.php?rest_route=\/wp\/v2\/posts\/10861","targetHints":{"allow":["GET"]}}],"collection":[{"href":"https:\/\/ladepeche.mr\/index.php?rest_route=\/wp\/v2\/posts"}],"about":[{"href":"https:\/\/ladepeche.mr\/index.php?rest_route=\/wp\/v2\/types\/post"}],"author":[{"embeddable":true,"href":"https:\/\/ladepeche.mr\/index.php?rest_route=\/wp\/v2\/users\/2"}],"replies":[{"embeddable":true,"href":"https:\/\/ladepeche.mr\/index.php?rest_route=%2Fwp%2Fv2%2Fcomments&post=10861"}],"version-history":[{"count":1,"href":"https:\/\/ladepeche.mr\/index.php?rest_route=\/wp\/v2\/posts\/10861\/revisions"}],"predecessor-version":[{"id":10863,"href":"https:\/\/ladepeche.mr\/index.php?rest_route=\/wp\/v2\/posts\/10861\/revisions\/10863"}],"wp:featuredmedia":[{"embeddable":true,"href":"https:\/\/ladepeche.mr\/index.php?rest_route=\/wp\/v2\/media\/10862"}],"wp:attachment":[{"href":"https:\/\/ladepeche.mr\/index.php?rest_route=%2Fwp%2Fv2%2Fmedia&parent=10861"}],"wp:term":[{"taxonomy":"category","embeddable":true,"href":"https:\/\/ladepeche.mr\/index.php?rest_route=%2Fwp%2Fv2%2Fcategories&post=10861"},{"taxonomy":"post_tag","embeddable":true,"href":"https:\/\/ladepeche.mr\/index.php?rest_route=%2Fwp%2Fv2%2Ftags&post=10861"}],"curies":[{"name":"wp","href":"https:\/\/api.w.org\/{rel}","templated":true}]}}