{"id":10867,"date":"2024-08-22T09:39:11","date_gmt":"2024-08-22T09:39:11","guid":{"rendered":"https:\/\/ladepeche.mr\/?p=10867"},"modified":"2024-08-22T09:51:15","modified_gmt":"2024-08-22T09:51:15","slug":"economie-le-ministre-de-leconomie-et-des-finances-expose-les-objectifs-du-projet-de-loi-relatif-aux-statuts-de-la-banque-centrale","status":"publish","type":"post","link":"https:\/\/ladepeche.mr\/?p=10867","title":{"rendered":"Economie: Le ministre de l&#8217;\u00c9conomie et des Finances expose les objectifs du projet de loi relatif aux statuts de la Banque centrale"},"content":{"rendered":"<p>Son Excellence le ministre de l&#8217;\u00c9conomie et des Finances, M. Sid&#8217;Ahmed Ould Bouh, a expos\u00e9, lors du point de presse hebdomadaire consacr\u00e9 \u00e0 la restitution des r\u00e9sultats de la r\u00e9union du Conseil des ministres tenue mercredi, les grandes lignes du projet de loi relatif \u00e0 la r\u00e9forme des statuts de la Banque centrale de Mauritanie, qui a \u00e9t\u00e9 approuv\u00e9 ce mercredi par le Conseil.<\/p>\n<p>Le ministre a expliqu\u00e9 que ce projet de loi s&#8217;inscrit dans un contexte marqu\u00e9 par l&#8217;\u00e9volution des technologies de paiement via mobile et autres syst\u00e8mes de paiement num\u00e9rique. Il est donc imp\u00e9ratif que le l\u00e9gislateur int\u00e8gre dans les textes r\u00e9gissant la Banque centrale des m\u00e9canismes visant \u00e0 optimiser l&#8217;utilisation et la circulation de ces m\u00e9canismes, en veillant \u00e0 leur s\u00e9curit\u00e9 et \u00e0 leur capacit\u00e9 \u00e0 faire face aux tentatives de fraude. Il s&#8217;agit \u00e9galement de renforcer la flexibilit\u00e9 des syst\u00e8mes de transactions, d&#8217;adopter les meilleures pratiques dans le suivi des moyens de paiement, de favoriser l&#8217;\u00e9mergence d&#8217;un march\u00e9 boursier, et enfin, de se conformer aux normes internationales en mati\u00e8re de gestion des risques.<\/p>\n<p>Son Excellence a r\u00e9v\u00e9l\u00e9 que ce projet de loi vise \u00e0 introduire plusieurs r\u00e9formes pour renforcer les missions et \u00e9largir les comp\u00e9tences des organes d\u00e9lib\u00e9rants de l&#8217;institution. Il pr\u00e9voit la cr\u00e9ation d&#8217;une nouvelle instance d\u00e9lib\u00e9rative (le Conseil des syst\u00e8mes de paiement, de compensation et de r\u00e8glements), ainsi que le renforcement de l&#8217;ind\u00e9pendance et de la transparence de la Banque centrale en tant que monopole d&#8217; \u00e9mission de la monnaie du pays. Pour ce faire, trois vice-gouverneurs seront nomm\u00e9s, \u00e0 l&#8217;instar de ce qui se fait dans de nombreux pays, afin de permettre \u00e0 l&#8217;institution de remplir ses missions de mani\u00e8re optimale, en plus de la cr\u00e9ation de conseils consultatifs.<\/p>\n<p>S&#8217;agissant de la communication conjointe (avec le ministre de l&#8217;Energie et du P\u00e9trole) relative aux mesures de mise en \u0153uvre de la restructuration du groupe SOMELEC, le ministre a soulign\u00e9 que celle-ci vise \u00e0 poursuivre et consolider les efforts de la soci\u00e9t\u00e9 pour assurer un service d&#8217;\u00e9lectricit\u00e9 accessible et de meilleure qualit\u00e9 pour les citoyens. Il a pr\u00e9cis\u00e9 que cet objectif ne peut \u00eatre atteint qu&#8217;\u00e0 travers des changements fondamentaux, dont certains concernent les comportements des citoyens eux-m\u00eames.<\/p>\n<p>Son Excellence a ajout\u00e9 que le plan adopt\u00e9 par le Conseil des ministres pour le d\u00e9veloppement des activit\u00e9s de la soci\u00e9t\u00e9 repose sur plusieurs axes essentiels, tels que la r\u00e9gulation du contrat-programme liant la soci\u00e9t\u00e9 \u00e0 l&#8217;\u00c9tat afin d&#8217;en assurer le bon d\u00e9roulement, et l&#8217;am\u00e9lioration des ressources de l&#8217;entreprise, notamment en luttant contre les pratiques d&#8217;acc\u00e8s frauduleux \u00e0 l&#8217;\u00e9lectricit\u00e9 qui ont pr\u00e9valu ces derni\u00e8res d\u00e9cennies, pour surmonter les d\u00e9fis auxquels l&#8217;entreprise est confront\u00e9e dans son effort pour garantir ce service vital pour les citoyens et l&#8217;\u00e9conomie nationale.<\/p>\n<p>Source MEF<\/p>\n<p>&nbsp;<\/p>\n<p>Vid\u00e9o:<\/p>\n<p><iframe loading=\"lazy\" title=\"MEF STATUTS BCM\" width=\"500\" height=\"281\" src=\"https:\/\/www.youtube.com\/embed\/rKBhLgWeOfI?feature=oembed\" frameborder=\"0\" allow=\"accelerometer; autoplay; clipboard-write; encrypted-media; gyroscope; picture-in-picture; web-share\" referrerpolicy=\"strict-origin-when-cross-origin\" allowfullscreen><\/iframe><\/p>\n","protected":false},"excerpt":{"rendered":"<p>Son Excellence le ministre de l&#8217;\u00c9conomie et des Finances, M. Sid&#8217;Ahmed Ould Bouh, a expos\u00e9, lors du point de presse hebdomadaire consacr\u00e9 \u00e0 la restitution des r\u00e9sultats de la r\u00e9union du Conseil des ministres tenue mercredi, les grandes lignes du projet de loi relatif \u00e0 la r\u00e9forme des statuts de la Banque centrale de Mauritanie, &hellip;<\/p>\n","protected":false},"author":2,"featured_media":10868,"comment_status":"open","ping_status":"open","sticky":false,"template":"","format":"standard","meta":{"footnotes":""},"categories":[18,2],"tags":[],"class_list":["post-10867","post","type-post","status-publish","format-standard","has-post-thumbnail","hentry","category-actualites","category-economie"],"_links":{"self":[{"href":"https:\/\/ladepeche.mr\/index.php?rest_route=\/wp\/v2\/posts\/10867","targetHints":{"allow":["GET"]}}],"collection":[{"href":"https:\/\/ladepeche.mr\/index.php?rest_route=\/wp\/v2\/posts"}],"about":[{"href":"https:\/\/ladepeche.mr\/index.php?rest_route=\/wp\/v2\/types\/post"}],"author":[{"embeddable":true,"href":"https:\/\/ladepeche.mr\/index.php?rest_route=\/wp\/v2\/users\/2"}],"replies":[{"embeddable":true,"href":"https:\/\/ladepeche.mr\/index.php?rest_route=%2Fwp%2Fv2%2Fcomments&post=10867"}],"version-history":[{"count":2,"href":"https:\/\/ladepeche.mr\/index.php?rest_route=\/wp\/v2\/posts\/10867\/revisions"}],"predecessor-version":[{"id":10873,"href":"https:\/\/ladepeche.mr\/index.php?rest_route=\/wp\/v2\/posts\/10867\/revisions\/10873"}],"wp:featuredmedia":[{"embeddable":true,"href":"https:\/\/ladepeche.mr\/index.php?rest_route=\/wp\/v2\/media\/10868"}],"wp:attachment":[{"href":"https:\/\/ladepeche.mr\/index.php?rest_route=%2Fwp%2Fv2%2Fmedia&parent=10867"}],"wp:term":[{"taxonomy":"category","embeddable":true,"href":"https:\/\/ladepeche.mr\/index.php?rest_route=%2Fwp%2Fv2%2Fcategories&post=10867"},{"taxonomy":"post_tag","embeddable":true,"href":"https:\/\/ladepeche.mr\/index.php?rest_route=%2Fwp%2Fv2%2Ftags&post=10867"}],"curies":[{"name":"wp","href":"https:\/\/api.w.org\/{rel}","templated":true}]}}