{"id":10870,"date":"2024-08-22T10:00:50","date_gmt":"2024-08-22T10:00:50","guid":{"rendered":"https:\/\/ladepeche.mr\/?p=10870"},"modified":"2024-08-22T09:43:57","modified_gmt":"2024-08-22T09:43:57","slug":"diplomatie-le-ministre-des-affaires-etrangeres-decore-le-representant-du-haut-commissariat-des-nations-unies-aux-droits-de-lhomme","status":"publish","type":"post","link":"https:\/\/ladepeche.mr\/?p=10870","title":{"rendered":"Diplomatie: Le ministre des Affaires \u00e9trang\u00e8res d\u00e9core le repr\u00e9sentant du Haut-Commissariat des Nations unies aux Droits de l\u2019Homme"},"content":{"rendered":"<p>Le ministre des Affaires \u00e9trang\u00e8res, de la Coop\u00e9ration africaine et des Mauritaniens de l\u2019\u00e9tranger, M. Mohamed Salem Ould Marzoug, a honor\u00e9, mercredi, au nom de Son Excellence le Pr\u00e9sident de la R\u00e9publique, le repr\u00e9sentant du Haut-Commissariat des Nations Unies aux droits de l\u2019homme (HCDH), M. Laurent Meillan, de la m\u00e9daille d\u2019Officier de l\u2019Ordre du M\u00e9rite national \u00e0 l\u2019occasion de la fin de sa mission en Mauritanie.<\/p>\n<p>Auparavant, ministre s\u2019est entretenu avec le diplomate onusien sur les relations de coop\u00e9ration entre la Mauritanie et cette organisation mondiale, les moyens de les renforcer et de les d\u00e9velopper, et les questions d\u2019int\u00e9r\u00eat commun.<\/p>\n<p>La c\u00e9r\u00e9monie s\u2019est d\u00e9roul\u00e9e en pr\u00e9sence de l\u2019ambassadeur Directeur g\u00e9n\u00e9ral de la Direction de l\u2019Appui et des Moyens Communs, du Secr\u00e9taire g\u00e9n\u00e9ral du Minist\u00e8re des Affaires \u00e9trang\u00e8res et de la Coop\u00e9ration africaine et d\u2019un certain nombre de cadres du Minist\u00e8re.<\/p>\n<p>Ami<\/p>\n","protected":false},"excerpt":{"rendered":"<p>Le ministre des Affaires \u00e9trang\u00e8res, de la Coop\u00e9ration africaine et des Mauritaniens de l\u2019\u00e9tranger, M. Mohamed Salem Ould Marzoug, a honor\u00e9, mercredi, au nom de Son Excellence le Pr\u00e9sident de la R\u00e9publique, le repr\u00e9sentant du Haut-Commissariat des Nations Unies aux droits de l\u2019homme (HCDH), M. Laurent Meillan, de la m\u00e9daille d\u2019Officier de l\u2019Ordre du M\u00e9rite &hellip;<\/p>\n","protected":false},"author":2,"featured_media":10871,"comment_status":"open","ping_status":"open","sticky":false,"template":"","format":"standard","meta":{"footnotes":""},"categories":[18],"tags":[],"class_list":["post-10870","post","type-post","status-publish","format-standard","has-post-thumbnail","hentry","category-actualites"],"_links":{"self":[{"href":"https:\/\/ladepeche.mr\/index.php?rest_route=\/wp\/v2\/posts\/10870","targetHints":{"allow":["GET"]}}],"collection":[{"href":"https:\/\/ladepeche.mr\/index.php?rest_route=\/wp\/v2\/posts"}],"about":[{"href":"https:\/\/ladepeche.mr\/index.php?rest_route=\/wp\/v2\/types\/post"}],"author":[{"embeddable":true,"href":"https:\/\/ladepeche.mr\/index.php?rest_route=\/wp\/v2\/users\/2"}],"replies":[{"embeddable":true,"href":"https:\/\/ladepeche.mr\/index.php?rest_route=%2Fwp%2Fv2%2Fcomments&post=10870"}],"version-history":[{"count":1,"href":"https:\/\/ladepeche.mr\/index.php?rest_route=\/wp\/v2\/posts\/10870\/revisions"}],"predecessor-version":[{"id":10872,"href":"https:\/\/ladepeche.mr\/index.php?rest_route=\/wp\/v2\/posts\/10870\/revisions\/10872"}],"wp:featuredmedia":[{"embeddable":true,"href":"https:\/\/ladepeche.mr\/index.php?rest_route=\/wp\/v2\/media\/10871"}],"wp:attachment":[{"href":"https:\/\/ladepeche.mr\/index.php?rest_route=%2Fwp%2Fv2%2Fmedia&parent=10870"}],"wp:term":[{"taxonomy":"category","embeddable":true,"href":"https:\/\/ladepeche.mr\/index.php?rest_route=%2Fwp%2Fv2%2Fcategories&post=10870"},{"taxonomy":"post_tag","embeddable":true,"href":"https:\/\/ladepeche.mr\/index.php?rest_route=%2Fwp%2Fv2%2Ftags&post=10870"}],"curies":[{"name":"wp","href":"https:\/\/api.w.org\/{rel}","templated":true}]}}