{"id":10877,"date":"2024-08-22T12:00:14","date_gmt":"2024-08-22T12:00:14","guid":{"rendered":"https:\/\/ladepeche.mr\/?p=10877"},"modified":"2024-08-22T10:50:17","modified_gmt":"2024-08-22T10:50:17","slug":"epidemie-de-la-variole-mpox-le-ministre-de-la-sante-appelle-a-renforcer-la-surveillance-epidemiologique","status":"publish","type":"post","link":"https:\/\/ladepeche.mr\/?p=10877","title":{"rendered":"Epid\u00e9mie de la variole (Mpox)- Le ministre de la sant\u00e9 appelle \u00e0 renforcer la surveillance \u00e9pid\u00e9miologique"},"content":{"rendered":"<p>\u00abRenforcer la vigilance, intensifier la surveillance \u00e9pid\u00e9miologique et les capacit\u00e9s de diagnostic et \u00e0 accro\u00eetre l&#8217;\u00e9tat d&#8217;alerte en pr\u00e9vision de toute \u00e9ventualit\u00e9 sanitaire \u00bb telles sont les consignes faites par le nouveau ministre de la sant\u00e9 aux responsables de son d\u00e9partement.<\/p>\n<p>Pour le ministre qui pr\u00e9sidait une r\u00e9union ax\u00e9e sur la nouvelle dynamique d\u2019action du gouvernement, il faut \u00ab\u00a0redoubler d&#8217;efforts pour prendre les pr\u00e9cautions n\u00e9cessaires (\u2026) qu\u2019il s&#8217;agisse de la variole du singe, de la fi\u00e8vre h\u00e9morragique ou d&#8217;autres maladies \u00e9pid\u00e9miques\u00a0\u00bb.<\/p>\n<p>Le ministre a enfin inscrit dans le cadre de la mise en \u0153uvre du programme d\u2019une pr\u00e9sident Ghazouani.<\/p>\n<p>Rappelons que la r\u00e9union, consacr\u00e9e au suivi de l&#8217;\u00e9volution de la situation sanitaire dans certains pays du continent et du monde, marqu\u00e9e par l&#8217;apparition de cas de variole du singe, avait \u00e9t\u00e9 \u00e9largie, par visioconf\u00e9rence, \u00e0 d\u2019autres responsables r\u00e9gionaux.<\/p>\n<p>&nbsp;<\/p>\n","protected":false},"excerpt":{"rendered":"<p>\u00abRenforcer la vigilance, intensifier la surveillance \u00e9pid\u00e9miologique et les capacit\u00e9s de diagnostic et \u00e0 accro\u00eetre l&#8217;\u00e9tat d&#8217;alerte en pr\u00e9vision de toute \u00e9ventualit\u00e9 sanitaire \u00bb telles sont les consignes faites par le nouveau ministre de la sant\u00e9 aux responsables de son d\u00e9partement. Pour le ministre qui pr\u00e9sidait une r\u00e9union ax\u00e9e sur la nouvelle dynamique d\u2019action du &hellip;<\/p>\n","protected":false},"author":2,"featured_media":10878,"comment_status":"open","ping_status":"open","sticky":false,"template":"","format":"standard","meta":{"footnotes":""},"categories":[18,27],"tags":[],"class_list":["post-10877","post","type-post","status-publish","format-standard","has-post-thumbnail","hentry","category-actualites","category-sante"],"_links":{"self":[{"href":"https:\/\/ladepeche.mr\/index.php?rest_route=\/wp\/v2\/posts\/10877","targetHints":{"allow":["GET"]}}],"collection":[{"href":"https:\/\/ladepeche.mr\/index.php?rest_route=\/wp\/v2\/posts"}],"about":[{"href":"https:\/\/ladepeche.mr\/index.php?rest_route=\/wp\/v2\/types\/post"}],"author":[{"embeddable":true,"href":"https:\/\/ladepeche.mr\/index.php?rest_route=\/wp\/v2\/users\/2"}],"replies":[{"embeddable":true,"href":"https:\/\/ladepeche.mr\/index.php?rest_route=%2Fwp%2Fv2%2Fcomments&post=10877"}],"version-history":[{"count":1,"href":"https:\/\/ladepeche.mr\/index.php?rest_route=\/wp\/v2\/posts\/10877\/revisions"}],"predecessor-version":[{"id":10879,"href":"https:\/\/ladepeche.mr\/index.php?rest_route=\/wp\/v2\/posts\/10877\/revisions\/10879"}],"wp:featuredmedia":[{"embeddable":true,"href":"https:\/\/ladepeche.mr\/index.php?rest_route=\/wp\/v2\/media\/10878"}],"wp:attachment":[{"href":"https:\/\/ladepeche.mr\/index.php?rest_route=%2Fwp%2Fv2%2Fmedia&parent=10877"}],"wp:term":[{"taxonomy":"category","embeddable":true,"href":"https:\/\/ladepeche.mr\/index.php?rest_route=%2Fwp%2Fv2%2Fcategories&post=10877"},{"taxonomy":"post_tag","embeddable":true,"href":"https:\/\/ladepeche.mr\/index.php?rest_route=%2Fwp%2Fv2%2Ftags&post=10877"}],"curies":[{"name":"wp","href":"https:\/\/api.w.org\/{rel}","templated":true}]}}