{"id":10903,"date":"2024-08-23T12:49:57","date_gmt":"2024-08-23T12:49:57","guid":{"rendered":"https:\/\/ladepeche.mr\/?p=10903"},"modified":"2024-08-23T12:49:57","modified_gmt":"2024-08-23T12:49:57","slug":"apres-la-rencontre-avec-emmanuel-macron-et-le-nfp-lucie-castets-salue-une-discussion-tres-riche-mais","status":"publish","type":"post","link":"https:\/\/ladepeche.mr\/?p=10903","title":{"rendered":"Apr\u00e8s la rencontre avec Emmanuel Macron et le NFP, Lucie Castets salue une \u00ab discussion tr\u00e8s riche \u00bb, mais\u2026"},"content":{"rendered":"<p>La candidate pour Matignon Lucie Castets a indiqu\u00e9 avoir eu une\u00a0<em>\u00ab<\/em>\u00a0<em>une discussion tr\u00e8s riche\u00a0\u00bb<\/em>\u00a0avec Emmanuel Macron, lors de la rencontre entre Emmanuel Macron et les responsables du Nouveau Front populaire, ce vendredi 23\u00a0ao\u00fbt. Il s\u2019agit d&#8217;<em>\u00ab\u00a0une s\u00e9rie d\u2019\u00e9changes\u00a0\u00bb<\/em>, en vue de tenter de constituer un gouvernement. Une mani\u00e8re, pour l\u2019alliance de gauche, de maintenir la pression sur Emmanuel Macron et d\u00e9jouer son braquage d\u00e9mocratique.<\/p>\n<p>Plus d\u2019un mois apr\u00e8s que\u00a0<a href=\"https:\/\/www.humanite.fr\/politique\/legislatives-2024\/legislatives-2024-le-nouveau-front-populaire-cree-la-surprise-et-remporte-une-victoire-historique\" target=\"_blank\" rel=\"noopener\" data-type=\"link\" data-id=\"https:\/\/www.humanite.fr\/politique\/legislatives-2024\/legislatives-2024-le-nouveau-front-populaire-cree-la-surprise-et-remporte-une-victoire-historique\">le Nouveau Front populaire cr\u00e9\u00e9 la surprise<\/a>\u00a0et arrive en t\u00eate du second tour des \u00e9lections l\u00e9gislatives, l\u2019alliance de gauche et la candidate pour Matignon Lucie Castets ont rencontr\u00e9, ce vendredi 23\u00a0ao\u00fbt au matin, le chef de l\u2019\u00c9tat. Le NFP y voit une\u00a0<a href=\"https:\/\/www.humanite.fr\/politique\/emmanuel-macron\/universite-dete-les-12-travaux-de-la-gauche-pour-gouverner\" target=\"_blank\" rel=\"noopener\" data-type=\"link\" data-id=\"https:\/\/www.humanite.fr\/politique\/emmanuel-macron\/universite-dete-les-12-travaux-de-la-gauche-pour-gouverner\">occasion de maintenir la pression<\/a>\u00a0sur le chef de l\u2019\u00c9tat, qui ne tient pas compte des r\u00e9sultats des \u00e9lections, apr\u00e8s avoir unilat\u00e9ralement exig\u00e9 un mois plus t\u00f4t une<em>\u00a0\u00ab\u00a0<a href=\"https:\/\/www.humanite.fr\/politique\/emmanuel-macron\/en-attendant-le-20-heures-emmanuel-macron-plaide-pour-une-treve-politique-pendant-les-jo\" target=\"_blank\" rel=\"noopener\" data-type=\"link\" data-id=\"https:\/\/www.humanite.fr\/politique\/emmanuel-macron\/en-attendant-le-20-heures-emmanuel-macron-plaide-pour-une-treve-politique-pendant-les-jo\">tr\u00eave politique<\/a>\u00a0\u00bb<\/em>\u00a0pendant les Jeux olympiques.<\/p>\n<p><em>\u00ab<\/em>\u00a0<em>Nous sommes extr\u00eamement satisfaits d\u2019avoir \u00e9t\u00e9 re\u00e7us tous ensemble par le pr\u00e9sident de la R\u00e9publique\u00a0\u00bb<\/em>\u00a0a d\u00e9clar\u00e9 Lucie Castets apr\u00e8s la rencontre, saluant\u00a0<em>\u00ab<\/em>\u00a0<em>une discussion tr\u00e8s riche\u00a0\u00bb.\u00a0\u00ab\u00a0Nous nous satisfaisons du fait qu\u2019il a reconnu qu\u2019un message avait \u00e9t\u00e9 envoy\u00e9 par les Fran\u00e7ais lors des derni\u00e8res \u00e9lections, et que ce message, c\u2019est le souhait d\u2019un changement d\u2019orientation politique\u00a0\u00bb\u00a0<\/em>a-t-elle d\u00e9clar\u00e9, ajoutant\u00a0:<em>\u00a0\u00ab<\/em>\u00a0<em>Le pr\u00e9sident est lucide sur cela.\u00a0\u00bb<\/em><\/p>\n<p>La haute fonctionnaire est cependant rest\u00e9e vigilante\u00a0:\u00a0<em>\u00ab<\/em>\u00a0<em>la tentation semble pr\u00e9sente pour le pr\u00e9sident de composer son gouvernement\u00a0\u00bb<\/em>, rappelant qu\u2019elle se tenait\u00a0<em>\u00ab<\/em>\u00a0pr\u00eate\u00a0<em>\u00bb<\/em>, dans le but de\u00a0<em>\u00ab<\/em>\u00a0<em>construire ces coalitions, discuter avec les autres forces politiques pour\u00a0essayer de trouver un chemin pour assurer la stabilit\u00e9 du pays et permettre enfin de r\u00e9pondre aux urgences exprim\u00e9es par les Fran\u00e7ais\u00a0\u00bb<\/em>.<\/p>\n<h2 class=\"wp-block-heading\">\u00ab\u00a0Il n\u2019y a qu\u2019une seule proposition tangible, c\u2019est la n\u00f4tre\u00a0\u00bb<\/h2>\n<p>Cette rencontre est la premi\u00e8re de la\u00a0<em>\u00ab\u00a0s\u00e9rie d\u2019\u00e9changes\u00a0\u00bb<\/em>\u00a0organis\u00e9e par Emmanuel Macron, qui a convi\u00e9 les chefs des groupes parlementaires et les chefs des partis repr\u00e9sent\u00e9s au Parlement, en vue de tenter de constituer un gouvernement. La veille de ces rencontres, l\u2019\u00c9lys\u00e9e avait confirm\u00e9, la nomination d\u2019un premier ministre\u00a0<em>\u00ab\u00a0assez rapidement\u00a0<\/em>\u00bb apr\u00e8s les \u00e9changes, en omettant de fournir un quelconque calendrier.<\/p>\n<p>En sortant de l\u2019Elys\u00e9e, le coordinateur national de la France insoumise Manuel Bompard a quant \u00e0 lui d\u00e9plor\u00e9\u00a0:\u00a0<em>\u00ab<\/em>\u00a0<em>Le pr\u00e9sident de la R\u00e9publique n\u2019avait pas l\u2019air de consid\u00e9rer particuli\u00e8rement incongru ou probl\u00e9matique le fait que nous battons aujourd\u2019hui le record de la IV<sup>e<\/sup>\u00a0R\u00e9publique sur la dur\u00e9e de vie d\u2019un gouvernement d\u00e9missionnaire<\/em>.\u00a0<em>\u00bb<\/em><\/p>\n<p>Des \u00e9changes qui ont \u00e9galement fait r\u00e9agir le premier secr\u00e9taire du Parti socialiste Olivier Faure\u00a0:\u00a0<em>\u00ab\u00a0Le pr\u00e9sident a reconnu tr\u00e8s clairement que la stabilit\u00e9 qu\u2019il appelle de ses v\u0153ux ne signifie pas la continuit\u00e9 de la politique qui a \u00e9t\u00e9 jusqu\u2019ici conduite par le chef de l\u2019\u00c9tat lui-m\u00eame\u00a0\u00bb<\/em>\u00a0a-t-il d\u00e9clar\u00e9, ass\u00e9nant\u00a0:\u00a0<em>\u00ab\u00a0il n\u2019y a qu\u2019une seule proposition tangible, c\u2019est la n\u00f4tre\u00a0\u00bb<\/em>.<\/p>\n<p>Le secr\u00e9taire national du PCF Fabien Roussel a indiqu\u00e9 dans la foul\u00e9e, au micro de BFMTV, que le Pr\u00e9sident avait confirm\u00e9 qu\u2019<em>\u00ab\u00a0\u00e0 l\u2019issue des discussions\u00a0\u00bb<\/em>\u00a0Emmanuel Macron<em>\u00a0\u00ab<\/em>\u00a0<em>nommerait un ou une premi\u00e8re ministre\u00a0\u00bb.<\/em>\u00a0<em>\u00ab\u00a0Il est temps quand m\u00eame\u00a0\u00bb<\/em>, s\u2019est-il exclam\u00e9. La cheffe de file des \u00c9cologistes Marine Tondelier a elle aussi demand\u00e9 la fin de\u00a0<em>\u00ab\u00a0ce feuilleton institutionnel\u00a0\u00bb<\/em>, ajoutant qu\u2019il s\u2019agissait d\u2019une\u00a0<em>\u00ab<\/em>\u00a0<em>forme d\u2019obstruction\u00a0\u00bb<\/em>.<\/p>\n<h2 class=\"wp-block-heading\">Une volont\u00e9 pour le NFP de \u00ab\u00a0se mettre au travail\u00a0\u00bb<\/h2>\n<p><a href=\"https:\/\/x.com\/franceinfo\/status\/1826901140941713633\" target=\"_blank\" rel=\"noopener\" data-type=\"link\" data-id=\"https:\/\/x.com\/franceinfo\/status\/1826901140941713633\">Avant la rencontre<\/a>\u00a0\u00e0 l\u2019\u00c9lys\u00e9e<em>,<\/em>\u00a0Lucie Castets a d\u00e9clar\u00e9 que le NFP \u00e9tait pr\u00eat\u00a0<em>\u00ab\u00a0\u00e0 gouverner\u00a0\u00bb<\/em>, pr\u00e9cisant que si le chef de l\u2019\u00c9tat ne la nommait pas premi\u00e8re ministre, celui-ci\u00a0<em>\u00ab\u00a0enverrait le signal aux Fran\u00e7ais qu\u2019il n\u2019a pas entendu la demande du peuple fran\u00e7ais d\u2019un changement de direction et d\u2019un changement de m\u00e9thode\u00a0\u00bb<\/em>.<\/p>\n<p>Une position partag\u00e9e par l\u2019ensemble des responsables de l\u2019alliance de gauche.\u00a0<a href=\"https:\/\/www.humanite.fr\/politique\/emmanuel-macron\/nfp-ce-que-contient-la-lettre-de-lucie-castets-aux-francais\" target=\"_blank\" rel=\"noopener\" data-type=\"link\" data-id=\"https:\/\/www.humanite.fr\/politique\/emmanuel-macron\/nfp-ce-que-contient-la-lettre-de-lucie-castets-aux-francais\">La haute fonctionnaire<\/a>, toujours la veille de la rencontre, a sign\u00e9 une lettre aux Fran\u00e7ais avec Manuel Bompard (FI), Olivier Faure (PS), Marine Tondelier (les \u00c9cologistes) et\u00a0<a href=\"https:\/\/www.humanite.fr\/politique\/extreme-droite\/legislatives-2024-fabien-roussel-appelle-a-rester-debout-pour-defendre-nos-valeurs\" target=\"_blank\" rel=\"noreferrer noopener\">Fabien Roussel (PCF)<\/a>.<\/p>\n<p>Le courrier rappelait que la coalition \u00e9tait arriv\u00e9e en t\u00eate, et que leur devoir \u00e9tait de \u00ab\u00a0<em>former un gouvernement, chercher des accords au sein du Parlement et\u00a0<\/em>[de]\u00a0<em>se mettre au travail.\u00a0<\/em>\u00bb<\/p>\n<h2 class=\"wp-block-heading\">Un appel \u00e0 \u00ab\u00a0faire preuve de responsabilit\u00e9\u00a0\u00bb<\/h2>\n<p><em>\u00ab\u00a0<a href=\"https:\/\/x.com\/franceinfo\/status\/1826863348333285713\" target=\"_blank\" rel=\"noopener\" data-type=\"link\" data-id=\"https:\/\/x.com\/franceinfo\/status\/1826863348333285713\">J\u2019ai un scoop\u00a0: nous sommes pr\u00eats\u00a0!<\/a><\/em>\u00a0<em>Si nous allons \u00e0 Matignon, ce n\u2019est pas pour faire de la figuration mais c\u2019est pour gouverner\u00a0\u00bb<\/em>\u00a0a abond\u00e9, sur\u00a0<em>franceinfo<\/em>, l\u2019eurod\u00e9put\u00e9e LFI Manon Aubry, quelques heures avant la rencontre entre le NFP et l\u2019Elys\u00e9e.<\/p>\n<p>Une position grandement partag\u00e9e par Fabien Roussel, qui a d\u00e9clar\u00e9, sur RTL\u00a0:\u00a0<em>\u00ab\u00a0<a href=\"https:\/\/x.com\/RTLFrance\/status\/1826499517656826298\" target=\"_blank\" rel=\"noopener\" data-type=\"link\" data-id=\"https:\/\/x.com\/RTLFrance\/status\/1826499517656826298\">Il est d\u2019usage que le pr\u00e9sident de la R\u00e9publique<\/a>\u00a0nomme le premier ministre issu de la coalition arriv\u00e9e en t\u00eate. Aujourd\u2019hui, il ne le fait pas (\u2026) pour pouvoir continuer \u00e0 mener la politique qu\u2019il m\u00e8ne depuis sept ans et que les Fran\u00e7ais rejettent\u00a0\u00bb<\/em>.<\/p>\n<p>Le premier secr\u00e9taire du parti socialiste Olivier Faure a \u00e9galement d\u00e9plor\u00e9 la position du chef de l\u2019\u00c9tat, qui cherchait<em>\u00a0\u00ab\u00a0\u00e0 contourner le choix des Fran\u00e7ais\u00a0\u00bb<\/em>, et a affirm\u00e9, sur X (ex-Twitter) que l\u2019alliance de gauche devait, lors de la rencontre avec Emmanuel Macron,\u00a0<em>\u00ab\u00a0faire preuve de responsabilit\u00e9\u00a0\u00bb<\/em>\u00a0en montrant qu\u2019il s\u2019agissait de\u00a0<em>\u00ab\u00a0la force qui assure au pays justice et stabilit\u00e9\u00a0\u00bb<\/em>.<\/p>\n<p>Marine Tondelier, secr\u00e9taire nationale des \u00c9cologistes est all\u00e9e dans ce sens, lors d\u2019une interview pour BFMTV\u00a0:\u00a0<em>\u00ab\u00a0<a href=\"https:\/\/x.com\/marinetondelier\/status\/1826714710240362531\" target=\"_blank\" rel=\"noopener\" data-type=\"link\" data-id=\"https:\/\/x.com\/marinetondelier\/status\/1826714710240362531\">Pas de majorit\u00e9 absolue, mais une coalition stable et coh\u00e9rente<\/a>\u00a0\u00bb<\/em>, a-t-elle d\u00e9clar\u00e9.<\/p>\n<p>En parall\u00e8le de cette rencontre, Lucie Castets compte continuer ces prochains jours son tour de France des universit\u00e9s d\u2019\u00e9t\u00e9 des partis du NFP afin de rencontrer \u00e9lus et militants.\u00a0<a href=\"https:\/\/www.humanite.fr\/politique\/les-ecologistes\/pour-son-premier-meeting-lucie-castets-enchante-les-ecolos\" target=\"_blank\" rel=\"noopener\">Apr\u00e8s celle des \u00c9cologistes<\/a>\u00a0jeudi 22\u00a0ao\u00fbt, elle sera en compagnie de Fabien Roussel et des communistes\u00a0<a href=\"https:\/\/www.humanite.fr\/politique\/cecile-cukierman\/universite-dete-pour-le-pcf-une-rentree-pleine-de-paradoxes\" target=\"_blank\" rel=\"noopener\">ce vendredi 23\u00a0ao\u00fbt \u00e0 Montpellier<\/a> et le jour suivant pr\u00e8s de Valence avec Manuel Bompard et les Insoumis. Des rencontres qui s\u2019ach\u00e8veront le week-end suivant avec les socialistes.<\/p>\n<p>https:\/\/www.humanite.fr\/politique\/emmanuel-macron\/apres-la-rencontre-avec-emmanuel-macron-et-le-nfp-lucie-castets-salue-une-discussion-tres-riche-mais?utm_source=onesignal&#038;utm_medium=push&#038;utm_campaign=2024-08-23-<\/p>\n","protected":false},"excerpt":{"rendered":"<p>La candidate pour Matignon Lucie Castets a indiqu\u00e9 avoir eu une\u00a0\u00ab\u00a0une discussion tr\u00e8s riche\u00a0\u00bb\u00a0avec Emmanuel Macron, lors de la rencontre entre Emmanuel Macron et les responsables du Nouveau Front populaire, ce vendredi 23\u00a0ao\u00fbt. Il s\u2019agit d&#8217;\u00ab\u00a0une s\u00e9rie d\u2019\u00e9changes\u00a0\u00bb, en vue de tenter de constituer un gouvernement. Une mani\u00e8re, pour l\u2019alliance de gauche, de maintenir la &hellip;<\/p>\n","protected":false},"author":2,"featured_media":10904,"comment_status":"open","ping_status":"open","sticky":false,"template":"","format":"standard","meta":{"footnotes":""},"categories":[18,29],"tags":[],"class_list":["post-10903","post","type-post","status-publish","format-standard","has-post-thumbnail","hentry","category-actualites","category-monde"],"_links":{"self":[{"href":"https:\/\/ladepeche.mr\/index.php?rest_route=\/wp\/v2\/posts\/10903","targetHints":{"allow":["GET"]}}],"collection":[{"href":"https:\/\/ladepeche.mr\/index.php?rest_route=\/wp\/v2\/posts"}],"about":[{"href":"https:\/\/ladepeche.mr\/index.php?rest_route=\/wp\/v2\/types\/post"}],"author":[{"embeddable":true,"href":"https:\/\/ladepeche.mr\/index.php?rest_route=\/wp\/v2\/users\/2"}],"replies":[{"embeddable":true,"href":"https:\/\/ladepeche.mr\/index.php?rest_route=%2Fwp%2Fv2%2Fcomments&post=10903"}],"version-history":[{"count":1,"href":"https:\/\/ladepeche.mr\/index.php?rest_route=\/wp\/v2\/posts\/10903\/revisions"}],"predecessor-version":[{"id":10905,"href":"https:\/\/ladepeche.mr\/index.php?rest_route=\/wp\/v2\/posts\/10903\/revisions\/10905"}],"wp:featuredmedia":[{"embeddable":true,"href":"https:\/\/ladepeche.mr\/index.php?rest_route=\/wp\/v2\/media\/10904"}],"wp:attachment":[{"href":"https:\/\/ladepeche.mr\/index.php?rest_route=%2Fwp%2Fv2%2Fmedia&parent=10903"}],"wp:term":[{"taxonomy":"category","embeddable":true,"href":"https:\/\/ladepeche.mr\/index.php?rest_route=%2Fwp%2Fv2%2Fcategories&post=10903"},{"taxonomy":"post_tag","embeddable":true,"href":"https:\/\/ladepeche.mr\/index.php?rest_route=%2Fwp%2Fv2%2Ftags&post=10903"}],"curies":[{"name":"wp","href":"https:\/\/api.w.org\/{rel}","templated":true}]}}