{"id":10906,"date":"2024-08-23T14:00:46","date_gmt":"2024-08-23T14:00:46","guid":{"rendered":"https:\/\/ladepeche.mr\/?p=10906"},"modified":"2024-08-23T12:53:32","modified_gmt":"2024-08-23T12:53:32","slug":"lancement-dune-journee-de-sensibilisation-a-la-lutte-contre-la-traite-des-personnes","status":"publish","type":"post","link":"https:\/\/ladepeche.mr\/?p=10906","title":{"rendered":"Lancement d\u2019une journ\u00e9e de sensibilisation \u00e0 la lutte contre la traite des personnes"},"content":{"rendered":"<p>Une caravane r\u00e9gionale de sensibilisation \u00e0 la lutte contre la traite des personnes, organis\u00e9e par l\u2019Autorit\u00e9 nationale de lutte contre la traite des personnes et le trafic illicite de migrants, dans le cadre de la comm\u00e9moration de la Journ\u00e9e mondiale contre la traite des \u00eatres humains sous le slogan : \u00ab Ne laissons aucun enfant de c\u00f4t\u00e9 \u00bb, a \u00e9t\u00e9 lanc\u00e9e, hier, jeudi \u00e0 Aleg.<\/p>\n<p>Le wali mou\u00e7aid du Brakna, M. abdel Fatah Ould Ahmed, qui a supervis\u00e9 la c\u00e9r\u00e9monie de lancement, a indiqu\u00e9 que l\u2019arsenal juridique mauritanien lutte contre forme de traite des personnes et pratique d\u2019esclavage.<\/p>\n<p>Pour sa part, le maire de la commune d\u2019Aleg, M. Yousouf Ould Cheikh El Ghadi a pr\u00e9cis\u00e9 que l\u2019organisation de cette caravane de sensibilisation d\u00e9montre que la Mauritanie est d\u00e9termin\u00e9e \u00e0 lutter contre la traite des \u00eatres humains conform\u00e9ment \u00e0 l\u2019attention qu\u2019accorde le Pr\u00e9sident de la R\u00e9publique, Son Excellence Monsieur Mohamed Ould Cheikh El Ghazouani aux droits de l\u2019Homme.<\/p>\n<p>La c\u00e9r\u00e9monie s\u2019est d\u00e9roul\u00e9e en pr\u00e9sence du pr\u00e9sident et des membres du forum r\u00e9gional des organisations de la soci\u00e9t\u00e9 civile au Brakna.<\/p>\n<p>Ami<\/p>\n","protected":false},"excerpt":{"rendered":"<p>Une caravane r\u00e9gionale de sensibilisation \u00e0 la lutte contre la traite des personnes, organis\u00e9e par l\u2019Autorit\u00e9 nationale de lutte contre la traite des personnes et le trafic illicite de migrants, dans le cadre de la comm\u00e9moration de la Journ\u00e9e mondiale contre la traite des \u00eatres humains sous le slogan : \u00ab Ne laissons aucun enfant &hellip;<\/p>\n","protected":false},"author":2,"featured_media":10907,"comment_status":"open","ping_status":"open","sticky":false,"template":"","format":"standard","meta":{"footnotes":""},"categories":[18,15],"tags":[],"class_list":["post-10906","post","type-post","status-publish","format-standard","has-post-thumbnail","hentry","category-actualites","category-culture"],"_links":{"self":[{"href":"https:\/\/ladepeche.mr\/index.php?rest_route=\/wp\/v2\/posts\/10906","targetHints":{"allow":["GET"]}}],"collection":[{"href":"https:\/\/ladepeche.mr\/index.php?rest_route=\/wp\/v2\/posts"}],"about":[{"href":"https:\/\/ladepeche.mr\/index.php?rest_route=\/wp\/v2\/types\/post"}],"author":[{"embeddable":true,"href":"https:\/\/ladepeche.mr\/index.php?rest_route=\/wp\/v2\/users\/2"}],"replies":[{"embeddable":true,"href":"https:\/\/ladepeche.mr\/index.php?rest_route=%2Fwp%2Fv2%2Fcomments&post=10906"}],"version-history":[{"count":1,"href":"https:\/\/ladepeche.mr\/index.php?rest_route=\/wp\/v2\/posts\/10906\/revisions"}],"predecessor-version":[{"id":10908,"href":"https:\/\/ladepeche.mr\/index.php?rest_route=\/wp\/v2\/posts\/10906\/revisions\/10908"}],"wp:featuredmedia":[{"embeddable":true,"href":"https:\/\/ladepeche.mr\/index.php?rest_route=\/wp\/v2\/media\/10907"}],"wp:attachment":[{"href":"https:\/\/ladepeche.mr\/index.php?rest_route=%2Fwp%2Fv2%2Fmedia&parent=10906"}],"wp:term":[{"taxonomy":"category","embeddable":true,"href":"https:\/\/ladepeche.mr\/index.php?rest_route=%2Fwp%2Fv2%2Fcategories&post=10906"},{"taxonomy":"post_tag","embeddable":true,"href":"https:\/\/ladepeche.mr\/index.php?rest_route=%2Fwp%2Fv2%2Ftags&post=10906"}],"curies":[{"name":"wp","href":"https:\/\/api.w.org\/{rel}","templated":true}]}}