{"id":10909,"date":"2024-08-23T17:10:06","date_gmt":"2024-08-23T17:10:06","guid":{"rendered":"https:\/\/ladepeche.mr\/?p=10909"},"modified":"2024-08-23T17:10:28","modified_gmt":"2024-08-23T17:10:28","slug":"meurtre-au-cabanon3-actualise-le-frere-de-la-victime-en-route-pour-nouadhibou","status":"publish","type":"post","link":"https:\/\/ladepeche.mr\/?p=10909","title":{"rendered":"Meurtre au cabanon3 (actualis\u00e9) : Le fr\u00e8re de la victime en route pour Nouadhibou"},"content":{"rendered":"<p class=\"p1\"><span class=\"s1\">Le jeune homme assassin\u00e9, dans la <\/span>nuit de jeudi \u00e0 vendredi au Cabanon, \u00e0 Nouadhibou, est aujourd\u2019hui identifi\u00e9 comme \u00e9tant Mahjoub Beylat (photo), ressortissant marocain de la ville de Laayoune.<\/p>\n<p class=\"p1\"><span class=\"s1\">Si les circonstances de son assassinat restent encore un myst\u00e8re, on apprend que son fr\u00e8re, un d\u00e9put\u00e9 marocain, a pris la route en direction de Nouadhibou o\u00f9 il entendrait s\u2019informer des conditions atroces de la disparition de son jeune fr\u00e8re.<\/span><\/p>\n<p class=\"p1\"><span class=\"s1\">Selon les premi\u00e8res informations, la victime, Mahjoub Beylat. la trentaine, avait sauvagement \u00e9t\u00e9 assassin\u00e9. Les auteurs du crime l\u2019auraient ligot\u00e9, pieds et mains li\u00e9s, avant de lui ass\u00e9ner un coup mortel au cr\u00e2ne.<\/span><\/p>\n<p class=\"p1\"><span class=\"s1\">En attendant les conclusions officielles du m\u00e9decin l\u00e9giste et m\u00eame si l\u2019on ne connait pas encore les v\u00e9ritables motivations li\u00e9es \u00e0 ce meurtre visiblement pr\u00e9m\u00e9dit\u00e9, beaucoup de sources concluent \u00e0 un crime crapuleux suite \u00e0 un r\u00e8glement de compte entre la victime et son (ses) bourreau.<br \/>\nUne enqu\u00eate est ouverte par le parquet de Nouadhibou pour d\u00e9terminer les circonstances et \u00e9lucider les raisons du meurtre de ce jeune marocain.<\/span><\/p>\n","protected":false},"excerpt":{"rendered":"<p>Le jeune homme assassin\u00e9, dans la nuit de jeudi \u00e0 vendredi au Cabanon, \u00e0 Nouadhibou, est aujourd\u2019hui identifi\u00e9 comme \u00e9tant Mahjoub Beylat (photo), ressortissant marocain de la ville de Laayoune. Si les circonstances de son assassinat restent encore un myst\u00e8re, on apprend que son fr\u00e8re, un d\u00e9put\u00e9 marocain, a pris la route en direction de &hellip;<\/p>\n","protected":false},"author":2,"featured_media":10910,"comment_status":"open","ping_status":"open","sticky":false,"template":"","format":"standard","meta":{"footnotes":""},"categories":[18],"tags":[],"class_list":["post-10909","post","type-post","status-publish","format-standard","has-post-thumbnail","hentry","category-actualites"],"_links":{"self":[{"href":"https:\/\/ladepeche.mr\/index.php?rest_route=\/wp\/v2\/posts\/10909","targetHints":{"allow":["GET"]}}],"collection":[{"href":"https:\/\/ladepeche.mr\/index.php?rest_route=\/wp\/v2\/posts"}],"about":[{"href":"https:\/\/ladepeche.mr\/index.php?rest_route=\/wp\/v2\/types\/post"}],"author":[{"embeddable":true,"href":"https:\/\/ladepeche.mr\/index.php?rest_route=\/wp\/v2\/users\/2"}],"replies":[{"embeddable":true,"href":"https:\/\/ladepeche.mr\/index.php?rest_route=%2Fwp%2Fv2%2Fcomments&post=10909"}],"version-history":[{"count":2,"href":"https:\/\/ladepeche.mr\/index.php?rest_route=\/wp\/v2\/posts\/10909\/revisions"}],"predecessor-version":[{"id":10912,"href":"https:\/\/ladepeche.mr\/index.php?rest_route=\/wp\/v2\/posts\/10909\/revisions\/10912"}],"wp:featuredmedia":[{"embeddable":true,"href":"https:\/\/ladepeche.mr\/index.php?rest_route=\/wp\/v2\/media\/10910"}],"wp:attachment":[{"href":"https:\/\/ladepeche.mr\/index.php?rest_route=%2Fwp%2Fv2%2Fmedia&parent=10909"}],"wp:term":[{"taxonomy":"category","embeddable":true,"href":"https:\/\/ladepeche.mr\/index.php?rest_route=%2Fwp%2Fv2%2Fcategories&post=10909"},{"taxonomy":"post_tag","embeddable":true,"href":"https:\/\/ladepeche.mr\/index.php?rest_route=%2Fwp%2Fv2%2Ftags&post=10909"}],"curies":[{"name":"wp","href":"https:\/\/api.w.org\/{rel}","templated":true}]}}