{"id":10918,"date":"2024-08-24T08:30:57","date_gmt":"2024-08-24T08:30:57","guid":{"rendered":"https:\/\/ladepeche.mr\/?p=10918"},"modified":"2024-08-24T10:03:48","modified_gmt":"2024-08-24T10:03:48","slug":"larabie-saoudite-accueillera-en-octobre-prochain-une-conference-des-donateurs-pour-soutenir-les-deplaces-et-les-refugies-dans-la-region-du-sahel-et-du-lac-tchad","status":"publish","type":"post","link":"https:\/\/ladepeche.mr\/?p=10918","title":{"rendered":"L\u2019Arabie saoudite accueillera en octobre prochain une conf\u00e9rence des donateurs pour soutenir les d\u00e9plac\u00e9s et les r\u00e9fugi\u00e9s dans la r\u00e9gion du Sahel et du lac Tchad."},"content":{"rendered":"<p>En r\u00e9ponse \u00e0 la grave crise humanitaire au Nigeria, au Niger, au Tchad, au Cameroun, au Burkina Faso et au Mali, le Royaume d\u2019Arabie Saoudite, repr\u00e9sent\u00e9 par le Centre d\u2019aide humanitaire et de secours Roi Salmane, a annonc\u00e9 qu\u2019il organiserait une conf\u00e9rence des donateurs pour soutenir les d\u00e9plac\u00e9s et les r\u00e9fugi\u00e9s dans la r\u00e9gion du Sahel et du Lac Tchad le 26 octobre 2024, en coop\u00e9ration avec l\u2019Organisation de la coop\u00e9ration islamique, et en coordination avec le Bureau des Nations Unies pour la coordination des affaires humanitaires et le Haut Commissariat des Nations Unies pour les r\u00e9fugi\u00e9s.<\/p>\n<p>La conf\u00e9rence vise \u00e0 mobiliser des ressources pour des initiatives humanitaires et de d\u00e9veloppement ciblant les populations touch\u00e9es, y compris les personnes d\u00e9plac\u00e9es et les r\u00e9fugi\u00e9s, avec un accent particulier sur les plans d\u2019intervention humanitaire coordonn\u00e9s des Nations Unies, en plus de sensibiliser davantage \u00e0 cette crise aux multiples facettes et d\u2019y r\u00e9pondre en \u00e9tablissant des partenariats solides pour am\u00e9liorer l\u2019efficacit\u00e9 de la r\u00e9ponse humanitaire et un plus grand soutien aux solutions \u00e0 long terme.<\/p>\n<p>Les estimations des Nations Unies indiquent qu\u2019environ 33 millions de personnes ont un besoin urgent d\u2019aide humanitaire et de protection dans toute la r\u00e9gion du Sahel et du lac Tchad, dont 11 millions de personnes d\u00e9plac\u00e9es et de r\u00e9fugi\u00e9s dans la r\u00e9gion.<\/p>\n<p>Les pays du Sahel et du lac Tchad souffrent d\u2019une crise \u00e0 multiples facettes depuis plus d\u2019une d\u00e9cennie, alors que la r\u00e9gion est confront\u00e9e \u00e0 des d\u00e9fis majeurs qui ont conduit \u00e0 une instabilit\u00e9 sociale et \u00e9conomique en plus de la perturbation des moyens de subsistance et de l\u2019ass\u00e8chement du lac. Le Tchad, qui constitue l\u2019art\u00e8re principale de la vie de millions de personnes, a exacerb\u00e9 la situation humanitaire, qui n\u00e9cessite une intervention urgente.<\/p>\n<p>Son Excellence le Conseiller \u00e0 la Cour Royale et Superviseur G\u00e9n\u00e9ral du Centre de Secours Roi Salman, Dr Abdullah bin Abdulaziz Al-Rabiah, a exprim\u00e9 son engagement \u00e0 soutenir les habitants des r\u00e9gions du Sahel et du Lac Tchad, car cette conf\u00e9rence constitue une \u00e9tape d\u00e9cisive. en vue de mobiliser les ressources n\u00e9cessaires et d\u2019\u00e9tablir des partenariats pour r\u00e9pondre aux d\u00e9fis et aux besoins humanitaires urgents dans ces r\u00e9gions, soulignant qu\u2019ensemble, nous pouvons donner espoir et secours \u00e0 des millions de personnes.<\/p>\n<p>Le Secr\u00e9taire g\u00e9n\u00e9ral de l\u2019Organisation de la coop\u00e9ration islamique, Hussein Ibrahim Taha, a, \u00e0 son tour, exprim\u00e9 sa fiert\u00e9 de mettre en \u0153uvre la d\u00e9cision du Conseil des ministres des Affaires \u00e9trang\u00e8res des \u00c9tats membres de l\u2019OCI, alors que la conf\u00e9rence vise \u00e0 mobiliser l\u2019aide humanitaire pour soutenir les r\u00e9fugi\u00e9s et les d\u00e9plac\u00e9s. personnes dans les r\u00e9gions du Sahel et du Lac Tchad, appelant les \u00c9tats membres donateurs de l\u2019Organisation de la coop\u00e9ration islamique et les institutions. Les bailleurs de fonds et les partenaires internationaux doivent saisir cette opportunit\u00e9 et fournir les ressources financi\u00e8res n\u00e9cessaires pour contribuer \u00e0 am\u00e9liorer les conditions des communaut\u00e9s vuln\u00e9rables dans ces zones troubl\u00e9es. .<\/p>\n<p>Pour sa part, la Secr\u00e9taire g\u00e9n\u00e9rale adjointe par int\u00e9rim aux affaires humanitaires et Coordonnatrice des secours d\u2019urgence, Mme Joyce Msuya, a d\u00e9clar\u00e9 : \u00ab La r\u00e9gion du Sahel et du bassin du lac Tchad est confront\u00e9e \u00e0 une crise sans pr\u00e9c\u00e9dent, et cette conf\u00e9rence repr\u00e9sente une opportunit\u00e9 cruciale pour la communaut\u00e9 internationale. et les pays touch\u00e9s \u00e0 travailler ensemble pour mobiliser davantage de ressources et de soutien \u00ab non seulement pour une r\u00e9ponse humanitaire imm\u00e9diate, mais aussi pour aider la r\u00e9gion \u00e0 sortir de la crise et \u00e0 r\u00e9aliser son \u00e9norme potentiel \u00bb.<\/p>\n<p>Elle a ajout\u00e9 que les conflits, l\u2019instabilit\u00e9 et la violence continuent de pousser des millions de personnes \u00e0 fuir leurs foyers au Sahel et dans le bassin du lac Tchad, une r\u00e9gion du monde qui doit de plus en plus faire face aux effets d\u00e9stabilisateurs du changement climatique et de l\u2019ins\u00e9curit\u00e9 alimentaire.<\/p>\n<p>Le Haut Commissaire des Nations Unies pour les r\u00e9fugi\u00e9s, Filippo Grandi, a d\u00e9clar\u00e9 que nous devons nous efforcer d\u2019aider les populations d\u00e9plac\u00e9es de force et les communaut\u00e9s qui les accueillent, exprimant leur gratitude au Royaume d\u2019Arabie saoudite, \u00e0 l\u2019Organisation de la coop\u00e9ration islamique et \u00e0 nos partenaires pour leurs efforts visant \u00e0 mobiliser l\u2019attention et les ressources n\u00e9cessaires. pour rem\u00e9dier au grave d\u00e9ficit de financement que conna\u00eet la r\u00e9gion pour soutenir les r\u00e9fugi\u00e9s et les n\u00e9cessiteux.<\/p>\n<p>Au cours de la conf\u00e9rence, des discussions de haut niveau seront facilit\u00e9es pour r\u00e9pondre aux besoins urgents des communaut\u00e9s vuln\u00e9rables dans les zones touch\u00e9es.<br \/>\nAmi<\/p>\n","protected":false},"excerpt":{"rendered":"<p>En r\u00e9ponse \u00e0 la grave crise humanitaire au Nigeria, au Niger, au Tchad, au Cameroun, au Burkina Faso et au Mali, le Royaume d\u2019Arabie Saoudite, repr\u00e9sent\u00e9 par le Centre d\u2019aide humanitaire et de secours Roi Salmane, a annonc\u00e9 qu\u2019il organiserait une conf\u00e9rence des donateurs pour soutenir les d\u00e9plac\u00e9s et les r\u00e9fugi\u00e9s dans la r\u00e9gion du &hellip;<\/p>\n","protected":false},"author":2,"featured_media":1350,"comment_status":"open","ping_status":"open","sticky":false,"template":"","format":"standard","meta":{"footnotes":""},"categories":[18],"tags":[],"class_list":["post-10918","post","type-post","status-publish","format-standard","has-post-thumbnail","hentry","category-actualites"],"_links":{"self":[{"href":"https:\/\/ladepeche.mr\/index.php?rest_route=\/wp\/v2\/posts\/10918","targetHints":{"allow":["GET"]}}],"collection":[{"href":"https:\/\/ladepeche.mr\/index.php?rest_route=\/wp\/v2\/posts"}],"about":[{"href":"https:\/\/ladepeche.mr\/index.php?rest_route=\/wp\/v2\/types\/post"}],"author":[{"embeddable":true,"href":"https:\/\/ladepeche.mr\/index.php?rest_route=\/wp\/v2\/users\/2"}],"replies":[{"embeddable":true,"href":"https:\/\/ladepeche.mr\/index.php?rest_route=%2Fwp%2Fv2%2Fcomments&post=10918"}],"version-history":[{"count":1,"href":"https:\/\/ladepeche.mr\/index.php?rest_route=\/wp\/v2\/posts\/10918\/revisions"}],"predecessor-version":[{"id":10919,"href":"https:\/\/ladepeche.mr\/index.php?rest_route=\/wp\/v2\/posts\/10918\/revisions\/10919"}],"wp:featuredmedia":[{"embeddable":true,"href":"https:\/\/ladepeche.mr\/index.php?rest_route=\/wp\/v2\/media\/1350"}],"wp:attachment":[{"href":"https:\/\/ladepeche.mr\/index.php?rest_route=%2Fwp%2Fv2%2Fmedia&parent=10918"}],"wp:term":[{"taxonomy":"category","embeddable":true,"href":"https:\/\/ladepeche.mr\/index.php?rest_route=%2Fwp%2Fv2%2Fcategories&post=10918"},{"taxonomy":"post_tag","embeddable":true,"href":"https:\/\/ladepeche.mr\/index.php?rest_route=%2Fwp%2Fv2%2Ftags&post=10918"}],"curies":[{"name":"wp","href":"https:\/\/api.w.org\/{rel}","templated":true}]}}