{"id":10926,"date":"2024-08-24T11:30:37","date_gmt":"2024-08-24T11:30:37","guid":{"rendered":"https:\/\/ladepeche.mr\/?p=10926"},"modified":"2024-08-24T10:28:02","modified_gmt":"2024-08-24T10:28:02","slug":"allemagne-des-morts-et-des-blesses-dans-une-attaque-au-couteau","status":"publish","type":"post","link":"https:\/\/ladepeche.mr\/?p=10926","title":{"rendered":"Allemagne : des morts et des bless\u00e9s dans une attaque au couteau"},"content":{"rendered":"<h4>-Dans la commune de Solingen, dans le nord-ouest de l\u2019Allemagne, \u00e0 proximit\u00e9 de D\u00fcsseldorf<\/h4>\n<div class=\"row\">\n<p>Les m\u00e9dias allemands ont rapport\u00e9 vendredi qu&#8217;une attaque au couteau s&#8217;\u00e9tait produit dans la ville de Solingen, dans le Land de Rh\u00e9nanie du Nord-Westphalie (ouest).<\/p>\n<p>Les m\u00e9dias ont rapport\u00e9 que l&#8217;attaque au couteau s&#8217;est produite lors d&#8217;un festival municipal par une personne qui a commenc\u00e9 \u00e0 poignarder les gens au hasard, causant des morts et des bless\u00e9s.<\/p>\n<p>Les m\u00e9dias ont rapport\u00e9 que l&#8217;auteur de l&#8217;attaque au couteau avait fui les lieux apr\u00e8s l&#8217;arriv\u00e9e d&#8217;un grand nombre de voitures de police et d&#8217;ambulances dans la zone.<\/p>\n<p>aa.com.tr<\/p>\n<\/div>\n","protected":false},"excerpt":{"rendered":"<p>-Dans la commune de Solingen, dans le nord-ouest de l\u2019Allemagne, \u00e0 proximit\u00e9 de D\u00fcsseldorf Les m\u00e9dias allemands ont rapport\u00e9 vendredi qu&#8217;une attaque au couteau s&#8217;\u00e9tait produit dans la ville de Solingen, dans le Land de Rh\u00e9nanie du Nord-Westphalie (ouest). Les m\u00e9dias ont rapport\u00e9 que l&#8217;attaque au couteau s&#8217;est produite lors d&#8217;un festival municipal par une &hellip;<\/p>\n","protected":false},"author":2,"featured_media":10927,"comment_status":"open","ping_status":"open","sticky":false,"template":"","format":"standard","meta":{"footnotes":""},"categories":[18,29],"tags":[],"class_list":["post-10926","post","type-post","status-publish","format-standard","has-post-thumbnail","hentry","category-actualites","category-monde"],"_links":{"self":[{"href":"https:\/\/ladepeche.mr\/index.php?rest_route=\/wp\/v2\/posts\/10926","targetHints":{"allow":["GET"]}}],"collection":[{"href":"https:\/\/ladepeche.mr\/index.php?rest_route=\/wp\/v2\/posts"}],"about":[{"href":"https:\/\/ladepeche.mr\/index.php?rest_route=\/wp\/v2\/types\/post"}],"author":[{"embeddable":true,"href":"https:\/\/ladepeche.mr\/index.php?rest_route=\/wp\/v2\/users\/2"}],"replies":[{"embeddable":true,"href":"https:\/\/ladepeche.mr\/index.php?rest_route=%2Fwp%2Fv2%2Fcomments&post=10926"}],"version-history":[{"count":1,"href":"https:\/\/ladepeche.mr\/index.php?rest_route=\/wp\/v2\/posts\/10926\/revisions"}],"predecessor-version":[{"id":10928,"href":"https:\/\/ladepeche.mr\/index.php?rest_route=\/wp\/v2\/posts\/10926\/revisions\/10928"}],"wp:featuredmedia":[{"embeddable":true,"href":"https:\/\/ladepeche.mr\/index.php?rest_route=\/wp\/v2\/media\/10927"}],"wp:attachment":[{"href":"https:\/\/ladepeche.mr\/index.php?rest_route=%2Fwp%2Fv2%2Fmedia&parent=10926"}],"wp:term":[{"taxonomy":"category","embeddable":true,"href":"https:\/\/ladepeche.mr\/index.php?rest_route=%2Fwp%2Fv2%2Fcategories&post=10926"},{"taxonomy":"post_tag","embeddable":true,"href":"https:\/\/ladepeche.mr\/index.php?rest_route=%2Fwp%2Fv2%2Ftags&post=10926"}],"curies":[{"name":"wp","href":"https:\/\/api.w.org\/{rel}","templated":true}]}}