{"id":10939,"date":"2024-08-23T12:30:26","date_gmt":"2024-08-23T12:30:26","guid":{"rendered":"https:\/\/ladepeche.mr\/?p=10939"},"modified":"2024-08-24T11:12:31","modified_gmt":"2024-08-24T11:12:31","slug":"espagne-50-millions-deuros-aux-iles-canaries-contre-la-crise-migratoire","status":"publish","type":"post","link":"https:\/\/ladepeche.mr\/?p=10939","title":{"rendered":"Espagne : 50 millions d&#8217;euros aux \u00celes Canaries contre la crise migratoire"},"content":{"rendered":"<p>L\u2019Espagne a annonc\u00e9 une aide suppl\u00e9mentaire de 50 millions d\u2019euros pour soutenir les \u00eeles Canaries, actuellement submerg\u00e9es par plus de 5 500 enfants et adolescents migrants non accompagn\u00e9s, ont rapport\u00e9 des m\u00e9dias.<\/p>\n<p>Le Premier ministre espagnol Pedro S\u00e1nchez a rencontr\u00e9 vendredi le pr\u00e9sident r\u00e9gional des \u00eeles Canaries, Fernando Clavijo, pour aborder la question de la migration irr\u00e9guli\u00e8re, alors que les \u00eeles peinent \u00e0 prendre en charge des milliers de mineurs non accompagn\u00e9s qui y sont arriv\u00e9s, pr\u00e9cise l&#8217;Observatoire de l&#8217;Europe ( publication en ligne men\u00e9 par un collectif d\u2019experts).<\/p>\n<p>Le leader socialiste \u00e9tait en vacances avec sa famille \u00e0 Lanzarote, dans l\u2019archipel des Canaries, mais il a repris le travail. Il a discut\u00e9 avec Clavijo, qui dirige le gouvernement des Canaries en coalition avec le Parti populaire conservateur, indique la m\u00eame source.<\/p>\n<p>Les \u00eeles Canaries, situ\u00e9es dans l\u2019oc\u00e9an Atlantique, plus pr\u00e8s du nord-ouest de l\u2019Afrique que de l\u2019Espagne continentale, connaissent un afflux constant de bateaux surcharg\u00e9s transportant des migrants. La rencontre de S\u00e1nchez avec Clavijo sur l\u2019\u00eele de La Palma intervient quelques jours avant les visites pr\u00e9vues du Premier ministre en Mauritanie, au S\u00e9n\u00e9gal et en Gambie, principaux points de d\u00e9part des migrants qui tentent d\u2019atteindre les \u00eeles par la mer, pr\u00e9cise l&#8217;Observatoire.<\/p>\n<p>Bien que S\u00e1nchez n\u2019ait fait aucune d\u00e9claration publique \u00e0 l\u2019issue de la r\u00e9union, le ministre espagnol de la Politique territoriale et de la M\u00e9moire d\u00e9mocratique, \u00c1ngel Victor Torres, ancien dirigeant des \u00eeles Canaries, a qualifi\u00e9 les discussions de productives.<\/p>\n<p>Torres a, en outre, annonc\u00e9 que le gouvernement espagnol allait allouer 50 millions d\u2019euros \u00e0 l\u2019archipel, une somme qui avait \u00e9t\u00e9 vers\u00e9e les ann\u00e9es pr\u00e9c\u00e9dentes mais qui n\u2019a pas \u00e9t\u00e9 vers\u00e9e cette ann\u00e9e.<\/p>\n<p>Les \u00eeles Canaries sont devenues un point d\u2019entr\u00e9e majeur pour les migrants irr\u00e9guliers dans l\u2019Union europ\u00e9enne. Alors que les migrants adultes et les r\u00e9fugi\u00e9s se dirigent g\u00e9n\u00e9ralement vers l\u2019Espagne continentale ou d\u2019autres r\u00e9gions d\u2019Europe apr\u00e8s leur arriv\u00e9e, les mineurs non accompagn\u00e9s restent sous la responsabilit\u00e9 du gouvernement r\u00e9gional, qui a du mal \u00e0 faire face, rappelle le m\u00eame m\u00e9dia.<\/p>\n<p>aa.com.tr<\/p>\n","protected":false},"excerpt":{"rendered":"<p>L\u2019Espagne a annonc\u00e9 une aide suppl\u00e9mentaire de 50 millions d\u2019euros pour soutenir les \u00eeles Canaries, actuellement submerg\u00e9es par plus de 5 500 enfants et adolescents migrants non accompagn\u00e9s, ont rapport\u00e9 des m\u00e9dias. Le Premier ministre espagnol Pedro S\u00e1nchez a rencontr\u00e9 vendredi le pr\u00e9sident r\u00e9gional des \u00eeles Canaries, Fernando Clavijo, pour aborder la question de la &hellip;<\/p>\n","protected":false},"author":2,"featured_media":10940,"comment_status":"open","ping_status":"open","sticky":false,"template":"","format":"standard","meta":{"footnotes":""},"categories":[1],"tags":[],"class_list":["post-10939","post","type-post","status-publish","format-standard","has-post-thumbnail","hentry","category-uncategorized"],"_links":{"self":[{"href":"https:\/\/ladepeche.mr\/index.php?rest_route=\/wp\/v2\/posts\/10939","targetHints":{"allow":["GET"]}}],"collection":[{"href":"https:\/\/ladepeche.mr\/index.php?rest_route=\/wp\/v2\/posts"}],"about":[{"href":"https:\/\/ladepeche.mr\/index.php?rest_route=\/wp\/v2\/types\/post"}],"author":[{"embeddable":true,"href":"https:\/\/ladepeche.mr\/index.php?rest_route=\/wp\/v2\/users\/2"}],"replies":[{"embeddable":true,"href":"https:\/\/ladepeche.mr\/index.php?rest_route=%2Fwp%2Fv2%2Fcomments&post=10939"}],"version-history":[{"count":1,"href":"https:\/\/ladepeche.mr\/index.php?rest_route=\/wp\/v2\/posts\/10939\/revisions"}],"predecessor-version":[{"id":10941,"href":"https:\/\/ladepeche.mr\/index.php?rest_route=\/wp\/v2\/posts\/10939\/revisions\/10941"}],"wp:featuredmedia":[{"embeddable":true,"href":"https:\/\/ladepeche.mr\/index.php?rest_route=\/wp\/v2\/media\/10940"}],"wp:attachment":[{"href":"https:\/\/ladepeche.mr\/index.php?rest_route=%2Fwp%2Fv2%2Fmedia&parent=10939"}],"wp:term":[{"taxonomy":"category","embeddable":true,"href":"https:\/\/ladepeche.mr\/index.php?rest_route=%2Fwp%2Fv2%2Fcategories&post=10939"},{"taxonomy":"post_tag","embeddable":true,"href":"https:\/\/ladepeche.mr\/index.php?rest_route=%2Fwp%2Fv2%2Ftags&post=10939"}],"curies":[{"name":"wp","href":"https:\/\/api.w.org\/{rel}","templated":true}]}}