{"id":10942,"date":"2024-08-24T13:30:54","date_gmt":"2024-08-24T13:30:54","guid":{"rendered":"https:\/\/ladepeche.mr\/?p=10942"},"modified":"2024-08-24T11:11:01","modified_gmt":"2024-08-24T11:11:01","slug":"mali-assimi-goita-declare-letat-de-catastrophe-nationale-apres-des-inondations-devastatrices","status":"publish","type":"post","link":"https:\/\/ladepeche.mr\/?p=10942","title":{"rendered":"Mali : Assimi Go\u00efta d\u00e9clare l\u2019\u00e9tat de catastrophe nationale apr\u00e8s des inondations d\u00e9vastatrices"},"content":{"rendered":"<h4>&#8211; Ces catastrophes naturelles ont caus\u00e9 30 morts et 47 374 sinistr\u00e9s<\/h4>\n<div class=\"row\">\n<p>Le Mali a officiellement d\u00e9clar\u00e9 vendredi l\u2019\u00e9tat de catastrophe nationale sur l&#8217;ensemble du territoire national suite aux inondations d\u00e9vastatrices occasionn\u00e9es par les pluies torrentielles ayant fait 30 morts et 47 374 sinistr\u00e9s.<\/p>\n<p>C\u2019est ce qui ressort d\u2019un communiqu\u00e9 publi\u00e9 \u00e0 l\u2019issue du Conseil des ministres extraordinaire tenu ce vendredi, au palais de Koulouba \u00e0 Bamako, et pr\u00e9sid\u00e9 par le colonel Assimi Go\u00efta, pr\u00e9sident de la Transition, chef de l\u2019\u00c9tat.<\/p>\n<p>Assimi Go\u00efta a instruit son Premier ministre, Choguel Kokalla Maiga qui pr\u00e9side le Comit\u00e9 interminist\u00e9riel de gestion de crises et de catastrophes, de d\u00e9clarer l\u2019\u00e9tat de catastrophe nationale suite aux inondations occasionn\u00e9es par les pluies torrentielles.<\/p>\n<p>Le vendredi 16 ao\u00fbt courant, le Comit\u00e9 interminist\u00e9riel de gestion des crises et catastrophes annon\u00e7ait la mort d&#8217;au moins quinze personnes dans des inondations enregistr\u00e9es du 1er au 15 ao\u00fbt courant au Mali et faisant \u00e9tat de 10 309 personnes sinistr\u00e9es.<\/p>\n<p>\u2018\u2019Du d\u00e9but de l\u2019hivernage \u00e0 la date du 22 ao\u00fbt 2024, 122 cas d\u2019inondations ont \u00e9t\u00e9 enregistr\u00e9s dans 17 r\u00e9gions et le district de Bamako. Ces inondations ont touch\u00e9 7 077 m\u00e9nages, soit 47 374 personnes sinistr\u00e9es dont 14 451 hommes, 13 576 femmes et 19 347 enfants\u2019\u2019, lit-on dans le communiqu\u00e9 du Conseil des ministres extraordinaire.<\/p>\n<p>La m\u00eame source pr\u00e9cise que ces inondations ont occasionn\u00e9 \u2019\u201930 d\u00e9c\u00e8s dont 12 \u00e0 S\u00e9gou, 6 \u00e0 Gao, 5 \u00e0 Bamako, 3 \u00e0 Koutiala, 1 \u00e0 Koulikoro, 1 \u00e0 Kayes, 1 \u00e0 San, 1 \u00e0 Kita et 104 bless\u00e9s\u2019\u2019, ajoutant que \u2018\u2019le district de Bamako a enregistr\u00e9 29 cas d\u2019inondations ayant occasionn\u00e9 5 cas de pertes en vies humaines et 84 bless\u00e9s.\u2019\u2019<\/p>\n<p>Le document ajoute que Bamako a aussi enregistr\u00e9 563 m\u00e9nages touch\u00e9s, soit 4 639 personnes sinistr\u00e9es.<\/p>\n<p>\u2018\u2019La r\u00e9gion de Gao est la plus touch\u00e9e avec 1 570 m\u00e9nages affect\u00e9s pour un total de 9 936 personnes sinistr\u00e9es\u2019\u2019, pr\u00e9cise le communiqu\u00e9.<\/p>\n<p>En outre, le Conseil des ministres a \u00e9galement fait \u00e9tat de \u2018\u2019cas d\u2019effondrement de maisons, de foudre et de vents violents dans certaines r\u00e9gions.\u2019\u2019<\/p>\n<p>aa.com.tr<\/p>\n<\/div>\n","protected":false},"excerpt":{"rendered":"<p>&#8211; Ces catastrophes naturelles ont caus\u00e9 30 morts et 47 374 sinistr\u00e9s Le Mali a officiellement d\u00e9clar\u00e9 vendredi l\u2019\u00e9tat de catastrophe nationale sur l&#8217;ensemble du territoire national suite aux inondations d\u00e9vastatrices occasionn\u00e9es par les pluies torrentielles ayant fait 30 morts et 47 374 sinistr\u00e9s. C\u2019est ce qui ressort d\u2019un communiqu\u00e9 publi\u00e9 \u00e0 l\u2019issue du Conseil &hellip;<\/p>\n","protected":false},"author":2,"featured_media":10943,"comment_status":"open","ping_status":"open","sticky":false,"template":"","format":"standard","meta":{"footnotes":""},"categories":[18],"tags":[],"class_list":["post-10942","post","type-post","status-publish","format-standard","has-post-thumbnail","hentry","category-actualites"],"_links":{"self":[{"href":"https:\/\/ladepeche.mr\/index.php?rest_route=\/wp\/v2\/posts\/10942","targetHints":{"allow":["GET"]}}],"collection":[{"href":"https:\/\/ladepeche.mr\/index.php?rest_route=\/wp\/v2\/posts"}],"about":[{"href":"https:\/\/ladepeche.mr\/index.php?rest_route=\/wp\/v2\/types\/post"}],"author":[{"embeddable":true,"href":"https:\/\/ladepeche.mr\/index.php?rest_route=\/wp\/v2\/users\/2"}],"replies":[{"embeddable":true,"href":"https:\/\/ladepeche.mr\/index.php?rest_route=%2Fwp%2Fv2%2Fcomments&post=10942"}],"version-history":[{"count":1,"href":"https:\/\/ladepeche.mr\/index.php?rest_route=\/wp\/v2\/posts\/10942\/revisions"}],"predecessor-version":[{"id":10944,"href":"https:\/\/ladepeche.mr\/index.php?rest_route=\/wp\/v2\/posts\/10942\/revisions\/10944"}],"wp:featuredmedia":[{"embeddable":true,"href":"https:\/\/ladepeche.mr\/index.php?rest_route=\/wp\/v2\/media\/10943"}],"wp:attachment":[{"href":"https:\/\/ladepeche.mr\/index.php?rest_route=%2Fwp%2Fv2%2Fmedia&parent=10942"}],"wp:term":[{"taxonomy":"category","embeddable":true,"href":"https:\/\/ladepeche.mr\/index.php?rest_route=%2Fwp%2Fv2%2Fcategories&post=10942"},{"taxonomy":"post_tag","embeddable":true,"href":"https:\/\/ladepeche.mr\/index.php?rest_route=%2Fwp%2Fv2%2Ftags&post=10942"}],"curies":[{"name":"wp","href":"https:\/\/api.w.org\/{rel}","templated":true}]}}