{"id":10959,"date":"2024-08-24T21:15:35","date_gmt":"2024-08-24T21:15:35","guid":{"rendered":"https:\/\/ladepeche.mr\/?p=10959"},"modified":"2024-08-24T21:15:35","modified_gmt":"2024-08-24T21:15:35","slug":"liran-a-le-droit-de-punir-israel-pour-la-mort-dhaniyeh-declare-le-nouveau-chef-de-la-diplomatie","status":"publish","type":"post","link":"https:\/\/ladepeche.mr\/?p=10959","title":{"rendered":"L&#8217;Iran a \u00able droit de punir Isra\u00ebl\u00bb pour la mort d&#8217;Haniyeh, d\u00e9clare le nouveau chef de la diplomatie"},"content":{"rendered":"<p class=\"t-content__chapo\">Dans son premier contact avec ses homologues fran\u00e7ais, St\u00e9phane S\u00e9journ\u00e9, et britannique, David Lammy, le nouveau ministre iranien des Affaires \u00e9trang\u00e8res, Abbas Araghchi, a insist\u00e9 \u00ab\u00a0<em>sur le droit de l&#8217;Iran de punir\u00a0<\/em>\u00bb Isra\u00ebl pour l&#8217;assassinat du chef politique du Hamas \u00e0 T\u00e9h\u00e9ran.<\/p>\n<div class=\"t-content__dates t-content__dates--reading-time\">\n<p class=\"m-pub-dates\">\u00ab\u00a0<em>L&#8217;action criminelle du r\u00e9gime usurpateur sioniste avec l&#8217;assassinat du chef politique du Hamas \u00e0 T\u00e9h\u00e9ran est une violation impardonnable de la s\u00e9curit\u00e9 et de la souverainet\u00e9 de l&#8217;Iran et la punition de l&#8217;agresseur est le droit de l&#8217;Iran\u00a0<\/em>\u00bb, a d\u00e9clar\u00e9 Abbas Araghchi \u00e0 son homologue fran\u00e7ais.<\/p>\n<p>Le nouveau chef de la diplomatie iranienne a repris \u00e0 son compte les d\u00e9clarations des responsables iraniens qui ont affirm\u00e9 ces derni\u00e8res semaines que l&#8217;Iran allait punir Isra\u00ebl pour l\u2019assassinat d\u2019Isma\u00ebl Haniyeh \u00e0 T\u00e9h\u00e9ran.<\/p>\n<p>Il y a deux jours, le porte-parole des Gardiens de la r\u00e9volution avait d\u00e9clar\u00e9 que la r\u00e9action de l&#8217;Iran pourrait prendre plus de temps alors qu\u2019auparavant les responsables iraniens insistaient sur la r\u00e9action rapide et ferme de T\u00e9h\u00e9ran.<\/p>\n<p>Abbas Araghchi a \u00e9galement d\u00e9clar\u00e9 que l\u2019Iran allait continuer \u00e0 soutenir les forces de la r\u00e9sistance, notamment la Syrie, le Hezbollah ou le Hamas.<\/p>\n<p>Les d\u00e9clarations d\u2019Abbas Araghchi ne vont pas faciliter une reprise du dialogue avec les Europ\u00e9ens qui demandent \u00e0 l\u2019Iran d\u2019\u00e9viter toute r\u00e9action contre Isra\u00ebl.<\/p>\n<p>https:\/\/www.rfi.fr<\/p>\n<\/div>\n","protected":false},"excerpt":{"rendered":"<p>Dans son premier contact avec ses homologues fran\u00e7ais, St\u00e9phane S\u00e9journ\u00e9, et britannique, David Lammy, le nouveau ministre iranien des Affaires \u00e9trang\u00e8res, Abbas Araghchi, a insist\u00e9 \u00ab\u00a0sur le droit de l&#8217;Iran de punir\u00a0\u00bb Isra\u00ebl pour l&#8217;assassinat du chef politique du Hamas \u00e0 T\u00e9h\u00e9ran. \u00ab\u00a0L&#8217;action criminelle du r\u00e9gime usurpateur sioniste avec l&#8217;assassinat du chef politique du Hamas &hellip;<\/p>\n","protected":false},"author":2,"featured_media":10960,"comment_status":"open","ping_status":"open","sticky":false,"template":"","format":"standard","meta":{"footnotes":""},"categories":[18,29],"tags":[],"class_list":["post-10959","post","type-post","status-publish","format-standard","has-post-thumbnail","hentry","category-actualites","category-monde"],"_links":{"self":[{"href":"https:\/\/ladepeche.mr\/index.php?rest_route=\/wp\/v2\/posts\/10959","targetHints":{"allow":["GET"]}}],"collection":[{"href":"https:\/\/ladepeche.mr\/index.php?rest_route=\/wp\/v2\/posts"}],"about":[{"href":"https:\/\/ladepeche.mr\/index.php?rest_route=\/wp\/v2\/types\/post"}],"author":[{"embeddable":true,"href":"https:\/\/ladepeche.mr\/index.php?rest_route=\/wp\/v2\/users\/2"}],"replies":[{"embeddable":true,"href":"https:\/\/ladepeche.mr\/index.php?rest_route=%2Fwp%2Fv2%2Fcomments&post=10959"}],"version-history":[{"count":1,"href":"https:\/\/ladepeche.mr\/index.php?rest_route=\/wp\/v2\/posts\/10959\/revisions"}],"predecessor-version":[{"id":10961,"href":"https:\/\/ladepeche.mr\/index.php?rest_route=\/wp\/v2\/posts\/10959\/revisions\/10961"}],"wp:featuredmedia":[{"embeddable":true,"href":"https:\/\/ladepeche.mr\/index.php?rest_route=\/wp\/v2\/media\/10960"}],"wp:attachment":[{"href":"https:\/\/ladepeche.mr\/index.php?rest_route=%2Fwp%2Fv2%2Fmedia&parent=10959"}],"wp:term":[{"taxonomy":"category","embeddable":true,"href":"https:\/\/ladepeche.mr\/index.php?rest_route=%2Fwp%2Fv2%2Fcategories&post=10959"},{"taxonomy":"post_tag","embeddable":true,"href":"https:\/\/ladepeche.mr\/index.php?rest_route=%2Fwp%2Fv2%2Ftags&post=10959"}],"curies":[{"name":"wp","href":"https:\/\/api.w.org\/{rel}","templated":true}]}}