{"id":10984,"date":"2024-08-26T18:19:55","date_gmt":"2024-08-26T18:19:55","guid":{"rendered":"https:\/\/ladepeche.mr\/?p=10984"},"modified":"2024-08-26T18:19:55","modified_gmt":"2024-08-26T18:19:55","slug":"pres-de-20-000-visas-accordes-en-un-mois-les-mauritaniens-toujours-plus-nombreux-a-vouloir-se-rendre-au-maroc","status":"publish","type":"post","link":"https:\/\/ladepeche.mr\/?p=10984","title":{"rendered":"Pr\u00e8s de 20.000 visas accord\u00e9s en un mois: les Mauritaniens toujours plus nombreux \u00e0 vouloir se rendre au Maroc"},"content":{"rendered":"<p>Face \u00e0 cette situation, on note une forte mobilisation des services consulaires marocains, qui travaillent 7 jours sur 7, jusqu\u2019\u00e0 des heures tardives la nuit. Une mobilisation exceptionnelle qui leur permet de traiter en moyenne 500 visas par jour. Une diligence sp\u00e9ciale est r\u00e9serv\u00e9e aux cas des malades en \u00e9vacuation sanitaire et des missions officielles.<\/p>\n<p>Les services consulaires du Maroc \u00e0 Nouakchott, qui travaillent 7 j\/7, croulent sous les demandes de visas des Mauritaniens qui souhaitent voyager au Royaume pour le tourisme, les soins, les \u00e9tudes&#8230;<\/p>\n<p>La p\u00e9riode des vacances en Mauritanie est marqu\u00e9e par une forte demande de visas, formul\u00e9e par des personnes d\u00e9sireuses de se rendre au Maroc pour diverses raisons (touristiques, sanitaires, missions officielles\u2026). Ce voyage peut se faire par la voie a\u00e9rienne ou terrestre.<\/p>\n<p>Cette mobilisation des services consulaires est \u00e0 l\u2019origine d\u2019une hausse significative des visas d\u00e9livr\u00e9s, passant de 13.000 en ao\u00fbt 2023 \u00e0 plus de 18.000 en ce mois d\u2019ao\u00fbt 2024.<\/p>\n<p>Mohamed ould Fah, demandeur de visa, salue la mobilisation du personnel et la qualit\u00e9 de l\u2019accueil au niveau du consulat, malgr\u00e9 la forte pression exerc\u00e9e sur les agents par une affluence record de demandeurs.<\/p>\n<p>Aziz Diaw exprime un constat identique au sujet de l\u2019accueil du public et de la diligence faite dans le traitement des demandes, en d\u00e9pit de la p\u00e9riode de surcharge.<\/p>\n<p>Dedde ould Agueye, demandeur de visa, valide les d\u00e9clarations de ses pr\u00e9d\u00e9cesseurs, relativement \u00e0 l\u2019accueil des services du consulat et au traitement des dossiers. Il rappelle \u00e9galement les relations s\u00e9culaires entre les peuples mauritanien et marocain.<\/p>\n<p>Cheikhna Limam Baye, demandeur de visa, appr\u00e9cie aussi les services de la section consulaire de l\u2019ambassade du Royaume du Maroc et salue la forte mobilisation des agents en cette p\u00e9riode de forte affluence.<\/p>\n<p>Par\u00a0<a href=\"https:\/\/afrique.le360.ma\/auteur\/amadou-seck\"><strong>Amadou Seck (Nouakchott, correspondance)<\/strong><\/a><\/p>\n<p>https:\/\/afrique.le360.ma\/<\/p>\n<p>Le 26\/08\/2024 \u00e0 15h13<\/p>\n<p>&nbsp;<\/p>\n<p><iframe loading=\"lazy\" title=\"Tourisme : les Mauritaniens toujours plus nombreux \u00e0 vouloir se rendre au Maroc\" width=\"500\" height=\"281\" src=\"https:\/\/www.youtube.com\/embed\/J14S-7dPtrg?feature=oembed\" frameborder=\"0\" allow=\"accelerometer; autoplay; clipboard-write; encrypted-media; gyroscope; picture-in-picture; web-share\" referrerpolicy=\"strict-origin-when-cross-origin\" allowfullscreen><\/iframe><\/p>\n<p>&nbsp;<\/p>\n","protected":false},"excerpt":{"rendered":"<p>Face \u00e0 cette situation, on note une forte mobilisation des services consulaires marocains, qui travaillent 7 jours sur 7, jusqu\u2019\u00e0 des heures tardives la nuit. Une mobilisation exceptionnelle qui leur permet de traiter en moyenne 500 visas par jour. Une diligence sp\u00e9ciale est r\u00e9serv\u00e9e aux cas des malades en \u00e9vacuation sanitaire et des missions officielles. &hellip;<\/p>\n","protected":false},"author":2,"featured_media":10986,"comment_status":"open","ping_status":"open","sticky":false,"template":"","format":"standard","meta":{"footnotes":""},"categories":[18,29],"tags":[],"class_list":["post-10984","post","type-post","status-publish","format-standard","has-post-thumbnail","hentry","category-actualites","category-monde"],"_links":{"self":[{"href":"https:\/\/ladepeche.mr\/index.php?rest_route=\/wp\/v2\/posts\/10984","targetHints":{"allow":["GET"]}}],"collection":[{"href":"https:\/\/ladepeche.mr\/index.php?rest_route=\/wp\/v2\/posts"}],"about":[{"href":"https:\/\/ladepeche.mr\/index.php?rest_route=\/wp\/v2\/types\/post"}],"author":[{"embeddable":true,"href":"https:\/\/ladepeche.mr\/index.php?rest_route=\/wp\/v2\/users\/2"}],"replies":[{"embeddable":true,"href":"https:\/\/ladepeche.mr\/index.php?rest_route=%2Fwp%2Fv2%2Fcomments&post=10984"}],"version-history":[{"count":2,"href":"https:\/\/ladepeche.mr\/index.php?rest_route=\/wp\/v2\/posts\/10984\/revisions"}],"predecessor-version":[{"id":10987,"href":"https:\/\/ladepeche.mr\/index.php?rest_route=\/wp\/v2\/posts\/10984\/revisions\/10987"}],"wp:featuredmedia":[{"embeddable":true,"href":"https:\/\/ladepeche.mr\/index.php?rest_route=\/wp\/v2\/media\/10986"}],"wp:attachment":[{"href":"https:\/\/ladepeche.mr\/index.php?rest_route=%2Fwp%2Fv2%2Fmedia&parent=10984"}],"wp:term":[{"taxonomy":"category","embeddable":true,"href":"https:\/\/ladepeche.mr\/index.php?rest_route=%2Fwp%2Fv2%2Fcategories&post=10984"},{"taxonomy":"post_tag","embeddable":true,"href":"https:\/\/ladepeche.mr\/index.php?rest_route=%2Fwp%2Fv2%2Ftags&post=10984"}],"curies":[{"name":"wp","href":"https:\/\/api.w.org\/{rel}","templated":true}]}}