{"id":10994,"date":"2024-08-27T11:56:27","date_gmt":"2024-08-27T11:56:27","guid":{"rendered":"https:\/\/ladepeche.mr\/?p=10994"},"modified":"2024-08-27T11:58:01","modified_gmt":"2024-08-27T11:58:01","slug":"la-question-migratoire-au-coeur-de-la-tournee-africaine-du-chef-de-gouvernement-espagnol","status":"publish","type":"post","link":"https:\/\/ladepeche.mr\/?p=10994","title":{"rendered":"La question migratoire au c\u0153ur de la tourn\u00e9e africaine du chef de gouvernement espagnol"},"content":{"rendered":"<p class=\"t-content__chapo\">Ce mardi 27 ao\u00fbt, le chef du gouvernement socialiste Pedro Sanchez effectue un voyage de trois jours au S\u00e9n\u00e9gal, en Gambie et en Mauritanie, pour tenter de trouver des solutions sur la question migratoire. Il s&#8217;agit de trois pays d\u2019o\u00f9 partent de plus en plus de migrants en direction de l\u2019archipel espagnol des Canaries. Pour cette seule ann\u00e9e 2024, on recense d\u00e9j\u00e0 pr\u00e8s de 23 000 entr\u00e9es jusqu\u2019\u00e0 ao\u00fbt, soit une augmentation annuelle de 126%. Il y a six mois, le m\u00eame Pedro Sanchez s\u2019\u00e9tait rendu pour le m\u00eame sujet \u00e0 Nouakchott et avait annonc\u00e9 180 millions d\u2019euros d\u2019aide.<\/p>\n<div class=\"t-content__dates t-content__dates--reading-time\">\n<p>La question migratoire est devenue cruciale en\u00a0<strong><a class=\"gtm-add-suggested-tag\" href=\"https:\/\/www.rfi.fr\/fr\/tag\/espagne\/\" target=\"_self\" rel=\"noopener\">Espagne<\/a>\u00a0<\/strong>et le voyage du leader socialiste dans ces trois pays en est la preuve. Cruciale et pr\u00e9occupante, principalement pour l\u2019archipel des Canaries, qui voit une augmentation spectaculaire des arriv\u00e9es de migrants depuis 2020, avec 125 000 entr\u00e9es via des pateras, ces embarcations de fortune qui partent des c\u00f4tes africaines.<\/p>\n<p>Les migrants adultes sont achemin\u00e9s sans grande difficult\u00e9 vers la p\u00e9ninsule espagnole, mais c\u2019est beaucoup plus compliqu\u00e9 pour les mineurs non accompagn\u00e9s. Les infrastructures aux Canaries permettent d\u2019en accueillir 2000. Or, ils sont actuellement 5 200, r\u00e9partis dans 81 centres, qui manquent cruellement de moyens. La situation risque d\u2019empirer, on parle de 7 000 adolescents suppl\u00e9mentaires d\u2019ici l\u2019hiver.<\/p>\n<p>L\u2019opposition de droite et la plupart des r\u00e9gions refusent de recevoir ces milliers de migrants de moins de 18 ans qui sont arriv\u00e9s ou en passe d\u2019arriver. L\u2019objectif de\u00a0<strong><a class=\"gtm-add-suggested-tag\" href=\"https:\/\/www.rfi.fr\/fr\/tag\/pedro-sanchez\/\" target=\"_self\" rel=\"noopener\">Pedro Sanchez<\/a><\/strong>\u00a0est donc de convaincre les gouvernements mauritanien, s\u00e9n\u00e9galais et gambien de restreindre les d\u00e9parts. Mais d\u2019ores et d\u00e9j\u00e0, le leader socialiste sait qu\u2019il lui faudra tenter de r\u00e9gler cette question tr\u00e8s sensible dans son pays, avec une droite qui n\u2019entend pas lui faire de cadeau dans ce domaine.<\/p>\n<p>Rfi.fr<\/p>\n<\/div>\n","protected":false},"excerpt":{"rendered":"<p>Ce mardi 27 ao\u00fbt, le chef du gouvernement socialiste Pedro Sanchez effectue un voyage de trois jours au S\u00e9n\u00e9gal, en Gambie et en Mauritanie, pour tenter de trouver des solutions sur la question migratoire. Il s&#8217;agit de trois pays d\u2019o\u00f9 partent de plus en plus de migrants en direction de l\u2019archipel espagnol des Canaries. Pour &hellip;<\/p>\n","protected":false},"author":2,"featured_media":10999,"comment_status":"open","ping_status":"open","sticky":false,"template":"","format":"standard","meta":{"footnotes":""},"categories":[18,29],"tags":[],"class_list":["post-10994","post","type-post","status-publish","format-standard","has-post-thumbnail","hentry","category-actualites","category-monde"],"_links":{"self":[{"href":"https:\/\/ladepeche.mr\/index.php?rest_route=\/wp\/v2\/posts\/10994","targetHints":{"allow":["GET"]}}],"collection":[{"href":"https:\/\/ladepeche.mr\/index.php?rest_route=\/wp\/v2\/posts"}],"about":[{"href":"https:\/\/ladepeche.mr\/index.php?rest_route=\/wp\/v2\/types\/post"}],"author":[{"embeddable":true,"href":"https:\/\/ladepeche.mr\/index.php?rest_route=\/wp\/v2\/users\/2"}],"replies":[{"embeddable":true,"href":"https:\/\/ladepeche.mr\/index.php?rest_route=%2Fwp%2Fv2%2Fcomments&post=10994"}],"version-history":[{"count":1,"href":"https:\/\/ladepeche.mr\/index.php?rest_route=\/wp\/v2\/posts\/10994\/revisions"}],"predecessor-version":[{"id":10995,"href":"https:\/\/ladepeche.mr\/index.php?rest_route=\/wp\/v2\/posts\/10994\/revisions\/10995"}],"wp:featuredmedia":[{"embeddable":true,"href":"https:\/\/ladepeche.mr\/index.php?rest_route=\/wp\/v2\/media\/10999"}],"wp:attachment":[{"href":"https:\/\/ladepeche.mr\/index.php?rest_route=%2Fwp%2Fv2%2Fmedia&parent=10994"}],"wp:term":[{"taxonomy":"category","embeddable":true,"href":"https:\/\/ladepeche.mr\/index.php?rest_route=%2Fwp%2Fv2%2Fcategories&post=10994"},{"taxonomy":"post_tag","embeddable":true,"href":"https:\/\/ladepeche.mr\/index.php?rest_route=%2Fwp%2Fv2%2Ftags&post=10994"}],"curies":[{"name":"wp","href":"https:\/\/api.w.org\/{rel}","templated":true}]}}