{"id":1100,"date":"2022-07-20T21:35:38","date_gmt":"2022-07-20T21:35:38","guid":{"rendered":"https:\/\/ladepeche.mr\/?p=1100"},"modified":"2022-07-20T21:35:38","modified_gmt":"2022-07-20T21:35:38","slug":"moov-mauritel-dans-loeil-du-cyclone","status":"publish","type":"post","link":"https:\/\/ladepeche.mr\/?p=1100","title":{"rendered":"\u00ab\u00a0Moov Mauritel\u00a0\u00bb dans l\u2019\u0153il du cyclone?"},"content":{"rendered":"<p>Rien ne va plus dans les n\u00e9gociations sociales entre la soci\u00e9t\u00e9 de t\u00e9l\u00e9phonie cellulaire \u00abMoov Mauritel\u00a0\u00bb et ses employ\u00e9s partis en gr\u00e8ve pour dix jours d\u2019affil\u00e9e. Ce mouvement de gr\u00e8ve qui sans doute va entamer la qualit\u00e9 et la production de l\u2019entreprise serait bien suivi par les employ\u00e9s de l\u2019entreprise.<\/p>\n<p>Les d\u00e9l\u00e9gu\u00e9s du personnel ont expliqu\u00e9 dans un communiqu\u00e9 rendu public sur leur mouvement social qu\u2019il intervient \u00ab\u00a0apr\u00e8s que la soci\u00e9t\u00e9 ait refus\u00e9 d\u2019approuver le statut du personnel garanti par l\u2019accord entre les deux parties conclu le 6 f\u00e9vrier 2019\u00a0\u00bb.<\/p>\n<p>Malgr\u00e9 un chiffre d\u2019affaires inoui dans le pays, \u00abMoov Mauritel\u00a0\u00bb se d\u00e9roberait \u00e0 ses obligations vis-\u00e0-vis de ses employ\u00e9s qui r\u00e9clament, sans succ\u00e8s, depuis quelques ann\u00e9es l\u2019am\u00e9lioration de leurs conditions de r\u00e9mun\u00e9ration au regard du bilan de l\u2019entreprise. Un changement que les employ\u00e9s souhaiteraient voir porter dans une r\u00e9vision des statuts des employ\u00e9s.<\/p>\n","protected":false},"excerpt":{"rendered":"<p>Rien ne va plus dans les n\u00e9gociations sociales entre la soci\u00e9t\u00e9 de t\u00e9l\u00e9phonie cellulaire \u00abMoov Mauritel\u00a0\u00bb et ses employ\u00e9s partis en gr\u00e8ve pour dix jours d\u2019affil\u00e9e. Ce mouvement de gr\u00e8ve qui sans doute va entamer la qualit\u00e9 et la production de l\u2019entreprise serait bien suivi par les employ\u00e9s de l\u2019entreprise. Les d\u00e9l\u00e9gu\u00e9s du personnel ont &hellip;<\/p>\n","protected":false},"author":2,"featured_media":1067,"comment_status":"open","ping_status":"open","sticky":false,"template":"","format":"standard","meta":{"footnotes":""},"categories":[26],"tags":[],"class_list":["post-1100","post","type-post","status-publish","format-standard","has-post-thumbnail","hentry","category-en-panne"],"_links":{"self":[{"href":"https:\/\/ladepeche.mr\/index.php?rest_route=\/wp\/v2\/posts\/1100","targetHints":{"allow":["GET"]}}],"collection":[{"href":"https:\/\/ladepeche.mr\/index.php?rest_route=\/wp\/v2\/posts"}],"about":[{"href":"https:\/\/ladepeche.mr\/index.php?rest_route=\/wp\/v2\/types\/post"}],"author":[{"embeddable":true,"href":"https:\/\/ladepeche.mr\/index.php?rest_route=\/wp\/v2\/users\/2"}],"replies":[{"embeddable":true,"href":"https:\/\/ladepeche.mr\/index.php?rest_route=%2Fwp%2Fv2%2Fcomments&post=1100"}],"version-history":[{"count":1,"href":"https:\/\/ladepeche.mr\/index.php?rest_route=\/wp\/v2\/posts\/1100\/revisions"}],"predecessor-version":[{"id":1101,"href":"https:\/\/ladepeche.mr\/index.php?rest_route=\/wp\/v2\/posts\/1100\/revisions\/1101"}],"wp:featuredmedia":[{"embeddable":true,"href":"https:\/\/ladepeche.mr\/index.php?rest_route=\/wp\/v2\/media\/1067"}],"wp:attachment":[{"href":"https:\/\/ladepeche.mr\/index.php?rest_route=%2Fwp%2Fv2%2Fmedia&parent=1100"}],"wp:term":[{"taxonomy":"category","embeddable":true,"href":"https:\/\/ladepeche.mr\/index.php?rest_route=%2Fwp%2Fv2%2Fcategories&post=1100"},{"taxonomy":"post_tag","embeddable":true,"href":"https:\/\/ladepeche.mr\/index.php?rest_route=%2Fwp%2Fv2%2Ftags&post=1100"}],"curies":[{"name":"wp","href":"https:\/\/api.w.org\/{rel}","templated":true}]}}