{"id":11000,"date":"2024-08-27T12:02:10","date_gmt":"2024-08-27T12:02:10","guid":{"rendered":"https:\/\/ladepeche.mr\/?p=11000"},"modified":"2024-08-27T12:02:10","modified_gmt":"2024-08-27T12:02:10","slug":"decret-presidentiel-convoquant-lassemblee-nationale-en-session-extraordinaire-le-4-septembre-2024","status":"publish","type":"post","link":"https:\/\/ladepeche.mr\/?p=11000","title":{"rendered":"D\u00e9cret pr\u00e9sidentiel convoquant l\u2019Assembl\u00e9e nationale en session extraordinaire, le 4 septembre 2024"},"content":{"rendered":"<p>La Pr\u00e9sidence de la R\u00e9publique, communique que, par d\u00e9cret en date du lundi 26 ao\u00fbt 2024, le Parlement est convoqu\u00e9 en session extraordinaire \u00e0 compter du mercredi 4 septembre 2024.<\/p>\n<p>Voici le texte int\u00e9gral de ce d\u00e9cret :<\/p>\n<p>\u2018\u2019 LE PRESIDENT DE LA REPUBLIQUE ,<\/p>\n<p>Sur Rapport du Premier Ministre,<\/p>\n<p>VU, l\u2019Article 53 de la Constitution.<\/p>\n<p>DECRETE :<\/p>\n<p>Article premier : Le Parlement est convoqu\u00e9 en session extraordinaire \u00e0 compter du mercredi 04 septembre 2024.<\/p>\n<p>Article 2 : L\u2019ordre du jour de cette session comprendra :<\/p>\n<p>1. La Pr\u00e9sentation de la D\u00e9claration de la Politique G\u00e9n\u00e9rale du Gouvernement,<\/p>\n<p>2. Projet de loi portant cr\u00e9ation du tribunal sp\u00e9cialis\u00e9 de lutte contre l\u2019esclavage, la traite des personnes et le trafic de migrants.<\/p>\n<p>3. Projet de loi modifiant certaines dispositions de la loi num\u00e9ro 65-046 du 23 f\u00e9vrier 1965 portant dispositions p\u00e9nales relatives au r\u00e9gime de l\u2019immigration.<\/p>\n<p>4. Projet de loi portant code de l\u2019hydrog\u00e8ne vert.<\/p>\n<p>Article 3 : le Premier Ministre est charg\u00e9 de l\u2019ex\u00e9cution du pr\u00e9sent d\u00e9cret qui sera publi\u00e9 suivant la proc\u00e9dure d\u2019urgence au journal Officiel de la R\u00e9publique Islamique de Mauritanie\u2019\u2019<\/p>\n<p>Mohamed OULD CHEIKH EL GHAZOUANI<\/p>\n","protected":false},"excerpt":{"rendered":"<p>La Pr\u00e9sidence de la R\u00e9publique, communique que, par d\u00e9cret en date du lundi 26 ao\u00fbt 2024, le Parlement est convoqu\u00e9 en session extraordinaire \u00e0 compter du mercredi 4 septembre 2024. Voici le texte int\u00e9gral de ce d\u00e9cret : \u2018\u2019 LE PRESIDENT DE LA REPUBLIQUE , Sur Rapport du Premier Ministre, VU, l\u2019Article 53 de la &hellip;<\/p>\n","protected":false},"author":2,"featured_media":7871,"comment_status":"open","ping_status":"open","sticky":false,"template":"","format":"standard","meta":{"footnotes":""},"categories":[18,31],"tags":[],"class_list":["post-11000","post","type-post","status-publish","format-standard","has-post-thumbnail","hentry","category-actualites","category-politique-et-reportages"],"_links":{"self":[{"href":"https:\/\/ladepeche.mr\/index.php?rest_route=\/wp\/v2\/posts\/11000","targetHints":{"allow":["GET"]}}],"collection":[{"href":"https:\/\/ladepeche.mr\/index.php?rest_route=\/wp\/v2\/posts"}],"about":[{"href":"https:\/\/ladepeche.mr\/index.php?rest_route=\/wp\/v2\/types\/post"}],"author":[{"embeddable":true,"href":"https:\/\/ladepeche.mr\/index.php?rest_route=\/wp\/v2\/users\/2"}],"replies":[{"embeddable":true,"href":"https:\/\/ladepeche.mr\/index.php?rest_route=%2Fwp%2Fv2%2Fcomments&post=11000"}],"version-history":[{"count":1,"href":"https:\/\/ladepeche.mr\/index.php?rest_route=\/wp\/v2\/posts\/11000\/revisions"}],"predecessor-version":[{"id":11001,"href":"https:\/\/ladepeche.mr\/index.php?rest_route=\/wp\/v2\/posts\/11000\/revisions\/11001"}],"wp:featuredmedia":[{"embeddable":true,"href":"https:\/\/ladepeche.mr\/index.php?rest_route=\/wp\/v2\/media\/7871"}],"wp:attachment":[{"href":"https:\/\/ladepeche.mr\/index.php?rest_route=%2Fwp%2Fv2%2Fmedia&parent=11000"}],"wp:term":[{"taxonomy":"category","embeddable":true,"href":"https:\/\/ladepeche.mr\/index.php?rest_route=%2Fwp%2Fv2%2Fcategories&post=11000"},{"taxonomy":"post_tag","embeddable":true,"href":"https:\/\/ladepeche.mr\/index.php?rest_route=%2Fwp%2Fv2%2Ftags&post=11000"}],"curies":[{"name":"wp","href":"https:\/\/api.w.org\/{rel}","templated":true}]}}