{"id":11007,"date":"2024-08-27T14:04:54","date_gmt":"2024-08-27T14:04:54","guid":{"rendered":"https:\/\/ladepeche.mr\/?p=11007"},"modified":"2024-08-27T14:04:54","modified_gmt":"2024-08-27T14:04:54","slug":"france-gouvernement-nfp-ecarte-par-macron-lucie-castets-denonce-un-deni-de-democratie","status":"publish","type":"post","link":"https:\/\/ladepeche.mr\/?p=11007","title":{"rendered":"France \/ Gouvernement NFP \u00e9cart\u00e9 par Macron : Lucie Castets d\u00e9nonce un &#8220;d\u00e9ni de d\u00e9mocratie&#8221;"},"content":{"rendered":"<h4>La candidate de l&#8217;alliance de gauche \u00e0 Matignon annonce avoir trouv\u00e9 des accords sur certains textes de loi, notamment avec des d\u00e9put\u00e9s centristes.<\/h4>\n<p>Le Pr\u00e9sident fran\u00e7ais, Emmanuel Macron, a d\u00e9cid\u00e9 d&#8217;\u00e9carter la possibilit\u00e9 de nommer un gouvernement dirig\u00e9 par le Nouveau Front populaire (NFP), malgr\u00e9 les r\u00e9sultats des \u00e9lections l\u00e9gislatives du 7 juillet. Cette d\u00e9cision a suscit\u00e9 une vive r\u00e9action de la part de Lucie Castets, dont la candidature \u00e0 Matignon a \u00e9t\u00e9 rejet\u00e9e.<\/p>\n<p>Au micro de France Inter, ce mardi, la haute-fonctionnaire a d\u00e9nonc\u00e9 un &#8220;d\u00e9ni de d\u00e9mocratie&#8221; en expliquant que cette d\u00e9cision revenait \u00e0 dire aux Fran\u00e7ais que leur vote ne compte pas. Lucie Castets a exprim\u00e9 son indignation lors d&#8217;une intervention sur France Inter, qualifiant la situation d'&#8221;extr\u00eamement dangereuse&#8221; pour la d\u00e9mocratie.<\/p>\n<p>Lundi, Emmanuel Macron a justifi\u00e9 son choix en invoquant la n\u00e9cessit\u00e9 de maintenir une &#8220;stabilit\u00e9 institutionnelle&#8221;. Il a annonc\u00e9 l&#8217;ouverture d&#8217;un nouveau cycle de consultations \u00e0 partir de mardi, visant \u00e0 trouver un nouveau Premier ministre avec l&#8217;aide de &#8220;personnalit\u00e9s&#8221; ayant une &#8220;exp\u00e9rience du service de l&#8217;\u00c9tat&#8221;, tout en excluant certains partis politiques, notamment La France Insoumise (LFI) et le Rassemblement National (RN).<\/p>\n<p>Lucie Castets a s\u00e9v\u00e8rement critiqu\u00e9 cette approche, exprimant sa &#8220;col\u00e8re&#8221; et affirmant que le Pr\u00e9sident fran\u00e7ais &#8220;ne peut pas composer le gouvernement de ses r\u00eaves&#8221;. Selon elle, le chef de l&#8217;\u00c9tat s&#8217;\u00e9carte du fonctionnement normal des institutions en cherchant \u00e0 &#8220;monopoliser&#8221; le pouvoir ex\u00e9cutif. &#8220;Le r\u00f4le du pr\u00e9sident de la R\u00e9publique serait aujourd&#8217;hui de nommer un Premier ministre issu du groupe majoritaire \u00e0 l&#8217;Assembl\u00e9e nationale&#8221;, a-t-elle rappel\u00e9.<\/p>\n<p>Face \u00e0 ce qu&#8217;elle consid\u00e8re comme une impasse politique, Lucie Castets a appel\u00e9 \u00e0 une mobilisation citoyenne pour d\u00e9fendre les valeurs d\u00e9mocratiques. Elle a notamment \u00e9voqu\u00e9 les efforts des associations et des collectifs qui luttent pour une meilleure repr\u00e9sentation politique et a promis de continuer \u00e0 \u0153uvrer pour unir les forces de gauche.<\/p>\n<p>Au micro de France Inter, la candidate du NFP \u00e0 Matignon a fustig\u00e9 l&#8217;argument selon lequel l&#8217;alliance de gauche serait incapable de composer des majorit\u00e9s. Lucie Castets a annonc\u00e9 avoir \u00e9tabli des &#8220;accords&#8221; avec un certain nombre de d\u00e9put\u00e9s centristes (MoDem, Liot) pour divers projets de loi.<\/p>\n<p>Pour rappel, le Pr\u00e9sident fran\u00e7ais Emmanuel Macron a \u00e9cart\u00e9, ce lundi, la formation d&#8217;un gouvernement soutenu par le Nouveau Front Populaire (NFP) apr\u00e8s une s\u00e9rie de consultations avec les responsables des partis et les pr\u00e9sidents des chambres parlementaires.<\/p>\n<p>Par voie de communiqu\u00e9, l&#8217;\u00c9lys\u00e9e a indiqu\u00e9 que cette d\u00e9cision est motiv\u00e9e par la n\u00e9cessit\u00e9 de garantir la &#8220;stabilit\u00e9 institutionnelle&#8221; du pays. La Pr\u00e9sidence fran\u00e7aise a soulign\u00e9 qu&#8217;un gouvernement form\u00e9 uniquement sur la base du programme du NFP, soutenu par la plus grande alliance \u00e0 l&#8217;Assembl\u00e9e nationale, serait imm\u00e9diatement censur\u00e9 par une majorit\u00e9 de plus de 350 d\u00e9put\u00e9s, cela rendant son action impossible.<\/p>\n<p>Les r\u00e9actions des partis politiques, notamment du NFP, n&#8217;ont pas tard\u00e9. La France Insoumise (LFI) a vivement critiqu\u00e9 cette d\u00e9cision. Dans un communiqu\u00e9, LFI a confirm\u00e9 son intention de d\u00e9poser une motion de destitution (au titre de l&#8217;article 68 de la Constitution fran\u00e7aise) contre le pr\u00e9sident Emmanuel Macron, d\u00e9non\u00e7ant &#8220;un abus de pouvoir autocratique&#8221;. Jean-Luc M\u00e9lenchon a qualifi\u00e9 la situation d'&#8221;exceptionnellement grave&#8221; et a appel\u00e9 \u00e0 une &#8220;r\u00e9plique populaire et politique rapide et ferme&#8221;.<\/p>\n<p>Dans ce contexte tendu, Emmanuel Macron a annonc\u00e9 &#8220;un nouveau cycle de consultations&#8221; d\u00e8s ce mardi, avec pour objectif de trouver une issue acceptable \u00e0 cette crise politique in\u00e9dite sous la V\u1d49 R\u00e9publique.<\/p>\n<p>Les consultations entre le chef d&#8217;\u00c9tat fran\u00e7ais et les dirigeants des groupes politiques ont d\u00e9but\u00e9 ce vendredi 23 ao\u00fbt. Ces \u00e9changes ont marqu\u00e9 la premi\u00e8re \u00e9tape d&#8217;une s\u00e9rie de discussions visant \u00e0 \u00e9tablir une coalition stable, n\u00e9cessaire pour la gouvernance du pays apr\u00e8s des \u00e9lections l\u00e9gislatives marqu\u00e9es par une absence de majorit\u00e9 absolue, selon une d\u00e9claration de l&#8217;\u00c9lys\u00e9e \u00e0 Anadolu.<\/p>\n<p>&#8220;Le verdict des urnes contraint tout le monde \u00e0 changer de logique et \u00e0 rentrer dans une logique de coalition&#8221;, selon la Pr\u00e9sidence fran\u00e7aise.<\/p>\n<p>Pour rappel, lors des \u00e9lections l\u00e9gislatives des 30 juin et 7 juillet, la coalition du NFP (gauche) a r\u00e9uni le plus grand nombre de si\u00e8ges \u00e0 l&#8217;Assembl\u00e9e nationale, avec 72 d\u00e9put\u00e9s LFI (La France Insoumise), 66 d\u00e9put\u00e9s socialistes et apparent\u00e9s, 38 d\u00e9put\u00e9s pour le groupe \u00c9cologiste et social, 17 d\u00e9put\u00e9s GDR (Gauche d\u00e9mocrate et r\u00e9publicaine), soit un total de 193 si\u00e8ges sur 577.<\/p>\n<p>La coalition pr\u00e9sidentielle se positionne en deuxi\u00e8me force politique de l\u2019Assembl\u00e9e nationale avec 99 d\u00e9put\u00e9s Ensemble pour la R\u00e9publique, 36 d\u00e9put\u00e9s Les D\u00e9mocrates, 31 d\u00e9put\u00e9s Horizons &amp; Ind\u00e9pendants, soit un total de 166 si\u00e8ges.<\/p>\n<p>Le RN et ses alli\u00e9s, pourtant largement vainqueurs du premier tour des l\u00e9gislatives, arrivent en troisi\u00e8me position avec 126 d\u00e9put\u00e9s affili\u00e9s au groupe RN et 16 d\u00e9put\u00e9s du groupe \u00c0 Droite, pr\u00e9sid\u00e9 par \u00c9ric Ciotti, soit un total de 142 si\u00e8ges.<\/p>\n<p>Les centristes du groupe Libert\u00e9s, Ind\u00e9pendants, Outre-mer et Territoires (Liot) occupent 21 si\u00e8ges, tandis que la Droite r\u00e9publicaine recense 47 si\u00e8ges. Huit d\u00e9put\u00e9s ont, par ailleurs, choisi de ne rejoindre aucun groupe et sont non-inscrits.<\/p>\n<p>aa.com.tr<\/p>\n","protected":false},"excerpt":{"rendered":"<p>La candidate de l&#8217;alliance de gauche \u00e0 Matignon annonce avoir trouv\u00e9 des accords sur certains textes de loi, notamment avec des d\u00e9put\u00e9s centristes. Le Pr\u00e9sident fran\u00e7ais, Emmanuel Macron, a d\u00e9cid\u00e9 d&#8217;\u00e9carter la possibilit\u00e9 de nommer un gouvernement dirig\u00e9 par le Nouveau Front populaire (NFP), malgr\u00e9 les r\u00e9sultats des \u00e9lections l\u00e9gislatives du 7 juillet. Cette d\u00e9cision &hellip;<\/p>\n","protected":false},"author":2,"featured_media":11008,"comment_status":"open","ping_status":"open","sticky":false,"template":"","format":"standard","meta":{"footnotes":""},"categories":[18,29],"tags":[],"class_list":["post-11007","post","type-post","status-publish","format-standard","has-post-thumbnail","hentry","category-actualites","category-monde"],"_links":{"self":[{"href":"https:\/\/ladepeche.mr\/index.php?rest_route=\/wp\/v2\/posts\/11007","targetHints":{"allow":["GET"]}}],"collection":[{"href":"https:\/\/ladepeche.mr\/index.php?rest_route=\/wp\/v2\/posts"}],"about":[{"href":"https:\/\/ladepeche.mr\/index.php?rest_route=\/wp\/v2\/types\/post"}],"author":[{"embeddable":true,"href":"https:\/\/ladepeche.mr\/index.php?rest_route=\/wp\/v2\/users\/2"}],"replies":[{"embeddable":true,"href":"https:\/\/ladepeche.mr\/index.php?rest_route=%2Fwp%2Fv2%2Fcomments&post=11007"}],"version-history":[{"count":1,"href":"https:\/\/ladepeche.mr\/index.php?rest_route=\/wp\/v2\/posts\/11007\/revisions"}],"predecessor-version":[{"id":11009,"href":"https:\/\/ladepeche.mr\/index.php?rest_route=\/wp\/v2\/posts\/11007\/revisions\/11009"}],"wp:featuredmedia":[{"embeddable":true,"href":"https:\/\/ladepeche.mr\/index.php?rest_route=\/wp\/v2\/media\/11008"}],"wp:attachment":[{"href":"https:\/\/ladepeche.mr\/index.php?rest_route=%2Fwp%2Fv2%2Fmedia&parent=11007"}],"wp:term":[{"taxonomy":"category","embeddable":true,"href":"https:\/\/ladepeche.mr\/index.php?rest_route=%2Fwp%2Fv2%2Fcategories&post=11007"},{"taxonomy":"post_tag","embeddable":true,"href":"https:\/\/ladepeche.mr\/index.php?rest_route=%2Fwp%2Fv2%2Ftags&post=11007"}],"curies":[{"name":"wp","href":"https:\/\/api.w.org\/{rel}","templated":true}]}}