{"id":11012,"date":"2024-08-27T17:57:13","date_gmt":"2024-08-27T17:57:13","guid":{"rendered":"https:\/\/ladepeche.mr\/?p=11012"},"modified":"2024-08-27T17:57:13","modified_gmt":"2024-08-27T17:57:13","slug":"groupes-vulnerables-ould-beda-dit-vouloir-ameliorer-les-performances-de-taazour-a-leur-profit","status":"publish","type":"post","link":"https:\/\/ladepeche.mr\/?p=11012","title":{"rendered":"Groupes vuln\u00e9rables : Ould Beda dit vouloir am\u00e9liorer les performances de &#8220;Taazour&#8221; \u00e0 leur profit"},"content":{"rendered":"<p style=\"background: white; margin: 0cm 0cm 12.75pt 0cm;\"><span style=\"font-family: 'Louguiya Bold',serif; color: black;\">Le d\u00e9l\u00e9gu\u00e9 g\u00e9n\u00e9ral \u00e0 la solidarit\u00e9 nationale et \u00e0 la lutte contre l\u2019exclusion (TAAZOUR), Cheikh Ould Beda, a promis, mardi, \u00e0 l\u2019occasion d\u2019une visite de terrain aux structures relevant de sa d\u00e9l\u00e9gation, qu\u2019il ne m\u00e9nagera aucun effort pour permettre aux groupes vuln\u00e9rables d\u2019acc\u00e9der \u00e0 tous les services fournis par son institution, conform\u00e9ment aux hautes instructions du Pr\u00e9sident de la R\u00e9publique, Mohamed Ould Cheikh El Ghazouani, a-t-il dit. Il leur a, par ailleurs, r\u00e9affirm\u00e9 l\u2019int\u00e9r\u00eat particulier qu\u2019il porte \u00e0 tous les citoyens, mais en particulier, les groupes les plus n\u00e9cessiteux.<\/span><\/p>\n<p style=\"background: white; margin: 0cm 0cm 12.75pt 0cm;\"><span style=\"font-family: 'Louguiya Bold',serif; color: black;\">Cheikh Ould Beda a encore inscrit les efforts promis dans la mise en \u0153uvre des \u00ab\u00a0diff\u00e9rentes composantes du programme \u00e9lectoral de Son Excellence le Pr\u00e9sident de la R\u00e9publique\u00a0\u00bb, pour lesquelles il s\u2019est personnellement engag\u00e9 \u00ab\u00a0\u00e0 redoubler d\u2019efforts et \u00e0 en accro\u00eetre les performances\u00a0\u00bb via son institution afin de concr\u00e9tiser les instructions et objectifs assign\u00e9s par le pr\u00e9sident de la R\u00e9publique au profit des groupes cibles. A ce titre, il a \u00e9galement plac\u00e9 la visite de terrain dans l\u2019optique de \u00ab\u00a0construction, de d\u00e9veloppement et de progr\u00e8s dans tous les domaines\u00a0\u00bb.<\/span><\/p>\n<p style=\"background: white; margin: 0cm 0cm 12.75pt 0cm;\"><span style=\"font-family: 'Louguiya Bold',serif; color: black;\">Le d\u00e9l\u00e9gu\u00e9 a enfin expliqu\u00e9 sa visite, en compagnie des autorit\u00e9s concern\u00e9es, des wilayas Nord et Sud de Nouakchott dans l\u2019objectif de mieux s\u2019impr\u00e9gner du r\u00f4le jou\u00e9 par ces magasins dans l\u2019am\u00e9lioration des conditions des populations et pour pouvoir \u00e9changer avec les b\u00e9n\u00e9ficiaires des programmes et de leurs attentes pour la mise en \u0153uvre des diff\u00e9rents axes des programmes d\u00e9roul\u00e9s par \u00ab\u00a0Taazour\u00a0\u00bb.<\/span><\/p>\n<p style=\"background: white; margin: 0cm 0cm 12.75pt 0cm;\"><span style=\"font-family: 'Louguiya Bold',serif; color: black;\">Le d\u00e9l\u00e9gu\u00e9 g\u00e9n\u00e9ral \u00e9tait accompagn\u00e9 au cours de la visite du secr\u00e9taire g\u00e9n\u00e9ral, M. Sadvi Ould Sidi Mohamed, au c\u00f4t\u00e9 de plusieurs responsables centraux de la d\u00e9l\u00e9gation.<\/span><\/p>\n<p>&nbsp;<\/p>\n","protected":false},"excerpt":{"rendered":"<p>Le d\u00e9l\u00e9gu\u00e9 g\u00e9n\u00e9ral \u00e0 la solidarit\u00e9 nationale et \u00e0 la lutte contre l\u2019exclusion (TAAZOUR), Cheikh Ould Beda, a promis, mardi, \u00e0 l\u2019occasion d\u2019une visite de terrain aux structures relevant de sa d\u00e9l\u00e9gation, qu\u2019il ne m\u00e9nagera aucun effort pour permettre aux groupes vuln\u00e9rables d\u2019acc\u00e9der \u00e0 tous les services fournis par son institution, conform\u00e9ment aux hautes instructions &hellip;<\/p>\n","protected":false},"author":2,"featured_media":11013,"comment_status":"open","ping_status":"open","sticky":false,"template":"","format":"standard","meta":{"footnotes":""},"categories":[18,2],"tags":[],"class_list":["post-11012","post","type-post","status-publish","format-standard","has-post-thumbnail","hentry","category-actualites","category-economie"],"_links":{"self":[{"href":"https:\/\/ladepeche.mr\/index.php?rest_route=\/wp\/v2\/posts\/11012","targetHints":{"allow":["GET"]}}],"collection":[{"href":"https:\/\/ladepeche.mr\/index.php?rest_route=\/wp\/v2\/posts"}],"about":[{"href":"https:\/\/ladepeche.mr\/index.php?rest_route=\/wp\/v2\/types\/post"}],"author":[{"embeddable":true,"href":"https:\/\/ladepeche.mr\/index.php?rest_route=\/wp\/v2\/users\/2"}],"replies":[{"embeddable":true,"href":"https:\/\/ladepeche.mr\/index.php?rest_route=%2Fwp%2Fv2%2Fcomments&post=11012"}],"version-history":[{"count":1,"href":"https:\/\/ladepeche.mr\/index.php?rest_route=\/wp\/v2\/posts\/11012\/revisions"}],"predecessor-version":[{"id":11014,"href":"https:\/\/ladepeche.mr\/index.php?rest_route=\/wp\/v2\/posts\/11012\/revisions\/11014"}],"wp:featuredmedia":[{"embeddable":true,"href":"https:\/\/ladepeche.mr\/index.php?rest_route=\/wp\/v2\/media\/11013"}],"wp:attachment":[{"href":"https:\/\/ladepeche.mr\/index.php?rest_route=%2Fwp%2Fv2%2Fmedia&parent=11012"}],"wp:term":[{"taxonomy":"category","embeddable":true,"href":"https:\/\/ladepeche.mr\/index.php?rest_route=%2Fwp%2Fv2%2Fcategories&post=11012"},{"taxonomy":"post_tag","embeddable":true,"href":"https:\/\/ladepeche.mr\/index.php?rest_route=%2Fwp%2Fv2%2Ftags&post=11012"}],"curies":[{"name":"wp","href":"https:\/\/api.w.org\/{rel}","templated":true}]}}