{"id":11021,"date":"2024-08-27T18:40:17","date_gmt":"2024-08-27T18:40:17","guid":{"rendered":"https:\/\/ladepeche.mr\/?p=11021"},"modified":"2024-08-27T18:13:43","modified_gmt":"2024-08-27T18:13:43","slug":"gaza-amnesty-international-accuse-israel-de-crime-de-guerre","status":"publish","type":"post","link":"https:\/\/ladepeche.mr\/?p=11021","title":{"rendered":"Gaza: Amnesty International accuse Isra\u00ebl de crime de guerre"},"content":{"rendered":"<div>\n<div>\n<p>L\u2019enqu\u00eate se concentre sur deux attaques de l\u2019arm\u00e9e isra\u00e9lienne en mai dernier dans une op\u00e9ration qui, officiellement, ciblait le Jihad islamique et le Hamas. Selon Amnesty, ces deux attaques ont \u00e9t\u00e9 men\u00e9es sans distinction entre civils et combattants, et ont, \u00e9galement, \u00e9t\u00e9 disproportionn\u00e9es. Une enqu\u00eate pour crime de guerre devrait \u00eatre ouverte.<\/p>\n<\/div>\n<\/div>\n<div>\n<div>\n<p>La premi\u00e8re a eu lieu le 26 mai dernier sur le camp de d\u00e9plac\u00e9s de la Paix kowe\u00eftienne dans le Tal-al-Sultan \u00e0 l\u2019ouest de Rafah. Cette attaque a fait 36 morts et 100 bless\u00e9s. L\u2019organisation des droits de l\u2019Homme souligne que seulement quatre combattants ont \u00e9t\u00e9 tu\u00e9s et qu\u2019Isra\u00ebl a utilis\u00e9 des bombes, connues pour projeter des shrapnels sur une vaste zone occasionnant, ainsi, de nombreux bless\u00e9s. Utiliser ce type de bombes dans un camp surpeupl\u00e9 de d\u00e9plac\u00e9s est disproportionn\u00e9 et est susceptible de g\u00e9n\u00e9rer de nombreuses victimes civiles, souligne le communiqu\u00e9 d\u2019Amnesty.<\/p>\n<\/div>\n<\/div>\n<div>\n<div>\n<p><strong>Des attaques justifi\u00e9es par la pr\u00e9sence de membres du Hamas<\/strong><\/p>\n<\/div>\n<\/div>\n<div>\n<div>\n<p>L\u2019organisation a d\u00e9couvert, apr\u00e8s enqu\u00eate, que les bombes utilis\u00e9es faisaient 113kg et que les victimes sont, pour la plupart, mortes \u00e0 cause des fragments de bombes. Certaines ont \u00e9t\u00e9 d\u00e9capit\u00e9es. D\u2019autres, s\u00e9v\u00e8rement br\u00fbl\u00e9es. Amnesty souligne la disproportion entre l&#8217;\u00e9norme puissance de la bombe et la cible constitu\u00e9e de quatre personnes.<\/p>\n<\/div>\n<\/div>\n<div>\n<div>\n<p>La seconde attaque a eu lieu le 28 mai dernier sur al-Masawi qui, pourtant, avait \u00e9t\u00e9 annonc\u00e9e comme une zone s\u00fbre par les autorit\u00e9s militaires isra\u00e9liennes. Le bombardement a fait 23 morts dont 12 enfants.<\/p>\n<\/div>\n<\/div>\n<div>\n<div>\n<p>\u00c0 nouveau, cette attaque qui \u00e9tait dirig\u00e9e contre un combattant du Hamas et un combattant du Jihad islamique n\u2019a pas fait la distinction entre civils et combattants.<\/p>\n<p><strong>La pr\u00e9sence de combattants n\u2019autorise pas le ciblage de civils<\/strong><\/p>\n<\/div>\n<\/div>\n<div>\n<div>\n<p>\u201cLes autorit\u00e9s militaires \u00e9taient parfaitement conscientes que l\u2019usage de bombes qui projettent des shrapnels sur des centaines de m\u00e8tres et l\u2019usage de roquettes non t\u00e9l\u00e9guid\u00e9es allait tuer de nombreux civils\u201d a soulign\u00e9 Erika Guevara-Rosas, directrice g\u00e9n\u00e9rale des recherches, du travail de plaidoyer, des politiques et des campagnes \u00e0 Amnesty International. Elle rappelle \u00e9galement que la pr\u00e9sence de combattants parmi des civils n\u2019autorise pas Isra\u00ebl \u00e0 bombarder sans distinction. Selon le droit international, l\u2019arm\u00e9e doit, en toute circonstance, prendre des mesures pour prot\u00e9ger les civils.<\/p>\n<\/div>\n<\/div>\n<div>\n<div>\n<p>La guerre men\u00e9e par Isra\u00ebl \u00e0 Gaza a fait 40 435 victimes \u00e0 ce jour. Les bless\u00e9s se comptent, eux, par centaines de milliers.<\/p>\n<p>https:\/\/www.trtfrancais.com\/<\/p>\n<\/div>\n<\/div>\n","protected":false},"excerpt":{"rendered":"<p>L\u2019enqu\u00eate se concentre sur deux attaques de l\u2019arm\u00e9e isra\u00e9lienne en mai dernier dans une op\u00e9ration qui, officiellement, ciblait le Jihad islamique et le Hamas. Selon Amnesty, ces deux attaques ont \u00e9t\u00e9 men\u00e9es sans distinction entre civils et combattants, et ont, \u00e9galement, \u00e9t\u00e9 disproportionn\u00e9es. Une enqu\u00eate pour crime de guerre devrait \u00eatre ouverte. La premi\u00e8re a &hellip;<\/p>\n","protected":false},"author":2,"featured_media":11022,"comment_status":"open","ping_status":"open","sticky":false,"template":"","format":"standard","meta":{"footnotes":""},"categories":[18,29],"tags":[],"class_list":["post-11021","post","type-post","status-publish","format-standard","has-post-thumbnail","hentry","category-actualites","category-monde"],"_links":{"self":[{"href":"https:\/\/ladepeche.mr\/index.php?rest_route=\/wp\/v2\/posts\/11021","targetHints":{"allow":["GET"]}}],"collection":[{"href":"https:\/\/ladepeche.mr\/index.php?rest_route=\/wp\/v2\/posts"}],"about":[{"href":"https:\/\/ladepeche.mr\/index.php?rest_route=\/wp\/v2\/types\/post"}],"author":[{"embeddable":true,"href":"https:\/\/ladepeche.mr\/index.php?rest_route=\/wp\/v2\/users\/2"}],"replies":[{"embeddable":true,"href":"https:\/\/ladepeche.mr\/index.php?rest_route=%2Fwp%2Fv2%2Fcomments&post=11021"}],"version-history":[{"count":1,"href":"https:\/\/ladepeche.mr\/index.php?rest_route=\/wp\/v2\/posts\/11021\/revisions"}],"predecessor-version":[{"id":11023,"href":"https:\/\/ladepeche.mr\/index.php?rest_route=\/wp\/v2\/posts\/11021\/revisions\/11023"}],"wp:featuredmedia":[{"embeddable":true,"href":"https:\/\/ladepeche.mr\/index.php?rest_route=\/wp\/v2\/media\/11022"}],"wp:attachment":[{"href":"https:\/\/ladepeche.mr\/index.php?rest_route=%2Fwp%2Fv2%2Fmedia&parent=11021"}],"wp:term":[{"taxonomy":"category","embeddable":true,"href":"https:\/\/ladepeche.mr\/index.php?rest_route=%2Fwp%2Fv2%2Fcategories&post=11021"},{"taxonomy":"post_tag","embeddable":true,"href":"https:\/\/ladepeche.mr\/index.php?rest_route=%2Fwp%2Fv2%2Ftags&post=11021"}],"curies":[{"name":"wp","href":"https:\/\/api.w.org\/{rel}","templated":true}]}}