{"id":1103,"date":"2022-07-20T21:37:45","date_gmt":"2022-07-20T21:37:45","guid":{"rendered":"https:\/\/ladepeche.mr\/?p=1103"},"modified":"2022-07-28T07:16:05","modified_gmt":"2022-07-28T07:16:05","slug":"1103","status":"publish","type":"post","link":"https:\/\/ladepeche.mr\/?p=1103","title":{"rendered":"Centre hospitalier M\u00e8re et Enfant\u00a0: la tourmente"},"content":{"rendered":"<p>Une sombre affaire de disparition d\u2019un montant de plus de 470 millions MRO r\u00e9v\u00e9l\u00e9e par nos confr\u00e8res Al Akhbar plonge le Centre hospitalier \u00ab\u00a0M\u00e8re et Enfants\u00a0\u00bb dans aire de turbulences profondes.<\/p>\n<p>L\u2019affaire aurait \u00e9t\u00e9 d\u00e9tect\u00e9e par le minist\u00e8re des Finances \u00e0 la suite d\u2019un contr\u00f4le financier et qui a aussit\u00f4t \u00a0suspendu la signature du comptable du Centre hospitalier.<\/p>\n<p>Une information judiciaire aurait \u00e9t\u00e9 ouverte contre \u00abX\u00a0\u00bb pour remonter l\u2019origine de cette h\u00e9morragie financi\u00e8re.<\/p>\n","protected":false},"excerpt":{"rendered":"<p>Une sombre affaire de disparition d\u2019un montant de plus de 470 millions MRO r\u00e9v\u00e9l\u00e9e par nos confr\u00e8res Al Akhbar plonge le Centre hospitalier \u00ab\u00a0M\u00e8re et Enfants\u00a0\u00bb dans aire de turbulences profondes. L\u2019affaire aurait \u00e9t\u00e9 d\u00e9tect\u00e9e par le minist\u00e8re des Finances \u00e0 la suite d\u2019un contr\u00f4le financier et qui a aussit\u00f4t \u00a0suspendu la signature du comptable &hellip;<\/p>\n","protected":false},"author":2,"featured_media":1104,"comment_status":"open","ping_status":"open","sticky":false,"template":"","format":"standard","meta":{"footnotes":""},"categories":[26,30,31],"tags":[],"class_list":["post-1103","post","type-post","status-publish","format-standard","has-post-thumbnail","hentry","category-en-panne","category-enquetes","category-politique-et-reportages"],"_links":{"self":[{"href":"https:\/\/ladepeche.mr\/index.php?rest_route=\/wp\/v2\/posts\/1103","targetHints":{"allow":["GET"]}}],"collection":[{"href":"https:\/\/ladepeche.mr\/index.php?rest_route=\/wp\/v2\/posts"}],"about":[{"href":"https:\/\/ladepeche.mr\/index.php?rest_route=\/wp\/v2\/types\/post"}],"author":[{"embeddable":true,"href":"https:\/\/ladepeche.mr\/index.php?rest_route=\/wp\/v2\/users\/2"}],"replies":[{"embeddable":true,"href":"https:\/\/ladepeche.mr\/index.php?rest_route=%2Fwp%2Fv2%2Fcomments&post=1103"}],"version-history":[{"count":2,"href":"https:\/\/ladepeche.mr\/index.php?rest_route=\/wp\/v2\/posts\/1103\/revisions"}],"predecessor-version":[{"id":1106,"href":"https:\/\/ladepeche.mr\/index.php?rest_route=\/wp\/v2\/posts\/1103\/revisions\/1106"}],"wp:featuredmedia":[{"embeddable":true,"href":"https:\/\/ladepeche.mr\/index.php?rest_route=\/wp\/v2\/media\/1104"}],"wp:attachment":[{"href":"https:\/\/ladepeche.mr\/index.php?rest_route=%2Fwp%2Fv2%2Fmedia&parent=1103"}],"wp:term":[{"taxonomy":"category","embeddable":true,"href":"https:\/\/ladepeche.mr\/index.php?rest_route=%2Fwp%2Fv2%2Fcategories&post=1103"},{"taxonomy":"post_tag","embeddable":true,"href":"https:\/\/ladepeche.mr\/index.php?rest_route=%2Fwp%2Fv2%2Ftags&post=1103"}],"curies":[{"name":"wp","href":"https:\/\/api.w.org\/{rel}","templated":true}]}}