{"id":11037,"date":"2024-08-27T23:28:30","date_gmt":"2024-08-27T23:28:30","guid":{"rendered":"https:\/\/ladepeche.mr\/?p=11037"},"modified":"2024-08-27T23:28:30","modified_gmt":"2024-08-27T23:28:30","slug":"le-president-de-la-republique-recoit-le-premier-ministre-espagnol-en-visite-damitie-et-de-travail-en-mauritanie","status":"publish","type":"post","link":"https:\/\/ladepeche.mr\/?p=11037","title":{"rendered":"Le Pr\u00e9sident de la R\u00e9publique re\u00e7oit le Pr\u00e9mier ministre espagnol, en visite d\u2019amiti\u00e9 et de travail en Mauritanie"},"content":{"rendered":"<p>Son Excellence le Pr\u00e9sident de la R\u00e9publique, Pr\u00e9sident de l\u2019Union africaine, Monsieur Mohamed Ould Cheikh El Ghazouani, a re\u00e7u, mardi soir \u00e0 l\u2019a\u00e9roport international de Nouakchott, le Premier ministre espagnol, M. Pedro Sanchez, qui effectue une visite d\u2019amiti\u00e9 et de travail, de deux jours.en Mauritanie<\/p>\n<p>Ont assist\u00e9 \u00e0 l\u2019accueil r\u00e9serv\u00e9 par le Pr\u00e9sident de la R\u00e9publique \u00e0 l\u2019h\u00f4te espagnol MM: le Premier ministre M. Mokhtar Ould Diay, le secr\u00e9taire g\u00e9n\u00e9ral de la Pr\u00e9sidence de la R\u00e9publique, le ministre charg\u00e9 de cabinet du Pr\u00e9sident de la R\u00e9publique, les deux ministres conseillers \u00e0 la Pr\u00e9sidence de la R\u00e9publique, plusieurs membres du gouvernement, le wali de Nouakchott Ouest, la pr\u00e9sidente de la r\u00e9gion de Nouakchott, le doyen du corps diplomatique accr\u00e9dit\u00e9 en Mauritanie, l\u2019ambassadeur d\u2019Espagne dans notre pays, en plus de nombre de hauts dignitaires de l\u2019Etat.<\/p>\n<p>Ami<\/p>\n","protected":false},"excerpt":{"rendered":"<p>Son Excellence le Pr\u00e9sident de la R\u00e9publique, Pr\u00e9sident de l\u2019Union africaine, Monsieur Mohamed Ould Cheikh El Ghazouani, a re\u00e7u, mardi soir \u00e0 l\u2019a\u00e9roport international de Nouakchott, le Premier ministre espagnol, M. Pedro Sanchez, qui effectue une visite d\u2019amiti\u00e9 et de travail, de deux jours.en Mauritanie Ont assist\u00e9 \u00e0 l\u2019accueil r\u00e9serv\u00e9 par le Pr\u00e9sident de la &hellip;<\/p>\n","protected":false},"author":2,"featured_media":11038,"comment_status":"open","ping_status":"open","sticky":false,"template":"","format":"standard","meta":{"footnotes":""},"categories":[18,29],"tags":[],"class_list":["post-11037","post","type-post","status-publish","format-standard","has-post-thumbnail","hentry","category-actualites","category-monde"],"_links":{"self":[{"href":"https:\/\/ladepeche.mr\/index.php?rest_route=\/wp\/v2\/posts\/11037","targetHints":{"allow":["GET"]}}],"collection":[{"href":"https:\/\/ladepeche.mr\/index.php?rest_route=\/wp\/v2\/posts"}],"about":[{"href":"https:\/\/ladepeche.mr\/index.php?rest_route=\/wp\/v2\/types\/post"}],"author":[{"embeddable":true,"href":"https:\/\/ladepeche.mr\/index.php?rest_route=\/wp\/v2\/users\/2"}],"replies":[{"embeddable":true,"href":"https:\/\/ladepeche.mr\/index.php?rest_route=%2Fwp%2Fv2%2Fcomments&post=11037"}],"version-history":[{"count":1,"href":"https:\/\/ladepeche.mr\/index.php?rest_route=\/wp\/v2\/posts\/11037\/revisions"}],"predecessor-version":[{"id":11039,"href":"https:\/\/ladepeche.mr\/index.php?rest_route=\/wp\/v2\/posts\/11037\/revisions\/11039"}],"wp:featuredmedia":[{"embeddable":true,"href":"https:\/\/ladepeche.mr\/index.php?rest_route=\/wp\/v2\/media\/11038"}],"wp:attachment":[{"href":"https:\/\/ladepeche.mr\/index.php?rest_route=%2Fwp%2Fv2%2Fmedia&parent=11037"}],"wp:term":[{"taxonomy":"category","embeddable":true,"href":"https:\/\/ladepeche.mr\/index.php?rest_route=%2Fwp%2Fv2%2Fcategories&post=11037"},{"taxonomy":"post_tag","embeddable":true,"href":"https:\/\/ladepeche.mr\/index.php?rest_route=%2Fwp%2Fv2%2Ftags&post=11037"}],"curies":[{"name":"wp","href":"https:\/\/api.w.org\/{rel}","templated":true}]}}