{"id":11040,"date":"2024-08-28T08:30:41","date_gmt":"2024-08-28T08:30:41","guid":{"rendered":"https:\/\/ladepeche.mr\/?p=11040"},"modified":"2024-08-28T00:03:46","modified_gmt":"2024-08-28T00:03:46","slug":"le-ministre-de-leconomie-et-des-finances-recoit-le-representant-de-lunicef-dans-notre-pays","status":"publish","type":"post","link":"https:\/\/ladepeche.mr\/?p=11040","title":{"rendered":"Le ministre de l&#8217;\u00c9conomie et des Finances re\u00e7oit le repr\u00e9sentant de l&#8217;UNICEF dans notre pays"},"content":{"rendered":"<p>Son Excellence le ministre de l&#8217;\u00c9conomie et des Finances, M. Sid\u2019Ahmed Ould Bouh, a tenu, mardi apr\u00e8s midi en son bureau, une rencontre avec le repr\u00e9sentant r\u00e9sident de l&#8217;UNICEF en Mauritanie, M. El Kebir Mdarhri Alaoui,.<\/p>\n<p>Au cours de l&#8217;entretien, les deux parties ont examin\u00e9 les moyens de renforcer la coop\u00e9ration mutuelle et d&#8217;acc\u00e9l\u00e9rer la mise en \u0153uvre du programme national conjoint entre notre pays et l&#8217;UNICEF, d\u00e9coulant du Plan-Cadre des Coop\u00e9rations des Nations Unies pour le D\u00e9veloppement 2024-2027.<\/p>\n<p>Ce plan vise \u00e0 permettre aux enfants et adolescents-gar\u00e7on et fille- , particuli\u00e8rement les plus vuln\u00e9rables des milieux p\u00e9riurbain et rural , d&#8217;acc\u00e9der \u00e9quitablement \u00e0 des services sociaux essentiels de qualit\u00e9, leur offrant ainsi les moyens de renforcer leur r\u00e9silience.<\/p>\n<p>Ont pris part \u00e0 la rencontre M. Cheikhna Ould Beddad, directeur g\u00e9n\u00e9ral des Politiques et Strat\u00e9gies au Minist\u00e8re de l&#8217;\u00c9conomie et des Finances, et Mme Magali Romdenne, repr\u00e9sentante adjointe de l&#8217;UNICEF en Mauritanie.<\/p>\n<p>Source MEF<\/p>\n","protected":false},"excerpt":{"rendered":"<p>Son Excellence le ministre de l&#8217;\u00c9conomie et des Finances, M. Sid\u2019Ahmed Ould Bouh, a tenu, mardi apr\u00e8s midi en son bureau, une rencontre avec le repr\u00e9sentant r\u00e9sident de l&#8217;UNICEF en Mauritanie, M. El Kebir Mdarhri Alaoui,. Au cours de l&#8217;entretien, les deux parties ont examin\u00e9 les moyens de renforcer la coop\u00e9ration mutuelle et d&#8217;acc\u00e9l\u00e9rer la &hellip;<\/p>\n","protected":false},"author":2,"featured_media":11041,"comment_status":"open","ping_status":"open","sticky":false,"template":"","format":"standard","meta":{"footnotes":""},"categories":[18,2],"tags":[],"class_list":["post-11040","post","type-post","status-publish","format-standard","has-post-thumbnail","hentry","category-actualites","category-economie"],"_links":{"self":[{"href":"https:\/\/ladepeche.mr\/index.php?rest_route=\/wp\/v2\/posts\/11040","targetHints":{"allow":["GET"]}}],"collection":[{"href":"https:\/\/ladepeche.mr\/index.php?rest_route=\/wp\/v2\/posts"}],"about":[{"href":"https:\/\/ladepeche.mr\/index.php?rest_route=\/wp\/v2\/types\/post"}],"author":[{"embeddable":true,"href":"https:\/\/ladepeche.mr\/index.php?rest_route=\/wp\/v2\/users\/2"}],"replies":[{"embeddable":true,"href":"https:\/\/ladepeche.mr\/index.php?rest_route=%2Fwp%2Fv2%2Fcomments&post=11040"}],"version-history":[{"count":1,"href":"https:\/\/ladepeche.mr\/index.php?rest_route=\/wp\/v2\/posts\/11040\/revisions"}],"predecessor-version":[{"id":11042,"href":"https:\/\/ladepeche.mr\/index.php?rest_route=\/wp\/v2\/posts\/11040\/revisions\/11042"}],"wp:featuredmedia":[{"embeddable":true,"href":"https:\/\/ladepeche.mr\/index.php?rest_route=\/wp\/v2\/media\/11041"}],"wp:attachment":[{"href":"https:\/\/ladepeche.mr\/index.php?rest_route=%2Fwp%2Fv2%2Fmedia&parent=11040"}],"wp:term":[{"taxonomy":"category","embeddable":true,"href":"https:\/\/ladepeche.mr\/index.php?rest_route=%2Fwp%2Fv2%2Fcategories&post=11040"},{"taxonomy":"post_tag","embeddable":true,"href":"https:\/\/ladepeche.mr\/index.php?rest_route=%2Fwp%2Fv2%2Ftags&post=11040"}],"curies":[{"name":"wp","href":"https:\/\/api.w.org\/{rel}","templated":true}]}}