{"id":11043,"date":"2024-08-28T09:00:17","date_gmt":"2024-08-28T09:00:17","guid":{"rendered":"https:\/\/ladepeche.mr\/?p=11043"},"modified":"2024-08-28T08:50:48","modified_gmt":"2024-08-28T08:50:48","slug":"immigration-une-question-de-dignite-et-de-solidarite-pour-pedro-sanchez-en-visite-en-mauritanie","status":"publish","type":"post","link":"https:\/\/ladepeche.mr\/?p=11043","title":{"rendered":"Immigration : une question &#8220;de dignit\u00e9 et de solidarit\u00e9&#8221; pour Pedro S\u00e1nchez, en visite en Mauritanie"},"content":{"rendered":"<p class=\"c-article-summary\">En tourn\u00e9e de trois jours en Afrique de l&#8217;Ouest, le Premier ministre espagnol Pedro S\u00e1nchez s&#8217;est rendu en Mauritanie afin d&#8217;ouvrir des voies d&#8217;immigrations l\u00e9gales avec le pays d&#8217;Afrique de l&#8217;Ouest.<\/p>\n<div id=\"poool-content\" class=\"c-article-content js-article-content poool-content\" data-poool-session-status=\"released\">\n<div class=\"c-article-content__first-element\"><\/div>\n<p>En visite pour la deuxi\u00e8me fois de l&#8217;ann\u00e9e en Mauritanie,\u00a0<a href=\"https:\/\/fr.euronews.com\/my-europe\/2024\/04\/29\/espagne-analyse-de-la-decision-de-pedro-sanchez-de-ne-pas-demissionner\"><strong>le Premier ministre espagnol Pedro S\u00e1nchez<\/strong><\/a>\u00a0a annonc\u00e9 mardi 28 ao\u00fbt, une s\u00e9rie d&#8217;accords avec le pays d&#8217;Afrique de l&#8217;Ouest, afin d&#8217;<strong>endiguer l&#8217;afflux de migrants clandestins<\/strong>, toujours plus nombreux \u00e0 risquer leur vie pour atteindre les \u00eeles Canaries.<\/p>\n<p>Le d\u00e9placement du chef de gouvernement espagnol \u00e0 Nouakchott s&#8217;inscrit dans le cadre d&#8217;une\u00a0<strong>tourn\u00e9e de trois jours en Afrique de l&#8217;Ouest<\/strong>\u00a0du 27 aout 29 ao\u00fbt, dont les prochaines \u00e9tapes seront la Gambie et le S\u00e9n\u00e9gal. C&#8217;est de ces pays, avec la Mauritanie, que partent la majorit\u00e9 des embarcations de migrants qui entreprennent de traverser l&#8217;Atlantique jusqu&#8217;aux\u00a0<a href=\"https:\/\/fr.euronews.com\/my-europe\/2024\/08\/23\/le-premier-ministre-espagnol-sest-rendu-aux-iles-canaries-pour-discuter-des-mineurs-isoles\"><strong>\u00celes Canaries<\/strong>.<\/a><\/p>\n<h2>Pedro S\u00e1nchez appelle \u00e0 une gestion &#8220;humaine,\u00a0<em>s\u00fbre et ordonn\u00e9e&#8221; de la migration<\/em><\/h2>\n<p>D\u00e9fendant l&#8217;id\u00e9e selon laquelle la migration est une question de\u00a0<em>&#8220;principes moraux, de solidarit\u00e9 et de dignit\u00e9&#8221;,<\/em>\u00a0Pedro S\u00e1nchez a d\u00e9clar\u00e9 vouloir\u00a0<strong>ouvrir des voies de migrations l\u00e9gales avec la Mauritanie<\/strong>\u00a0et renouveler la coop\u00e9ration entre les forces de s\u00e9curit\u00e9 des deux pays afin de lutter contre le trafic d&#8217;\u00eatres humains.<\/p>\n<p>L&#8217;Espagne pr\u00e9voit d&#8217;\u00e9tablir un &#8220;<strong>programme de migration circulaire&#8221;<\/strong>\u00a0avec la Mauritanie, sur le mod\u00e8le de celui que le pays a \u00e9tabli avec le Maroc. Ce programme, dont l&#8217;objectif est de freiner l&#8217;immigration ill\u00e9gale toute en comblant les p\u00e9nuries de main-d&#8217;\u0153uvre dans le secteur agricole espagnol, vise \u00e0 proposer des visas pendant une dur\u00e9e limit\u00e9e aux ressortissants des pays concern\u00e9s, dans le cadre d&#8217;un emploi saisonnier.<\/p>\n<p><em>&#8220;<strong>Malgr\u00e9 la rh\u00e9torique qui se d\u00e9veloppe en Europe, la migration n&#8217;est pas un probl\u00e8me&#8221;,<\/strong><\/em>\u00a0a-t-il d\u00e9clar\u00e9 le premier ministre espagnol, reconnaissant ouvertement le besoin de travailleurs migrants dans la soci\u00e9t\u00e9 vieillissante de l&#8217;Espagne.\u00a0<em><strong>&#8220;C&#8217;est un besoin qui implique certains probl\u00e8mes<\/strong><\/em><em>, et pour cela nous devons proposer des formules qui nous permettent de g\u00e9rer le ph\u00e9nom\u00e8ne de la migration d&#8217;une mani\u00e8re humaine, s\u00fbre et ordonn\u00e9e, au b\u00e9n\u00e9fice de nos soci\u00e9t\u00e9s respectives.<\/em><\/p>\n<p>Le premier ministre a exprim\u00e9 sa gratitude au gouvernement mauritanien\u00a0<em>&#8220;pour ses efforts dans la lutte contre la migration irr\u00e9guli\u00e8re et sa coop\u00e9ration dans la lutte contre les r\u00e9seaux de trafic d&#8217;\u00eatres humains&#8221;.<\/em><\/p>\n<p>Le pr\u00e9sident mauritanien, Mohamed Ould Ghazouani, a remerci\u00e9 Pedro S\u00e1nchez, qui s&#8217;est d\u00e9j\u00e0 rendu deux fois en Mauritanie cette ann\u00e9e, pour\u00a0<em>&#8220;l&#8217;engagement constant de l&#8217;Espagne en faveur du d\u00e9veloppement de notre pays&#8221;<\/em>.<\/p>\n<h2>Les \u00eeles Canaries, un tremplin pour atteindre l&#8217;Europe continentale<\/h2>\n<p>Situ\u00e9es \u00e0 proximit\u00e9 des c\u00f4tes africaines, les \u00celes Canaries servent de tremplin pour les migrants aspirant \u00e0 atteindre l&#8217;Europe continentale.\u00a0<strong>En 2024, plus de 22 000 personnes ont d\u00e9barqu\u00e9 sur leurs c\u00f4tes de l&#8217;archipel<\/strong>, soit plus du double du nombre d&#8217;arriv\u00e9es irr\u00e9guli\u00e8res pour la m\u00eame p\u00e9riode, l&#8217;ann\u00e9e pr\u00e9c\u00e9dente, selon le minist\u00e8re espagnol de l&#8217;int\u00e9rieur.<\/p>\n<p>Parmi ces personnes figurent des jeunes \u00e0 la recherche d&#8217;un meilleur emploi \u00e0 l&#8217;\u00e9tranger, mais aussi des milliers de r\u00e9fugi\u00e9s maliens fuyant la violence et l&#8217;instabilit\u00e9 qui r\u00e8gnent dans la r\u00e9gion du Sahel.<\/p>\n<p>Afin d&#8217;alerter Ursula Von der Leyen quant au besoin urgent d&#8217;un soutien europ\u00e9en pour faire face \u00e0 la crise migratoire,<a href=\"https:\/\/fr.euronews.com\/my-europe\/2024\/08\/27\/les-iles-canaries-invitent-ursula-von-der-leyen-a-venir-constater-la-crise-migratoire\"><strong>les autorit\u00e9s des \u00celes Canaries ont envoy\u00e9 une une invitation officielle \u00e0 la pr\u00e9sidente de la Commission europ\u00e9enne<\/strong><\/a>.<\/p>\n<p>En f\u00e9vrier dernier,\u00a0<a href=\"https:\/\/fr.euronews.com\/2024\/02\/09\/lue-va-verser-210-millions-deuros-a-la-mauritanie-pour-la-lutte-contre-limmigration-illega\"><strong>la dirigeante europ\u00e9enne s&#8217;\u00e9tait rendu en Mauritanie<\/strong><\/a>\u00a0en pr\u00e9sence de Pedro S\u00e1nchez, et avait annonc\u00e9 une aide 210 millions d&#8217;euros au pays, particuli\u00e8rement touch\u00e9 par la crise migratoire.<\/p>\n<p>https:\/\/fr.euronews.com\/<\/p>\n<\/div>\n<p>&nbsp;<\/p>\n","protected":false},"excerpt":{"rendered":"<p>En tourn\u00e9e de trois jours en Afrique de l&#8217;Ouest, le Premier ministre espagnol Pedro S\u00e1nchez s&#8217;est rendu en Mauritanie afin d&#8217;ouvrir des voies d&#8217;immigrations l\u00e9gales avec le pays d&#8217;Afrique de l&#8217;Ouest. En visite pour la deuxi\u00e8me fois de l&#8217;ann\u00e9e en Mauritanie,\u00a0le Premier ministre espagnol Pedro S\u00e1nchez\u00a0a annonc\u00e9 mardi 28 ao\u00fbt, une s\u00e9rie d&#8217;accords avec le &hellip;<\/p>\n","protected":false},"author":2,"featured_media":11044,"comment_status":"open","ping_status":"open","sticky":false,"template":"","format":"standard","meta":{"footnotes":""},"categories":[18],"tags":[],"class_list":["post-11043","post","type-post","status-publish","format-standard","has-post-thumbnail","hentry","category-actualites"],"_links":{"self":[{"href":"https:\/\/ladepeche.mr\/index.php?rest_route=\/wp\/v2\/posts\/11043","targetHints":{"allow":["GET"]}}],"collection":[{"href":"https:\/\/ladepeche.mr\/index.php?rest_route=\/wp\/v2\/posts"}],"about":[{"href":"https:\/\/ladepeche.mr\/index.php?rest_route=\/wp\/v2\/types\/post"}],"author":[{"embeddable":true,"href":"https:\/\/ladepeche.mr\/index.php?rest_route=\/wp\/v2\/users\/2"}],"replies":[{"embeddable":true,"href":"https:\/\/ladepeche.mr\/index.php?rest_route=%2Fwp%2Fv2%2Fcomments&post=11043"}],"version-history":[{"count":1,"href":"https:\/\/ladepeche.mr\/index.php?rest_route=\/wp\/v2\/posts\/11043\/revisions"}],"predecessor-version":[{"id":11045,"href":"https:\/\/ladepeche.mr\/index.php?rest_route=\/wp\/v2\/posts\/11043\/revisions\/11045"}],"wp:featuredmedia":[{"embeddable":true,"href":"https:\/\/ladepeche.mr\/index.php?rest_route=\/wp\/v2\/media\/11044"}],"wp:attachment":[{"href":"https:\/\/ladepeche.mr\/index.php?rest_route=%2Fwp%2Fv2%2Fmedia&parent=11043"}],"wp:term":[{"taxonomy":"category","embeddable":true,"href":"https:\/\/ladepeche.mr\/index.php?rest_route=%2Fwp%2Fv2%2Fcategories&post=11043"},{"taxonomy":"post_tag","embeddable":true,"href":"https:\/\/ladepeche.mr\/index.php?rest_route=%2Fwp%2Fv2%2Ftags&post=11043"}],"curies":[{"name":"wp","href":"https:\/\/api.w.org\/{rel}","templated":true}]}}