{"id":11051,"date":"2024-08-28T09:43:57","date_gmt":"2024-08-28T09:43:57","guid":{"rendered":"https:\/\/ladepeche.mr\/?p=11051"},"modified":"2024-08-28T09:43:57","modified_gmt":"2024-08-28T09:43:57","slug":"entretien-avec-yacoub-sidya-pdg-de-mss-security-la-desinformation-est-une-arme-de-destruction-massive","status":"publish","type":"post","link":"https:\/\/ladepeche.mr\/?p=11051","title":{"rendered":"Entretien avec Yacoub Sidya, PDG de MSS Security : \u00ab la d\u00e9sinformation est une arme de destruction massive \u00bb"},"content":{"rendered":"<h4 class=\"wp-block-heading\"><em>Dans un paysage m\u00e9diatique o\u00f9 les fake news peuvent souvent \u00e9clipser la v\u00e9rit\u00e9, Yacoub Sidya, PDG de MSS Security, Global Aviation et Phoenix Precious Metals, estime que la d\u00e9sinformation est l\u2019une des armes utilis\u00e9es par des lobbys qui avancent masqu\u00e9s. Dans cet entretien, celui qui refuse de se consid\u00e9rer comme une victime, parle de l\u2019environnement des affaires en g\u00e9n\u00e9ral, de son parcours entrepreneurial et revient sur ces fameuses accointances avec la Russie.<\/em><\/h4>\n<h4 class=\"wp-block-heading\"><strong>\u00a0Des journaux vous ont accus\u00e9 d\u2019accointances avec Nordgold, une soci\u00e9t\u00e9 mini\u00e8re appartenant au milliardaire russe sanctionn\u00e9 Alexei Mordashov ?<\/strong><\/h4>\n<p>Pour clarifier les choses, je n\u2019ai jamais ni\u00e9 conna\u00eetre ou travailler avec NordGold. Ils \u00e9taient mes clients, tout comme toute autre compagnie mini\u00e8re en Afrique de l\u2019Ouest. Cependant, lorsqu\u2019ils ont \u00e9t\u00e9 plac\u00e9s sur la liste des sanctions par les USA et le Royaume-Uni, j\u2019ai rapidement donn\u00e9 mon pr\u00e9avis conform\u00e9ment \u00e0 la Licence G\u00e9n\u00e9rale OFAC 37. J\u2019ai \u00e9t\u00e9 surpris par cette accusation infond\u00e9e. J\u2019ai imm\u00e9diatement port\u00e9 plainte car je crois en la justice. Ces fake news ont \u00e9t\u00e9 prof\u00e9r\u00e9es \u00e0 dessin pour freiner une entreprise en plein essor et lui attirer les foudres de l\u2019administration am\u00e9ricaine.<\/p>\n<h4 class=\"wp-block-heading\"><strong>Les m\u00eames sources vous accusent d\u2019accointances avec le Polisario ?<\/strong><\/h4>\n<p>Je ne suis pas certain qu\u2019ils proviennent de la m\u00eame source, mais le mode op\u00e9ratoire est identique. Il est notable que cette source soit un m\u00e9dia jusque-l\u00e0 inconnu, avec un nouveau site web lanc\u00e9 seulement en janvier 2023. De plus, leurs comptes sur les r\u00e9seaux sociaux ont \u00e9t\u00e9 cr\u00e9\u00e9s r\u00e9cemment et, pour ajouter au myst\u00e8re, ils ont utilis\u00e9 des noms de journalistes fictifs. Une autre affabulation. Ces sources ont pass\u00e9 en revue mon portefeuille client\u00e8le er y ont vu une ou deux soci\u00e9t\u00e9s marocaines. Quoi de plus facile, pour rompre ces contrats, que de m\u2019accuser d\u2019\u00eatre un sponsor de ce mouvement que je ne connais pas.\u00a0 De m\u00eame, je n\u2019ai jamais blanchi de l\u2019or au profit de l\u2019ancien pr\u00e9sident guin\u00e9en Alpha Cond\u00e9. Je suis leader r\u00e9gional d\u2019une modeste activit\u00e9 de convoyage de l\u2019or et j\u2019ai notamment des contrats avec des banques centrales. C\u2019est cela qui me liait avec la Banque Centrale de Guin\u00e9e (BCRG) et, aujourd\u2019hui, avec d\u2019autres entit\u00e9s publiques et de nombreuses soci\u00e9t\u00e9s mini\u00e8res. Je dispose de toutes les autorisations requises, des assurances internationales les plus respect\u00e9es au Monde, des capacit\u00e9s techniques et des contrats avec les grandes raffineries. Nos r\u00e9f\u00e9rences parlent pour nous.<\/p>\n<h4 class=\"wp-block-heading\">Est-ce que cette intense campagne de presse vous a fait perdre vos clients ?<\/h4>\n<p>Je dois vous le dire, la presse et notamment la presse africaine a un important r\u00f4le \u00e0 jouer dans l\u2019assainissement du monde des affaires. Ces articles ont pour dessein d\u2019entacher la r\u00e9putation de ma personne et de nos soci\u00e9t\u00e9s. Mais seuls les faits sont importants. Cela dit, je crois fermement \u00e0 l\u2019importance d\u2019une presse solide, ind\u00e9pendante et \u00e9thique. Une presse qui respecte ces valeurs joue un r\u00f4le cl\u00e9 dans la responsabilisation des acteurs publics et dans la promotion de la transparence. Cependant, dans la r\u00e9gion du Sahel, nous constatons un d\u00e9clin alarmant de l\u2019int\u00e9grit\u00e9 journalistique. Certains m\u00e9dias privil\u00e9gient d\u00e9sormais les int\u00e9r\u00eats financiers au d\u00e9triment de la v\u00e9rit\u00e9. Bien que des sources d\u2019information cr\u00e9dibles existent encore, la prolif\u00e9ration des plateformes num\u00e9riques \u00e0 faible co\u00fbt a facilit\u00e9 l\u2019apparition de faux journalistes, entra\u00eenant une propagation inqui\u00e9tante de fausses informations.<\/p>\n<h4 class=\"wp-block-heading\">Vous avez mentionn\u00e9 \u00eatre victime de campagnes de presse n\u00e9gatives. Comment ces articles ont-ils affect\u00e9 votre entreprise et votre r\u00e9putation personnelle ?<\/h4>\n<p>Non, je n\u2019ai pas mentionn\u00e9 que j\u2019\u00e9tais une victime, car je refuse de donner \u00e0 mes d\u00e9tracteurs la satisfaction de penser qu\u2019ils ont du pouvoir sur moi. Les campagnes de presse n\u00e9gatives peuvent avoir un impact consid\u00e9rable sur une entreprise de plusieurs fa\u00e7ons : atteinte \u00e0 la r\u00e9putation, pertes financi\u00e8res, tensions avec les partenaires, risques juridiques, et, plus important encore, une baisse du moral des employ\u00e9s. Sur le plan juridique, les risques auxquels nous sommes confront\u00e9s sont multiples. Nous avons d\u00fb engager des poursuites en diffamation contre des m\u00e9dias qui ont propag\u00e9 de fausses informations. De plus, certains gouvernements \u00e9trangers ont intensifi\u00e9 leurs proc\u00e9dures bureaucratiques, ce qui complique nos activit\u00e9s \u00e0 l\u2019international. Ces d\u00e9fis juridiques posent des menaces importantes, en particulier lorsque des accusations infond\u00e9es viennent miner notre cr\u00e9dibilit\u00e9.<\/p>\n<p>Quant \u00e0 ma r\u00e9putation personnelle, elle reste intacte. Ceux qui me connaissent vraiment comprennent mes valeurs et savent ce que je repr\u00e9sente. C\u2019est ce qui compte pour moi. Si d\u2019autres me jugent \u00e0 travers des informations erron\u00e9es sans chercher \u00e0 comprendre qui je suis r\u00e9ellement, c\u2019est leur probl\u00e8me, pas le mien. Je ne m\u2019excuserai jamais pour mon succ\u00e8s. J\u2019ai travaill\u00e9 avec acharnement chaque jour de ma vie, depuis mes ann\u00e9es d\u2019\u00e9tudiant aux \u00c9tats-Unis, et je continuerai \u00e0 me battre jusqu\u2019\u00e0 la fin. C\u2019est mon identit\u00e9 et personne ne peut changer cela.<\/p>\n<h4 class=\"wp-block-heading\">Est-il difficile de contrer les fausses accusations relay\u00e9es par la presse ?<\/h4>\n<p>Il est incroyablement difficile de faire face \u00e0 un adversaire invisible. Ce qui se passe dans le Sahel, je le qualifie de v\u00e9ritable terrorisme m\u00e9diatique. Au d\u00e9part, j\u2019ai choisi de ne pas r\u00e9agir, convaincu que les accusations \u00e9taient si absurdes que personne ne les prendrait au s\u00e9rieux. Malheureusement, j\u2019avais sous-estim\u00e9 leur impact. Aujourd\u2019hui, je n\u2019ai plus d\u2019autre choix que de pr\u00e9senter ma version des faits et de laisser chacun juger par lui-m\u00eame o\u00f9 se trouve la v\u00e9rit\u00e9.<\/p>\n<h4 class=\"wp-block-heading\">Avez-vous constat\u00e9 une am\u00e9lioration ou une d\u00e9gradation de l\u2019\u00e9thique journalistique en Afrique de l\u2019Ouest ces derni\u00e8res ann\u00e9es, en particulier en ce qui concerne les entreprises priv\u00e9es comme la v\u00f4tre ?<\/h4>\n<p>La d\u00e9finition de \u201cjournaliste\u201d a consid\u00e9rablement \u00e9volu\u00e9 au fil du temps. Aujourd\u2019hui, beaucoup de ceux qui se disent journalistes fabriquent leurs propres versions des faits. L\u2019id\u00e9e que chaque histoire a deux versions s\u2019est affaiblie ; \u00e0 la place, la perspective de celui qui paie le plus finit souvent par pr\u00e9valoir. Toutefois, il est essentiel de souligner que cela ne concerne pas tous les journalistes. De nombreux v\u00e9ritables journalistes risquent leur vie pour rapporter la v\u00e9rit\u00e9, tandis que d\u2019autres d\u00e9tournent leur plateforme pour servir des int\u00e9r\u00eats personnels, au lieu d\u2019informer objectivement le public.<\/p>\n<h4 class=\"wp-block-heading\">Comment g\u00e9rez-vous vos relations avec la presse, sachant que vous pr\u00e9f\u00e9rez souvent rester en dehors des projecteurs ?<\/h4>\n<p>Je n\u2019ai jamais eu de d\u00e9partement ou de consultant en relations publiques, et je n\u2019en ai toujours pas. Toutefois, face aux r\u00e9centes attaques provenant de divers continents, je r\u00e9fl\u00e9chis s\u00e9rieusement \u00e0 constituer une \u00e9quipe. Je tiens \u00e0 pr\u00e9ciser que mon silence ne doit en aucun cas \u00eatre per\u00e7u comme une approbation des fausses all\u00e9gations. Malgr\u00e9 tout, ces m\u00e9dias ne dicteront ni la mani\u00e8re dont je g\u00e8re mes entreprises, ni ma fa\u00e7on de vivre. Je refuse de leur accorder ce pouvoir sur moi. Je reste fermement attach\u00e9 \u00e0 mes principes, peu importe le tumulte ext\u00e9rieur.<\/p>\n<h4 class=\"wp-block-heading\">Donc, pour vous, il faudrait r\u00e9guler la presse pour r\u00e9duire l\u2019utilisation des m\u00e9dias comme relais de fake news ?<\/h4>\n<p>Je suis un fervent d\u00e9fenseur de la libert\u00e9 d\u2019expression et d\u2019une presse libre. Cependant, il est essentiel de faire la distinction entre l\u2019exercice de cette libert\u00e9 et les attaques personnelles. La prochaine g\u00e9n\u00e9ration de journalistes doit \u00eatre mieux form\u00e9e, notamment sur les responsabilit\u00e9s qui accompagnent l\u2019influence que leur plateforme leur conf\u00e8re. Il est \u00e9galement crucial que chacun soit tenu responsable de ses actes. Trouver un \u00e9quilibre entre la libert\u00e9 d\u2019expression et la responsabilit\u00e9 est fondamental. En ce qui me concerne, ce n\u2019est pas que j\u2019aie un probl\u00e8me majeur avec les m\u00e9dias, il s\u2019agit plut\u00f4t de quelques fausses informations \u00e0 mon sujet, souvent diffus\u00e9es par des sources moins connues ou peu fiables. Le v\u00e9ritable d\u00e9fi r\u00e9side dans le fait que certaines personnes prennent tout ce qu\u2019elles voient en ligne pour des faits. Les r\u00e9seaux sociaux ont amplifi\u00e9 ces histoires, atteignant un public plus large, y compris ceux qui n\u2019ont peut-\u00eatre pas les moyens de distinguer le vrai du faux. Cette diffusion \u00e9largie rend la gestion de la d\u00e9sinformation plus complexe, mais je reste d\u00e9termin\u00e9 \u00e0 dire la v\u00e9rit\u00e9 et \u00e0 rester fid\u00e8le \u00e0 moi-m\u00eame.<\/p>\n<h4 class=\"wp-block-heading\">Vous avez engag\u00e9 des poursuites judiciaires contre plusieurs journaux et m\u00e9dias en ligne \u00e0 la suite de l\u2019incident de<a href=\"https:\/\/www.financialafrik.com\/2014\/08\/28\/exclusif-lounceny-nabe-gouverneur-de-la-banque-centrale-de-guinee\/\">\u00a0l\u2019avion intercept\u00e9 \u00e0 Dakar en 2014\u00a0<\/a>et des accusations concernant vos liens avec des soci\u00e9t\u00e9s mini\u00e8res russes. Pensez-vous que ces actions juridiques sont efficaces pour prot\u00e9ger votre image et contrer les fausses nouvelles ?<\/h4>\n<p>Contrairement \u00e0 ceux qui propagent la d\u00e9sinformation, nous avons confiance dans les syst\u00e8mes juridiques, en Afrique comme ailleurs. C\u2019est pour cette raison que nous avons choisi de suivre des voies l\u00e9gales afin de prouver notre innocence et de prot\u00e9ger notre r\u00e9putation. Nous croyons fermement que la v\u00e9rit\u00e9 \u00e9mergera \u00e0 travers ces proc\u00e9dures. Nous invitons \u00e9galement les v\u00e9ritables journalistes, d\u00e9sireux de d\u00e9couvrir la v\u00e9rit\u00e9, \u00e0 venir observer nos op\u00e9rations de pr\u00e8s. La transparence est primordiale.<\/p>\n<h4 class=\"wp-block-heading\">En tant qu\u2019entrepreneur ayant travers\u00e9 de nombreuses temp\u00eates m\u00e9diatiques, quels conseils donneriez-vous \u00e0 d\u2019autres dirigeants d\u2019entreprise pour g\u00e9rer les campagnes de fake news ?<\/h4>\n<p>Mon conseil aux autres dirigeants d\u2019entreprise est de rester concentr\u00e9s sur leur travail et de ne pas se laisser distraire par des attaques infond\u00e9es. Pour les entreprises internationales, je recommande d\u2019user de bon sens et de se poser la question : \u00c0 qui profite la diffamation ? lorsqu\u2019elles sont confront\u00e9es \u00e0 des articles n\u00e9gatifs sur un prestataire de services. Abordez ces histoires avec prudence et discernement jusqu\u2019\u00e0 ce que vous les ayez examin\u00e9es en profondeur. Rappelez-vous que le principe de base est la pr\u00e9somption d\u2019innocence, et non l\u2019inverse.<\/p>\n<h4 class=\"wp-block-heading\">La presse pourrait-elle jouer un r\u00f4le plus constructif dans le d\u00e9veloppement \u00e9conomique du continent ?<\/h4>\n<p>Une presse robuste et ind\u00e9pendante pourrait jouer un r\u00f4le crucial dans la croissance de notre continent. Elle serait un v\u00e9ritable pilier de responsabilit\u00e9, capable de tenir les d\u00e9cideurs politiques, les responsables gouvernementaux et les dirigeants d\u2019entreprise responsables de leurs actions.<\/p>\n<blockquote class=\"wp-embedded-content\" data-secret=\"zUkc61CMZI\"><p><a href=\"https:\/\/www.financialafrik.com\/2024\/08\/28\/entretien-avec-yacoub-sidya-pdg-de-mss-security-la-desinformation-est-une-arme-de-destruction-massive\/\">Entretien avec Yacoub Sidya, PDG de MSS Security : \u00ab\u00a0la d\u00e9sinformation est une arme de destruction massive\u00a0\u00bb<\/a><\/p><\/blockquote>\n<p><iframe loading=\"lazy\" class=\"wp-embedded-content\" sandbox=\"allow-scripts\" security=\"restricted\" style=\"position: absolute; visibility: hidden;\" title=\"\u00ab\u00a0Entretien avec Yacoub Sidya, PDG de MSS Security : \u00ab\u00a0la d\u00e9sinformation est une arme de destruction massive\u00a0\u00bb\u00a0\u00bb &#8212; Financial Afrik\" src=\"https:\/\/www.financialafrik.com\/2024\/08\/28\/entretien-avec-yacoub-sidya-pdg-de-mss-security-la-desinformation-est-une-arme-de-destruction-massive\/embed\/#?secret=YcfBuuUQZ3#?secret=zUkc61CMZI\" data-secret=\"zUkc61CMZI\" width=\"500\" height=\"282\" frameborder=\"0\" marginwidth=\"0\" marginheight=\"0\" scrolling=\"no\"><\/iframe><\/p>\n<p>&nbsp;<\/p>\n","protected":false},"excerpt":{"rendered":"<p>Dans un paysage m\u00e9diatique o\u00f9 les fake news peuvent souvent \u00e9clipser la v\u00e9rit\u00e9, Yacoub Sidya, PDG de MSS Security, Global Aviation et Phoenix Precious Metals, estime que la d\u00e9sinformation est l\u2019une des armes utilis\u00e9es par des lobbys qui avancent masqu\u00e9s. Dans cet entretien, celui qui refuse de se consid\u00e9rer comme une victime, parle de l\u2019environnement &hellip;<\/p>\n","protected":false},"author":2,"featured_media":11052,"comment_status":"open","ping_status":"open","sticky":false,"template":"","format":"standard","meta":{"footnotes":""},"categories":[18,2],"tags":[],"class_list":["post-11051","post","type-post","status-publish","format-standard","has-post-thumbnail","hentry","category-actualites","category-economie"],"_links":{"self":[{"href":"https:\/\/ladepeche.mr\/index.php?rest_route=\/wp\/v2\/posts\/11051","targetHints":{"allow":["GET"]}}],"collection":[{"href":"https:\/\/ladepeche.mr\/index.php?rest_route=\/wp\/v2\/posts"}],"about":[{"href":"https:\/\/ladepeche.mr\/index.php?rest_route=\/wp\/v2\/types\/post"}],"author":[{"embeddable":true,"href":"https:\/\/ladepeche.mr\/index.php?rest_route=\/wp\/v2\/users\/2"}],"replies":[{"embeddable":true,"href":"https:\/\/ladepeche.mr\/index.php?rest_route=%2Fwp%2Fv2%2Fcomments&post=11051"}],"version-history":[{"count":1,"href":"https:\/\/ladepeche.mr\/index.php?rest_route=\/wp\/v2\/posts\/11051\/revisions"}],"predecessor-version":[{"id":11053,"href":"https:\/\/ladepeche.mr\/index.php?rest_route=\/wp\/v2\/posts\/11051\/revisions\/11053"}],"wp:featuredmedia":[{"embeddable":true,"href":"https:\/\/ladepeche.mr\/index.php?rest_route=\/wp\/v2\/media\/11052"}],"wp:attachment":[{"href":"https:\/\/ladepeche.mr\/index.php?rest_route=%2Fwp%2Fv2%2Fmedia&parent=11051"}],"wp:term":[{"taxonomy":"category","embeddable":true,"href":"https:\/\/ladepeche.mr\/index.php?rest_route=%2Fwp%2Fv2%2Fcategories&post=11051"},{"taxonomy":"post_tag","embeddable":true,"href":"https:\/\/ladepeche.mr\/index.php?rest_route=%2Fwp%2Fv2%2Ftags&post=11051"}],"curies":[{"name":"wp","href":"https:\/\/api.w.org\/{rel}","templated":true}]}}