{"id":11057,"date":"2024-08-28T12:36:28","date_gmt":"2024-08-28T12:36:28","guid":{"rendered":"https:\/\/ladepeche.mr\/?p=11057"},"modified":"2024-08-28T12:37:09","modified_gmt":"2024-08-28T12:37:09","slug":"le-ministre-de-leconomie-et-des-finances-recoit-une-delegation-du-conseil-daffaires-mauritanien-espagnol","status":"publish","type":"post","link":"https:\/\/ladepeche.mr\/?p=11057","title":{"rendered":"Le Ministre de l&#8217;Economie et des Finances re\u00e7oit une d\u00e9l\u00e9gation du Conseil d&#8217;Affaires Mauritano-Espagnol"},"content":{"rendered":"<p>Le Ministre de l&#8217;Economie et des Finances, Sid\u2019Ahmed Ould Bouh, a re\u00e7u mardi matin au si\u00e8ge du Minist\u00e8re de l&#8217;Economie et des Finances une d\u00e9l\u00e9gation du Conseil d\u2019hommes d&#8217;Affaires Mauritaniens et Espagnols, co-pr\u00e9sid\u00e9e par Mohamed Ould El Waled (mauritanie) et Mme Ana Suarez (Espagne).<\/p>\n<p>Par ailleurs, le Conseil d\u2019hommes d&#8217;Affaire a pr\u00e9sent\u00e9 le r\u00f4le que le Conseil peut jouer dans le d\u00e9veloppement et le renforcement des relations \u00e9conomiques entre les deux pays\u00a0; tout comme il a mis en exergue les opportunit\u00e9s d&#8217;investissement et des secteurs porteurs pour la diversification des actions conjointes.<\/p>\n<p>A noter que les deux pr\u00e9sidents du Conseil d\u2019hommes d&#8217;Affaire mauritano-espagnol ont encore saisi l\u2019opportunit\u00e9 du voyage qu\u2019effectuait Pedro Sanchez en Mauritanie, dans le cadre d\u2019une tourn\u00e9e dans quelques pays d\u2019Afrique de l\u2019Ouest, pour introduire leur organisation et pr\u00e9senter ses ambitions aupr\u00e8s du pr\u00e9sident de la R\u00e9publique, Mohamed Ould Ghazouani, et du chef du gouvernement espagnol.<\/p>\n","protected":false},"excerpt":{"rendered":"<p>Le Ministre de l&#8217;Economie et des Finances, Sid\u2019Ahmed Ould Bouh, a re\u00e7u mardi matin au si\u00e8ge du Minist\u00e8re de l&#8217;Economie et des Finances une d\u00e9l\u00e9gation du Conseil d\u2019hommes d&#8217;Affaires Mauritaniens et Espagnols, co-pr\u00e9sid\u00e9e par Mohamed Ould El Waled (mauritanie) et Mme Ana Suarez (Espagne). Par ailleurs, le Conseil d\u2019hommes d&#8217;Affaire a pr\u00e9sent\u00e9 le r\u00f4le que &hellip;<\/p>\n","protected":false},"author":2,"featured_media":11058,"comment_status":"open","ping_status":"open","sticky":false,"template":"","format":"standard","meta":{"footnotes":""},"categories":[18,2],"tags":[],"class_list":["post-11057","post","type-post","status-publish","format-standard","has-post-thumbnail","hentry","category-actualites","category-economie"],"_links":{"self":[{"href":"https:\/\/ladepeche.mr\/index.php?rest_route=\/wp\/v2\/posts\/11057","targetHints":{"allow":["GET"]}}],"collection":[{"href":"https:\/\/ladepeche.mr\/index.php?rest_route=\/wp\/v2\/posts"}],"about":[{"href":"https:\/\/ladepeche.mr\/index.php?rest_route=\/wp\/v2\/types\/post"}],"author":[{"embeddable":true,"href":"https:\/\/ladepeche.mr\/index.php?rest_route=\/wp\/v2\/users\/2"}],"replies":[{"embeddable":true,"href":"https:\/\/ladepeche.mr\/index.php?rest_route=%2Fwp%2Fv2%2Fcomments&post=11057"}],"version-history":[{"count":2,"href":"https:\/\/ladepeche.mr\/index.php?rest_route=\/wp\/v2\/posts\/11057\/revisions"}],"predecessor-version":[{"id":11060,"href":"https:\/\/ladepeche.mr\/index.php?rest_route=\/wp\/v2\/posts\/11057\/revisions\/11060"}],"wp:featuredmedia":[{"embeddable":true,"href":"https:\/\/ladepeche.mr\/index.php?rest_route=\/wp\/v2\/media\/11058"}],"wp:attachment":[{"href":"https:\/\/ladepeche.mr\/index.php?rest_route=%2Fwp%2Fv2%2Fmedia&parent=11057"}],"wp:term":[{"taxonomy":"category","embeddable":true,"href":"https:\/\/ladepeche.mr\/index.php?rest_route=%2Fwp%2Fv2%2Fcategories&post=11057"},{"taxonomy":"post_tag","embeddable":true,"href":"https:\/\/ladepeche.mr\/index.php?rest_route=%2Fwp%2Fv2%2Ftags&post=11057"}],"curies":[{"name":"wp","href":"https:\/\/api.w.org\/{rel}","templated":true}]}}