{"id":11061,"date":"2024-08-28T14:00:08","date_gmt":"2024-08-28T14:00:08","guid":{"rendered":"https:\/\/ladepeche.mr\/?p=11061"},"modified":"2024-08-28T12:43:55","modified_gmt":"2024-08-28T12:43:55","slug":"declarations-du-president-ghazouani-et-du-premier-ministre-espagnol","status":"publish","type":"post","link":"https:\/\/ladepeche.mr\/?p=11061","title":{"rendered":"D\u00e9clarations du pr\u00e9sident Ghazouani et du premier Ministre espagnol"},"content":{"rendered":"<p><strong>Le pr\u00e9sident mauritanien, Mohamed Ghazaouni, et P. Sanchez, Chef du gouvernement espagnol, ont fait mardi soir des d\u00e9clarations \u00e0 la presse relay\u00e9es par l\u2019agence officielle en Mauritanie.<\/strong><\/p>\n<p>Son Excellence le Pr\u00e9sident de la R\u00e9publique, Pr\u00e9sident de l\u2019Union africaine, Monsieur Mohamed Ould Cheikh EL Ghazouani :<\/p>\n<p>\u00ab C\u2019est avec un r\u00e9el plaisir que j\u2019ai re\u00e7u aujourd\u2019hui son excellence, Pedro Sanchez, pr\u00e9sident du gouvernement d\u2019Espagne, en visite d\u2019amiti\u00e9 et de travail. Cette visite qui intervient apr\u00e8s celle effectu\u00e9e, il y a quelques mois, conjointement avec Madame Ursula Von der, pr\u00e9sidente de la Commission europ\u00e9enne traduit bien l\u2019excellence et la profondeur des relations entre nos deux pays.<\/p>\n<p>La visite d\u2019aujourd\u2019hui nous a permis \u00e0 mon ami le pr\u00e9sident Sanchez et \u00e0 moi-m\u00eame, ainsi qu\u2019\u00e0 nos d\u00e9l\u00e9gations respectives, d\u2019avoir des \u00e9changes fructueux et de faire le point sur l\u2019ensemble des questions d\u2019int\u00e9r\u00eat commun et de discuter des voies et moyens les plus appropri\u00e9s pour booster davantage l\u2019excellente coop\u00e9ration existant entre nos deux pays.<\/p>\n<p>Ainsi, nous avons eu \u00e0 examiner les d\u00e9fis communs du moment et puis \u00e9changes sur les moyens requis pour les relever dans un esprit de solidarit\u00e9 et de responsabilit\u00e9 partag\u00e9e \u00e0 travers des partenariats strat\u00e9giques \u00e9quilibr\u00e9s et mutuellement avantageux. Nous avons convenu ensemble de continuer \u00e0 renforcer et \u00e0 diversifier notre coop\u00e9ration dans l\u2019int\u00e9r\u00eat commun de nos deux pays amis et au service du d\u00e9veloppement et de la stabilit\u00e9 de la r\u00e9gion dans son ensemble. Je saisis cette opportunit\u00e9 pour renouveler mes remerciements \u00e0 son excellence le pr\u00e9sident Sanchez pour la disponibilit\u00e9 r\u00e9it\u00e9r\u00e9e de l\u2019Espagne de soutenir davantage les langues de d\u00e9veloppement de notre pays et de porter le plaidoyer au conflit de la Mauritanie aupr\u00e8s de l\u2019Union europ\u00e9enne et de la communaut\u00e9 internationale. Je compte beaucoup sur l\u2019engagement personnel de son excellence le pr\u00e9sident Sanchez pour la facilitation de la migration l\u00e9gale des citoyens Mauritaniens vers l\u2019Espagne et l\u2019Europe. La promotion de la migration circulaire en faveur des jeunes Mauritaniens et l\u2019exemption des visas Schengen pour les passeports officiels nationaux, c\u2019est \u00e0 dire les passeports diplomatiques et les passeports de services.<\/p>\n<p>Je tiens \u00e9galement \u00e0 exprimer en mon nom et au nom du peuple Mauritanien, notre haute appr\u00e9ciation de la position honorable et courageuse de l\u2019Espagne sur la cause juste et l\u00e9gitime du peuple palestinien meurtri et vivant encore sous l\u2019occupation. Tout en renouvelant mes remerciements au pr\u00e9sident Sanchez, je lui souhaite une bonne r\u00e9ussite de sa tourn\u00e9e dans la sous-r\u00e9gion et un bon s\u00e9jour en Mauritanie.<\/p>\n<p>Je vous remercie pour votre aimable attention. \u00bb<\/p>\n<p>Le Pr\u00e9sident du gouvernement espagnol :<\/p>\n<p>\u00ab Monsieur le Pr\u00e9sident,<\/p>\n<p>Mesdames, Messieurs,<\/p>\n<p>Je voudrais tout d\u2019abord remercier le Pr\u00e9sident de la R\u00e9publique Islamique de Mauritanie, mon ami Mohamed Ould Cheikh El-Ghazouani, pour son accueil chaleureux.<\/p>\n<p>C\u2019est un honneur pour moi de me rendre \u00e0 nouveau en Mauritanie, un pays avec lequel nous entretenons des liens historiques profonds d\u2019amiti\u00e9, de bon voisinage et de bonne coop\u00e9ration.<\/p>\n<p>Mon objectif et celui du gouvernement espagnol est de renforcer nos relations bilat\u00e9rales, qui traversent une excellente p\u00e9riode, comme l\u2019a confirm\u00e9 ma rencontre avec le pr\u00e9sident Mohamed Ould Cheikh El-Ghazouani.<\/p>\n<p>Je pense que le climat d\u2019entente entre nos deux pays est parfaitement illustr\u00e9 par la d\u00e9claration conjointe que nous avons adopt\u00e9e, un document qui couvre un large \u00e9ventail de questions d\u2019int\u00e9r\u00eat commun, telles que le d\u00e9veloppement des entreprises, le renforcement de la s\u00e9curit\u00e9 et, en particulier, la gestion conjointe et ordonn\u00e9e du ph\u00e9nom\u00e8ne migratoire, entre autres.<\/p>\n<p>Nous avons \u00e9galement convenu d\u2019organiser la premi\u00e8re r\u00e9union de haut niveau entre la Mauritanie et l\u2019Espagne en 2025, ici en Mauritanie, ce qui constituera une nouvelle occasion d\u2019intensifier nos relations bilat\u00e9rales.<\/p>\n<p>Comme je l\u2019ai dit, l\u2019une des questions que nous avons abord\u00e9es est celle de la gestion conjointe d\u2019un probl\u00e8me complexe qui touche les deux pays de mani\u00e8re importante, \u00e0 savoir l\u2019immigration. Aujourd\u2019hui, je voudrais rappeler un message que j\u2019ai exprim\u00e9 \u00e0 plusieurs reprises dans mon propre pays, l\u2019Espagne, \u00e0 savoir qu\u2019il n\u2019y a pas si longtemps encore, l\u2019Espagne \u00e9tait aussi un pays de migrants.<\/p>\n<p>En des temps tr\u00e8s difficiles, nombre de nos concitoyens espagnols cherchaient une destination \u00e0 l\u2019\u00e9tranger, aspirant \u00e0 une vie meilleure, tout comme les gens aspirent aujourd\u2019hui \u00e0 une vie meilleure, ce qui, dans de nombreux cas, implique des risques tr\u00e8s s\u00e9rieux, une aventure dangereuse. Pour nous, le ph\u00e9nom\u00e8ne migratoire est donc une question de moralit\u00e9, de solidarit\u00e9 et de dignit\u00e9, mais aussi une question de pure rationalit\u00e9, car la contribution des travailleurs migrants \u00e0 notre \u00e9conomie est fondamentale, tout comme le soutien de la s\u00e9curit\u00e9 sociale et de notre syst\u00e8me public de retraite.<\/p>\n<p>Ainsi, pour l\u2019Espagne, l\u2019immigration est synonyme de richesse, de d\u00e9veloppement et de prosp\u00e9rit\u00e9. Malgr\u00e9 la rh\u00e9torique qui gagne malheureusement du terrain en Europe, l\u2019immigration n\u2019est pas un probl\u00e8me, mais une n\u00e9cessit\u00e9 qui s\u2019accompagne de certains probl\u00e8mes. Nous devons donc promouvoir des formules qui nous permettent de g\u00e9rer le ph\u00e9nom\u00e8ne de l\u2019immigration de mani\u00e8re humaine, s\u00fbre et ordonn\u00e9e, dans l\u2019int\u00e9r\u00eat de nos soci\u00e9t\u00e9s. Nous devons lutter contre les mafias qui font le commerce d\u2019\u00eatres humains et jouent avec des vies humaines, car les premi\u00e8res victimes de l\u2019immigration clandestine sont les migrants eux-m\u00eames. Je pense que cela n\u00e9cessite une approche globale qui prenne en compte tous les facteurs qui affectent les migrations et qui favorise la coop\u00e9ration entre les pays concern\u00e9s.<\/p>\n<p>Tel est l\u2019esprit des accords que nous allons signer aujourd\u2019hui. Tout d\u2019abord, nous allons signer un protocole d\u2019accord pour d\u00e9velopper un mod\u00e8le de migration r\u00e9guli\u00e8re, et donc circulaire, une formule que l\u2019Espagne a d\u00e9j\u00e0 d\u00e9velopp\u00e9e avec succ\u00e8s dans diff\u00e9rents pays et qui constitue un bon outil pour g\u00e9rer les flux migratoires de mani\u00e8re ordonn\u00e9e et l\u00e9gale.<\/p>\n<p>En compl\u00e9ment, nous signerons une d\u00e9claration pour renforcer notre coop\u00e9ration dans le domaine de la s\u00e9curit\u00e9 et de la lutte contre le crime organis\u00e9. \u00c0 cet \u00e9gard, je voudrais remercier le gouvernement et le pr\u00e9sident de la Mauritanie pour ses efforts dans la lutte contre la migration ill\u00e9gale, ainsi que pour sa coop\u00e9ration dans la lutte contre les r\u00e9seaux de trafic d\u2019\u00eatres humains. Nous sommes fermement engag\u00e9s et d\u00e9termin\u00e9s \u00e0 continuer \u00e0 travailler ensemble pour lutter contre les organisations qui m\u00e8nent des activit\u00e9s criminelles en profitant des conditions terribles et du d\u00e9sespoir de ceux qui ont recours \u00e0 la migration irr\u00e9guli\u00e8re.<\/p>\n<p>Enfin, je pense qu\u2019il est int\u00e9ressant d\u2019avoir un conseil d\u2019affaires mauritano-espagnol. Je suis convaincu que ce conseil d\u00e9veloppera de mani\u00e8re significative les relations \u00e9conomiques et commerciales entre les deux pays et ouvrira de nouvelles opportunit\u00e9s pour les deux pays, en particulier pour les organisations \u00e9conomiques et commerciales qui op\u00e8rent dans une r\u00e9gion tr\u00e8s ch\u00e8re \u00e0 l\u2019Espagne et tr\u00e8s proche de la Mauritanie, comme les \u00eeles Canaries.<\/p>\n<p>Enfin, comme je l\u2019ai dit au Pr\u00e9sident, nous travaillerons \u00e9galement \u00e0 renforcer notre coop\u00e9ration dans le domaine culturel. A cet \u00e9gard, je voudrais annoncer que l\u2019Institut Cervant\u00e8s commencera ses activit\u00e9s en Mauritanie \u00e0 l\u2019automne prochain, ce qui constituera le premier pas vers son implantation en Mauritanie.<\/p>\n<p>Je conclurai en soulignant l\u2019importance du continent africain pour l\u2019Espagne, pour l\u2019Europe, et surtout pour nous, en raison de notre proximit\u00e9 g\u00e9ographique, mais aussi de notre proximit\u00e9 culturelle et de nos int\u00e9r\u00eats communs.<\/p>\n<p>L\u2019Afrique a toujours \u00e9t\u00e9 et restera une priorit\u00e9 de la politique \u00e9trang\u00e8re espagnole. Partant de ce principe, nous \u00e9laborons une nouvelle strat\u00e9gie qui aboutira \u00e0 la mise en \u0153uvre de 100 actions, 100 initiatives qui engloberont les principaux objectifs de notre action ext\u00e9rieure, de l\u2019action ext\u00e9rieure espagnole en Afrique.<\/p>\n<p>En outre, nous continuerons \u00e0 travailler au sein de l\u2019Union europ\u00e9enne pour promouvoir le respect des accords que nous avons annonc\u00e9s en f\u00e9vrier dernier, lorsque je me suis rendu en Mauritanie avec la pr\u00e9sidente de la Commission europ\u00e9enne, Ursula von der Leyen, et que nous avons pris ces engagements avec le gouvernement et le pr\u00e9sident mauritaniens et avec d\u2019autres organisations internationales, telles que l\u2019OTAN, afin de rapprocher nos deux continents et d\u2019affronter ensemble les d\u00e9fis communs. Dans ce contexte, l\u2019Espagne contribuera \u00e0 hauteur d\u2019un demi-million d\u2019euros \u00e0 une initiative de formation en mati\u00e8re de d\u00e9fense et de s\u00e9curit\u00e9 en Mauritanie. En r\u00e9sum\u00e9, je voudrais conclure en disant que je crois fermement que le d\u00e9veloppement croissant de nos relations avec la Mauritanie, auquel nous allons donner un nouvel \u00e9lan aujourd\u2019hui, est un fondement important sur lequel nous pouvons d\u00e9velopper toute notre politique \u00e9trang\u00e8re.<br \/>\nJe vous\u00a0remercie.\u00a0\u00bb<\/p>\n<p>&nbsp;<\/p>\n","protected":false},"excerpt":{"rendered":"<p>Le pr\u00e9sident mauritanien, Mohamed Ghazaouni, et P. Sanchez, Chef du gouvernement espagnol, ont fait mardi soir des d\u00e9clarations \u00e0 la presse relay\u00e9es par l\u2019agence officielle en Mauritanie. Son Excellence le Pr\u00e9sident de la R\u00e9publique, Pr\u00e9sident de l\u2019Union africaine, Monsieur Mohamed Ould Cheikh EL Ghazouani : \u00ab C\u2019est avec un r\u00e9el plaisir que j\u2019ai re\u00e7u aujourd\u2019hui &hellip;<\/p>\n","protected":false},"author":2,"featured_media":11062,"comment_status":"open","ping_status":"open","sticky":false,"template":"","format":"standard","meta":{"footnotes":""},"categories":[18],"tags":[],"class_list":["post-11061","post","type-post","status-publish","format-standard","has-post-thumbnail","hentry","category-actualites"],"_links":{"self":[{"href":"https:\/\/ladepeche.mr\/index.php?rest_route=\/wp\/v2\/posts\/11061","targetHints":{"allow":["GET"]}}],"collection":[{"href":"https:\/\/ladepeche.mr\/index.php?rest_route=\/wp\/v2\/posts"}],"about":[{"href":"https:\/\/ladepeche.mr\/index.php?rest_route=\/wp\/v2\/types\/post"}],"author":[{"embeddable":true,"href":"https:\/\/ladepeche.mr\/index.php?rest_route=\/wp\/v2\/users\/2"}],"replies":[{"embeddable":true,"href":"https:\/\/ladepeche.mr\/index.php?rest_route=%2Fwp%2Fv2%2Fcomments&post=11061"}],"version-history":[{"count":1,"href":"https:\/\/ladepeche.mr\/index.php?rest_route=\/wp\/v2\/posts\/11061\/revisions"}],"predecessor-version":[{"id":11063,"href":"https:\/\/ladepeche.mr\/index.php?rest_route=\/wp\/v2\/posts\/11061\/revisions\/11063"}],"wp:featuredmedia":[{"embeddable":true,"href":"https:\/\/ladepeche.mr\/index.php?rest_route=\/wp\/v2\/media\/11062"}],"wp:attachment":[{"href":"https:\/\/ladepeche.mr\/index.php?rest_route=%2Fwp%2Fv2%2Fmedia&parent=11061"}],"wp:term":[{"taxonomy":"category","embeddable":true,"href":"https:\/\/ladepeche.mr\/index.php?rest_route=%2Fwp%2Fv2%2Fcategories&post=11061"},{"taxonomy":"post_tag","embeddable":true,"href":"https:\/\/ladepeche.mr\/index.php?rest_route=%2Fwp%2Fv2%2Ftags&post=11061"}],"curies":[{"name":"wp","href":"https:\/\/api.w.org\/{rel}","templated":true}]}}