{"id":11064,"date":"2024-08-28T15:52:38","date_gmt":"2024-08-28T15:52:38","guid":{"rendered":"https:\/\/ladepeche.mr\/?p=11064"},"modified":"2024-08-28T15:52:38","modified_gmt":"2024-08-28T15:52:38","slug":"lonm-prevoit-de-fortes-precipitations-dans-certaines-wilayas-du-pays","status":"publish","type":"post","link":"https:\/\/ladepeche.mr\/?p=11064","title":{"rendered":"L\u2019ONM pr\u00e9voit de fortes pr\u00e9cipitations dans certaines Wilayas du pays"},"content":{"rendered":"<div class=\"row\">\n<div class=\"cell auto-size bd-gray\" dir=\"ltr\">\n<div class=\"set-border padding10 margin10 no-margin-right no-margin-left\">L\u2019Office National de la M\u00e9t\u00e9orologie (ONM) pr\u00e9voit que demain jeudi, la situation m\u00e9t\u00e9orologique g\u00e9n\u00e9rale sera caract\u00e9ris\u00e9e par le passage du front Intertropical au nord du Brakna, Tagant et Hodh Chargui.<\/div>\n<\/div>\n<\/div>\n<div class=\"row\">\n<div class=\"cell auto-size\">\n<div class=\"set-border bd-gray padding10 margin10 no-margin-right no-margin-left \" dir=\"ltr\">\n<p>Cette situation devrait entra\u00eener des vents humides d\u2019ouest \u00e0 sud-ouest, tandis que la visibilit\u00e9 sera affect\u00e9e \u00e0 limit\u00e9e en raison des temp\u00eates de sable dans les Wilayas de Tiris \u2013 Zemmour, les deux Hodhs et Dakhlet \u2013 Nouadhibou.<\/p>\n<p>Au niveau de Nouakchott, l\u2019ONM a indiqu\u00e9 que la situation sera caract\u00e9ris\u00e9e par des vents faibles \u00e0 mod\u00e9r\u00e9s de nord-ouest \u00e0 ouest, avec une fuite d\u2019air humide et une bonne visibilit\u00e9, tandis que le ciel sera peu nuageux \u00e0 nuageux.<\/p>\n<p>Voici les temp\u00e9ratures minimales et maximales pour les prochaines 24 heures :<\/p>\n<p>Nema\u2026\u2026\u2026\u2026\u2026\u2026\u2026\u2026\u2026..27-37\u00b0<\/p>\n<p>Timbedra\u2026\u2026\u2026\u2026\u2026\u2026\u2026\u2026\u2026.26-36\u00b0<\/p>\n<p>Oulata\u2026\u2026\u2026\u2026\u2026\u2026\u2026\u2026\u2026\u2026.27-38\u00b0<\/p>\n<p>Adel Begrou\u2026\u2026\u2026\u2026\u2026\u2026\u2026. 25-35\u00b0<\/p>\n<p>Bassiknou\u2026\u2026\u2026\u2026\u2026\u2026\u2026\u2026\u202626-36\u00b0<\/p>\n<p>Aioun\u2026\u2026\u2026\u2026\u2026\u2026\u2026\u2026\u2026 27-37\u00b0<\/p>\n<p>Tintane_\u2026\u2026\u2026\u2026\u2026\u2026\u2026 26-37\u00b0<\/p>\n<p>Kiffa\u2026\u2026\u2026\u2026\u2026\u2026\u2026\u2026\u2026\u202626-36\u00b0<\/p>\n<p>Kankoussa\u2026\u2026\u2026\u2026\u2026\u2026\u2026\u202626-35\u00b0<\/p>\n<p>Bark\u00e9ol\u2026\u2026\u2026\u2026\u2026\u2026\u2026\u2026..27-38\u00b0<\/p>\n<p>Ka\u00e9di\u2026\u2026\u2026\u2026\u2026\u2026\u2026\u2026.26-38\u00b0<\/p>\n<p>Mounguel\u2026\u2026\u2026\u2026\u2026\u2026\u2026\u2026\u2026..27-38\u00b0<\/p>\n<p>Maqhama\u2026\u2026\u2026\u2026\u2026\u2026\u2026\u2026\u202626-35\u00b0<\/p>\n<p>M\u2019bout\u2026\u2026\u2026\u2026\u2026\u2026\u2026\u2026\u2026.26-36\u00b0<\/p>\n<p>Aleg\u2026\u2026\u2026\u2026\u2026\u2026\u2026\u2026\u2026\u202627-39\u00b0<\/p>\n<p>Maghtaa Lahjar\u2026\u2026\u2026\u2026\u2026.28-40\u00b0<\/p>\n<p>Bogu\u00e9\u2026\u2026\u2026\u2026\u2026\u2026\u2026\u2026\u202627-38\u00b0<\/p>\n<p>Rosso\u2026\u2026\u2026\u2026\u2026\u2026\u2026\u2026..27-40\u00b0<\/p>\n<p>Boutilimit\u2026\u2026\u2026\u2026\u2026\u2026..27-40\u00b0<\/p>\n<p>Atar\u2026\u2026\u2026\u2026\u2026\u2026\u2026\u2026\u202629-45\u00b0<\/p>\n<p>Ouadane\u2026\u2026\u2026\u2026\u2026\u2026\u2026\u2026\u2026.26-43\u00b0<\/p>\n<p>Chinguett\u2026\u2026\u2026\u2026\u2026\u2026\u2026..27-42\u00b0<\/p>\n<p>Aoujeft\u2026\u2026\u2026\u2026\u2026\u2026\u2026.30-45\u00b0<\/p>\n<p>Nouadhibou\u2026\u2026\u2026\u2026\u2026\u2026\u202621-29\u00b0<\/p>\n<p>Tidjikdja\u2026\u2026\u2026\u2026\u2026\u2026\u2026..27-41\u00b0<\/p>\n<p>Tichit\u2026\u2026\u2026\u2026\u2026\u2026\u2026.29-40\u00b0<\/p>\n<p>S\u00e9libabi\u2026\u2026\u2026\u2026\u2026\u2026.25-34\u00b0<\/p>\n<p>Zouerate\u2026\u2026\u2026\u2026\u2026\u2026..23-40\u00b0<\/p>\n<p>Bir oumgrein\u2026\u2026\u2026\u2026.19-37\u00b0<\/p>\n<p>Akjoujt\u2026\u2026\u2026\u2026\u2026\u2026.29-45\u00b0<\/p>\n<p>Nouakchott\u2026\u2026\u2026\u2026\u202627-39\u00b0.<\/p>\n<p>Pour les zones c\u00f4ti\u00e8res et en mer :<\/p>\n<p>L\u2019autorit\u00e9 a indiqu\u00e9 que la mer sera l\u00e9g\u00e8rement agit\u00e9e le long des c\u00f4tes, alors que la hauteur de la houle variera entre 0,9 et 2,5 m\u00e8tres.<\/p>\n<\/div>\n<\/div>\n<\/div>\n","protected":false},"excerpt":{"rendered":"<p>L\u2019Office National de la M\u00e9t\u00e9orologie (ONM) pr\u00e9voit que demain jeudi, la situation m\u00e9t\u00e9orologique g\u00e9n\u00e9rale sera caract\u00e9ris\u00e9e par le passage du front Intertropical au nord du Brakna, Tagant et Hodh Chargui. Cette situation devrait entra\u00eener des vents humides d\u2019ouest \u00e0 sud-ouest, tandis que la visibilit\u00e9 sera affect\u00e9e \u00e0 limit\u00e9e en raison des temp\u00eates de sable dans &hellip;<\/p>\n","protected":false},"author":2,"featured_media":11065,"comment_status":"open","ping_status":"open","sticky":false,"template":"","format":"standard","meta":{"footnotes":""},"categories":[18],"tags":[],"class_list":["post-11064","post","type-post","status-publish","format-standard","has-post-thumbnail","hentry","category-actualites"],"_links":{"self":[{"href":"https:\/\/ladepeche.mr\/index.php?rest_route=\/wp\/v2\/posts\/11064","targetHints":{"allow":["GET"]}}],"collection":[{"href":"https:\/\/ladepeche.mr\/index.php?rest_route=\/wp\/v2\/posts"}],"about":[{"href":"https:\/\/ladepeche.mr\/index.php?rest_route=\/wp\/v2\/types\/post"}],"author":[{"embeddable":true,"href":"https:\/\/ladepeche.mr\/index.php?rest_route=\/wp\/v2\/users\/2"}],"replies":[{"embeddable":true,"href":"https:\/\/ladepeche.mr\/index.php?rest_route=%2Fwp%2Fv2%2Fcomments&post=11064"}],"version-history":[{"count":1,"href":"https:\/\/ladepeche.mr\/index.php?rest_route=\/wp\/v2\/posts\/11064\/revisions"}],"predecessor-version":[{"id":11066,"href":"https:\/\/ladepeche.mr\/index.php?rest_route=\/wp\/v2\/posts\/11064\/revisions\/11066"}],"wp:featuredmedia":[{"embeddable":true,"href":"https:\/\/ladepeche.mr\/index.php?rest_route=\/wp\/v2\/media\/11065"}],"wp:attachment":[{"href":"https:\/\/ladepeche.mr\/index.php?rest_route=%2Fwp%2Fv2%2Fmedia&parent=11064"}],"wp:term":[{"taxonomy":"category","embeddable":true,"href":"https:\/\/ladepeche.mr\/index.php?rest_route=%2Fwp%2Fv2%2Fcategories&post=11064"},{"taxonomy":"post_tag","embeddable":true,"href":"https:\/\/ladepeche.mr\/index.php?rest_route=%2Fwp%2Fv2%2Ftags&post=11064"}],"curies":[{"name":"wp","href":"https:\/\/api.w.org\/{rel}","templated":true}]}}