{"id":11067,"date":"2024-08-28T23:50:29","date_gmt":"2024-08-28T23:50:29","guid":{"rendered":"https:\/\/ladepeche.mr\/?p=11067"},"modified":"2024-08-28T23:51:11","modified_gmt":"2024-08-28T23:51:11","slug":"omvs-le-plan-de-mobilisation-des-ressources-de-lorganisation-en-question","status":"publish","type":"post","link":"https:\/\/ladepeche.mr\/?p=11067","title":{"rendered":"OMVS : Le plan de mobilisation des ressources en question"},"content":{"rendered":"<p>Le pr\u00e9sident de la R\u00e9publique, Mohamed Ould Ghazouani, pr\u00e9sident en exercice de l\u2019organisation pour la mise en valeur du Fleuve S\u00e9n\u00e9gal, a d\u00e9p\u00each\u00e9e aupr\u00e8s de ses pairs de l\u2019organisation une mission conduite par le Haut-Commissaire de l\u2019Omvs, Mohamed Ould Abdelvettah.<br \/>\nA Nouakchott, la mission du Haut-Commisssaire est pr\u00e9sent\u00e9e \u00e9manant de volont\u00e9 du pr\u00e9sident en exercice de l\u2019organisation, de se concerter avec ses pairs de l\u2019organisation pour faire progresser, en synergie, le d\u00e9veloppement des pays et pour assurer une meilleure coordination des efforts communs dans la recherche de l\u2019am\u00e9lioration des conditions de vie des citoyens conform\u00e9ment au Cadre d\u2019Orientation Strat\u00e9gique que les Etats membres de l\u2019OMVS en vue d\u2019un d\u00e9veloppement durable, solidaire et participatif du bassin partag\u00e9 du fleuve S\u00e9n\u00e9gal.<br \/>\nLe Haut-Commissaire qui aurait \u00e9t\u00e9, \u00e0 cet \u00e9gard, successivement re\u00e7u par les pr\u00e9sidents malien, le Colonel Assimi Guetta, guin\u00e9en, le G\u00e9n\u00e9ral Mamadi Doumbouya, et s\u00e9n\u00e9galais, Bassirou Diomaye Faye, aurait pr\u00e9sent\u00e9 \u00e0 ses h\u00f4tes le plan de mobilisation pour les grands projets de l\u2019organisation comme ceux de la navigation fluviale, des barrages de Koukoutanba et de Karbassi, ainsi que d\u2019autres projets structurants dans une r\u00e9ponse commune aux effets pervers des changements climatiques.<br \/>\nA noter que la 76\u00e8me Session ordinaire du Conseil des Ministres de l\u2019Organisation pour la Mise en Valeur du fleuve S\u00e9n\u00e9gal (OMVS), tenue \u00e0 Bamako, remonte au 22 janvier 2024 \u00e0 Bamako.<\/p>\n<p>L\u2019OMVS, cr\u00e9\u00e9e en 1972, regroupe la Guin\u00e9e, le S\u00e9n\u00e9gal, le Mali et la Mauritanie. Cet espace du bassin du Fleuve rencontre les m\u00eames d\u00e9fis de d\u00e9veloppement. Plusieurs projets hydro-agricoles et \u00e9nerg\u00e9tiques mis en oeuvre par l&#8217;organisation constituent une r\u00e9ponse &#8220;solidaire&#8221; des pays aux d\u00e9fis communs.<\/p>\n","protected":false},"excerpt":{"rendered":"<p>Le pr\u00e9sident de la R\u00e9publique, Mohamed Ould Ghazouani, pr\u00e9sident en exercice de l\u2019organisation pour la mise en valeur du Fleuve S\u00e9n\u00e9gal, a d\u00e9p\u00each\u00e9e aupr\u00e8s de ses pairs de l\u2019organisation une mission conduite par le Haut-Commissaire de l\u2019Omvs, Mohamed Ould Abdelvettah. A Nouakchott, la mission du Haut-Commisssaire est pr\u00e9sent\u00e9e \u00e9manant de volont\u00e9 du pr\u00e9sident en exercice &hellip;<\/p>\n","protected":false},"author":2,"featured_media":11068,"comment_status":"open","ping_status":"open","sticky":false,"template":"","format":"standard","meta":{"footnotes":""},"categories":[18,2,29],"tags":[],"class_list":["post-11067","post","type-post","status-publish","format-standard","has-post-thumbnail","hentry","category-actualites","category-economie","category-monde"],"_links":{"self":[{"href":"https:\/\/ladepeche.mr\/index.php?rest_route=\/wp\/v2\/posts\/11067","targetHints":{"allow":["GET"]}}],"collection":[{"href":"https:\/\/ladepeche.mr\/index.php?rest_route=\/wp\/v2\/posts"}],"about":[{"href":"https:\/\/ladepeche.mr\/index.php?rest_route=\/wp\/v2\/types\/post"}],"author":[{"embeddable":true,"href":"https:\/\/ladepeche.mr\/index.php?rest_route=\/wp\/v2\/users\/2"}],"replies":[{"embeddable":true,"href":"https:\/\/ladepeche.mr\/index.php?rest_route=%2Fwp%2Fv2%2Fcomments&post=11067"}],"version-history":[{"count":2,"href":"https:\/\/ladepeche.mr\/index.php?rest_route=\/wp\/v2\/posts\/11067\/revisions"}],"predecessor-version":[{"id":11070,"href":"https:\/\/ladepeche.mr\/index.php?rest_route=\/wp\/v2\/posts\/11067\/revisions\/11070"}],"wp:featuredmedia":[{"embeddable":true,"href":"https:\/\/ladepeche.mr\/index.php?rest_route=\/wp\/v2\/media\/11068"}],"wp:attachment":[{"href":"https:\/\/ladepeche.mr\/index.php?rest_route=%2Fwp%2Fv2%2Fmedia&parent=11067"}],"wp:term":[{"taxonomy":"category","embeddable":true,"href":"https:\/\/ladepeche.mr\/index.php?rest_route=%2Fwp%2Fv2%2Fcategories&post=11067"},{"taxonomy":"post_tag","embeddable":true,"href":"https:\/\/ladepeche.mr\/index.php?rest_route=%2Fwp%2Fv2%2Ftags&post=11067"}],"curies":[{"name":"wp","href":"https:\/\/api.w.org\/{rel}","templated":true}]}}