{"id":1108,"date":"2022-07-20T21:40:50","date_gmt":"2022-07-20T21:40:50","guid":{"rendered":"https:\/\/ladepeche.mr\/?p=1108"},"modified":"2022-08-04T10:36:22","modified_gmt":"2022-08-04T10:36:22","slug":"degringolade-de-leuro-qui-ne-sen-soucie-pas","status":"publish","type":"post","link":"https:\/\/ladepeche.mr\/?p=1108","title":{"rendered":"D\u00e9gringolade de l\u2019euro\u00a0: Qui ne s\u2019en soucie pas?"},"content":{"rendered":"<p>Cela n\u2019est jamais arriv\u00e9 depuis 2002 de voir l&#8217;euro d\u00e9gringoler \u00e0 d&#8217;un dollar \u00e0 l\u2019\u00e9chelle de l\u2019\u00e9change. Crise en Ukraine et ses r\u00e9percussions sur tout le Continent europ\u00e9en et m\u00eame au-del\u00e0, tout a concouru \u00e0 plomber la devise de pr\u00e9dilection des march\u00e9s internationaux.<\/p>\n<p>La chute libre de l\u2019euro impacte directement le march\u00e9 de change local o\u00f9 de 440 Mro, il s\u2019\u00e9change aujourd\u2019hui \u00e0 moins de 360 Mro au march\u00e9 noir.<\/p>\n","protected":false},"excerpt":{"rendered":"<p>Cela n\u2019est jamais arriv\u00e9 depuis 2002 de voir l&#8217;euro d\u00e9gringoler \u00e0 d&#8217;un dollar \u00e0 l\u2019\u00e9chelle de l\u2019\u00e9change. Crise en Ukraine et ses r\u00e9percussions sur tout le Continent europ\u00e9en et m\u00eame au-del\u00e0, tout a concouru \u00e0 plomber la devise de pr\u00e9dilection des march\u00e9s internationaux. La chute libre de l\u2019euro impacte directement le march\u00e9 de change local &hellip;<\/p>\n","protected":false},"author":2,"featured_media":1109,"comment_status":"open","ping_status":"open","sticky":false,"template":"","format":"standard","meta":{"footnotes":""},"categories":[26,21],"tags":[],"class_list":["post-1108","post","type-post","status-publish","format-standard","has-post-thumbnail","hentry","category-en-panne","category-fluctuations"],"_links":{"self":[{"href":"https:\/\/ladepeche.mr\/index.php?rest_route=\/wp\/v2\/posts\/1108","targetHints":{"allow":["GET"]}}],"collection":[{"href":"https:\/\/ladepeche.mr\/index.php?rest_route=\/wp\/v2\/posts"}],"about":[{"href":"https:\/\/ladepeche.mr\/index.php?rest_route=\/wp\/v2\/types\/post"}],"author":[{"embeddable":true,"href":"https:\/\/ladepeche.mr\/index.php?rest_route=\/wp\/v2\/users\/2"}],"replies":[{"embeddable":true,"href":"https:\/\/ladepeche.mr\/index.php?rest_route=%2Fwp%2Fv2%2Fcomments&post=1108"}],"version-history":[{"count":1,"href":"https:\/\/ladepeche.mr\/index.php?rest_route=\/wp\/v2\/posts\/1108\/revisions"}],"predecessor-version":[{"id":1110,"href":"https:\/\/ladepeche.mr\/index.php?rest_route=\/wp\/v2\/posts\/1108\/revisions\/1110"}],"wp:featuredmedia":[{"embeddable":true,"href":"https:\/\/ladepeche.mr\/index.php?rest_route=\/wp\/v2\/media\/1109"}],"wp:attachment":[{"href":"https:\/\/ladepeche.mr\/index.php?rest_route=%2Fwp%2Fv2%2Fmedia&parent=1108"}],"wp:term":[{"taxonomy":"category","embeddable":true,"href":"https:\/\/ladepeche.mr\/index.php?rest_route=%2Fwp%2Fv2%2Fcategories&post=1108"},{"taxonomy":"post_tag","embeddable":true,"href":"https:\/\/ladepeche.mr\/index.php?rest_route=%2Fwp%2Fv2%2Ftags&post=1108"}],"curies":[{"name":"wp","href":"https:\/\/api.w.org\/{rel}","templated":true}]}}