{"id":11081,"date":"2024-08-29T13:40:52","date_gmt":"2024-08-29T13:40:52","guid":{"rendered":"https:\/\/ladepeche.mr\/?p=11081"},"modified":"2024-08-29T13:40:52","modified_gmt":"2024-08-29T13:40:52","slug":"le-ministre-de-leconomie-et-des-finances-sentretient-avec-lambassadeur-dallemagne-a-nouakchott","status":"publish","type":"post","link":"https:\/\/ladepeche.mr\/?p=11081","title":{"rendered":"Le ministre de l&#8217;\u00c9conomie et des Finances s&#8217;entretient avec l&#8217;ambassadeur d&#8217;Allemagne \u00e0 Nouakchott"},"content":{"rendered":"<p>Son Excellence le ministre de l&#8217;\u00c9conomie et des Finances, M. Sid\u2019Ahmed Ould Bouh, a re\u00e7u en audience, ce jeudi matin en son bureau, l&#8217;ambassadeur d&#8217;Allemagne accr\u00e9dit\u00e9 aupr\u00e8s de notre pays, SEM. Florian Rendell.<\/p>\n<p>Au cours de la rencontre, les discussions ont port\u00e9 sur les relations de coop\u00e9ration existant entre les deux pays amis ainsi que sur les moyens susceptibles de les renforcer dans divers domaines.<\/p>\n<p>La r\u00e9union s&#8217;est d\u00e9roul\u00e9e en pr\u00e9sence du Secr\u00e9taire g\u00e9n\u00e9ral du minist\u00e8re, M. Yacoub Ould Ahmed Aicha, et du directeur g\u00e9n\u00e9ral des Financements et de la Coop\u00e9ration \u00e9conomique, M. Mohamed Salem Ould Nani.<\/p>\n<p>Source MEF<\/p>\n","protected":false},"excerpt":{"rendered":"<p>Son Excellence le ministre de l&#8217;\u00c9conomie et des Finances, M. Sid\u2019Ahmed Ould Bouh, a re\u00e7u en audience, ce jeudi matin en son bureau, l&#8217;ambassadeur d&#8217;Allemagne accr\u00e9dit\u00e9 aupr\u00e8s de notre pays, SEM. Florian Rendell. Au cours de la rencontre, les discussions ont port\u00e9 sur les relations de coop\u00e9ration existant entre les deux pays amis ainsi que &hellip;<\/p>\n","protected":false},"author":2,"featured_media":11082,"comment_status":"open","ping_status":"open","sticky":false,"template":"","format":"standard","meta":{"footnotes":""},"categories":[18,2],"tags":[],"class_list":["post-11081","post","type-post","status-publish","format-standard","has-post-thumbnail","hentry","category-actualites","category-economie"],"_links":{"self":[{"href":"https:\/\/ladepeche.mr\/index.php?rest_route=\/wp\/v2\/posts\/11081","targetHints":{"allow":["GET"]}}],"collection":[{"href":"https:\/\/ladepeche.mr\/index.php?rest_route=\/wp\/v2\/posts"}],"about":[{"href":"https:\/\/ladepeche.mr\/index.php?rest_route=\/wp\/v2\/types\/post"}],"author":[{"embeddable":true,"href":"https:\/\/ladepeche.mr\/index.php?rest_route=\/wp\/v2\/users\/2"}],"replies":[{"embeddable":true,"href":"https:\/\/ladepeche.mr\/index.php?rest_route=%2Fwp%2Fv2%2Fcomments&post=11081"}],"version-history":[{"count":1,"href":"https:\/\/ladepeche.mr\/index.php?rest_route=\/wp\/v2\/posts\/11081\/revisions"}],"predecessor-version":[{"id":11083,"href":"https:\/\/ladepeche.mr\/index.php?rest_route=\/wp\/v2\/posts\/11081\/revisions\/11083"}],"wp:featuredmedia":[{"embeddable":true,"href":"https:\/\/ladepeche.mr\/index.php?rest_route=\/wp\/v2\/media\/11082"}],"wp:attachment":[{"href":"https:\/\/ladepeche.mr\/index.php?rest_route=%2Fwp%2Fv2%2Fmedia&parent=11081"}],"wp:term":[{"taxonomy":"category","embeddable":true,"href":"https:\/\/ladepeche.mr\/index.php?rest_route=%2Fwp%2Fv2%2Fcategories&post=11081"},{"taxonomy":"post_tag","embeddable":true,"href":"https:\/\/ladepeche.mr\/index.php?rest_route=%2Fwp%2Fv2%2Ftags&post=11081"}],"curies":[{"name":"wp","href":"https:\/\/api.w.org\/{rel}","templated":true}]}}