{"id":11087,"date":"2024-08-29T17:22:44","date_gmt":"2024-08-29T17:22:44","guid":{"rendered":"https:\/\/ladepeche.mr\/?p=11087"},"modified":"2024-08-29T17:22:44","modified_gmt":"2024-08-29T17:22:44","slug":"snde-leau-emporte-hamza-thiam","status":"publish","type":"post","link":"https:\/\/ladepeche.mr\/?p=11087","title":{"rendered":"SNDE\u00a0: L\u2019eau emporte Hamza Thiam"},"content":{"rendered":"<p>Hamza Thiam, ex-dg de la Snim, quitte son poste de Directeur g\u00e9n\u00e9ral de la Snde confirmerait le dernier conseil des ministres dont les travaux se poursuivent encore.<\/p>\n<p>Cadre de la Snim Hamza Thiam qui a remplac\u00e9, en ao\u00fbt 2023, Mohamed Mahmoud Ould Jaafar.<\/p>\n<p>Depuis quelques jours des rumeurs circulaient au sujet de Hamza Thiam. Il est remplac\u00e9 par Abdelmajid Ould Riha. Fils d\u2019un ex-officier sup\u00e9rieur de la gendarmerie.<\/p>\n<p>Aucune explication officielle n\u2019a \u00e9t\u00e9 donn\u00e9e \u00e0 ce limogeage qui aurait aussi emport\u00e9 son adjoint.<\/p>\n<p>Depuis quelques jours, Nouakchott subit de plein fouet une crise d\u2019approvisionnement en eau potable sans pr\u00e9c\u00e9dent, rappelle-t-on.<\/p>\n","protected":false},"excerpt":{"rendered":"<p>Hamza Thiam, ex-dg de la Snim, quitte son poste de Directeur g\u00e9n\u00e9ral de la Snde confirmerait le dernier conseil des ministres dont les travaux se poursuivent encore. Cadre de la Snim Hamza Thiam qui a remplac\u00e9, en ao\u00fbt 2023, Mohamed Mahmoud Ould Jaafar. Depuis quelques jours des rumeurs circulaient au sujet de Hamza Thiam. Il &hellip;<\/p>\n","protected":false},"author":2,"featured_media":11088,"comment_status":"open","ping_status":"open","sticky":false,"template":"","format":"standard","meta":{"footnotes":""},"categories":[18,2],"tags":[],"class_list":["post-11087","post","type-post","status-publish","format-standard","has-post-thumbnail","hentry","category-actualites","category-economie"],"_links":{"self":[{"href":"https:\/\/ladepeche.mr\/index.php?rest_route=\/wp\/v2\/posts\/11087","targetHints":{"allow":["GET"]}}],"collection":[{"href":"https:\/\/ladepeche.mr\/index.php?rest_route=\/wp\/v2\/posts"}],"about":[{"href":"https:\/\/ladepeche.mr\/index.php?rest_route=\/wp\/v2\/types\/post"}],"author":[{"embeddable":true,"href":"https:\/\/ladepeche.mr\/index.php?rest_route=\/wp\/v2\/users\/2"}],"replies":[{"embeddable":true,"href":"https:\/\/ladepeche.mr\/index.php?rest_route=%2Fwp%2Fv2%2Fcomments&post=11087"}],"version-history":[{"count":1,"href":"https:\/\/ladepeche.mr\/index.php?rest_route=\/wp\/v2\/posts\/11087\/revisions"}],"predecessor-version":[{"id":11089,"href":"https:\/\/ladepeche.mr\/index.php?rest_route=\/wp\/v2\/posts\/11087\/revisions\/11089"}],"wp:featuredmedia":[{"embeddable":true,"href":"https:\/\/ladepeche.mr\/index.php?rest_route=\/wp\/v2\/media\/11088"}],"wp:attachment":[{"href":"https:\/\/ladepeche.mr\/index.php?rest_route=%2Fwp%2Fv2%2Fmedia&parent=11087"}],"wp:term":[{"taxonomy":"category","embeddable":true,"href":"https:\/\/ladepeche.mr\/index.php?rest_route=%2Fwp%2Fv2%2Fcategories&post=11087"},{"taxonomy":"post_tag","embeddable":true,"href":"https:\/\/ladepeche.mr\/index.php?rest_route=%2Fwp%2Fv2%2Ftags&post=11087"}],"curies":[{"name":"wp","href":"https:\/\/api.w.org\/{rel}","templated":true}]}}