{"id":11091,"date":"2024-08-29T21:25:34","date_gmt":"2024-08-29T21:25:34","guid":{"rendered":"https:\/\/ladepeche.mr\/?p=11091"},"modified":"2024-08-29T21:25:34","modified_gmt":"2024-08-29T21:25:34","slug":"communique-du-conseil-des-ministres-du-jeudi-29-aout-2024","status":"publish","type":"post","link":"https:\/\/ladepeche.mr\/?p=11091","title":{"rendered":"Communiqu\u00e9 du Conseil des Ministres du Jeudi 29 Ao\u00fbt 2024"},"content":{"rendered":"<p>Le Conseil des Ministres s\u2019est r\u00e9uni le Jeudi 29 Ao\u00fbt 2024, sous la Pr\u00e9sidence de Son Excellence Monsieur Mohamed Ould Cheikh El-Ghazouani, Pr\u00e9sident de la R\u00e9publique.<\/p>\n<p>Le Conseil a examin\u00e9 et approuv\u00e9 le Projet de loi relatif \u00e0 la modernisation des march\u00e9s de capitaux.<\/p>\n<p>Ce projet de loi vise \u00e0 \u00e9tablir les bases juridiques d\u2019une industrie financi\u00e8re nationale capable de faciliter le financement des op\u00e9rateurs \u00e9conomiques, en sollicitant des investisseurs nationaux et internationaux qui b\u00e9n\u00e9ficieront d\u2019infrastructures financi\u00e8res fiables pour investir leurs capitaux.<\/p>\n<p>Le Conseil a d\u00e9lib\u00e9r\u00e9 sur une communication pr\u00e9sent\u00e9e par le Premier Ministre relative \u00e0 l\u2019engagement de la responsabilit\u00e9 du Gouvernement sur la Politique G\u00e9n\u00e9rale du Gouvernement qui sera pr\u00e9sent\u00e9e devant l\u2019Assembl\u00e9e Nationale et ce conform\u00e9ment aux articles 42(nouveau), 74 et 75 de la Constitution.<\/p>\n<p>Le Ministre de l\u2019Int\u00e9rieur, de la Promotion de la D\u00e9centralisation et du D\u00e9veloppement Local, Ministre des Affaires \u00c9trang\u00e8res, de la Coop\u00e9ration Africaine et des Mauritaniens de l\u2019Ext\u00e9rieur par int\u00e9rim, a pr\u00e9sent\u00e9 une communication relative \u00e0 la situation internationale.<\/p>\n<p>Le Ministre de l\u2019Int\u00e9rieur, de la Promotion de la D\u00e9centralisation et du D\u00e9veloppement Local a pr\u00e9sent\u00e9 une communication relative \u00e0 la situation int\u00e9rieure.<\/p>\n<p>Le Ministre de la Transformation Num\u00e9rique et de la Modernisation de l\u2019Administration a pr\u00e9sent\u00e9 une communication relative aux phase 2 et 3 du projet de connectivit\u00e9 des zones frontali\u00e8res Sud et Sud-Est de Ould Yenje \u00e0 N\u2019Beiket Lahwach.<\/p>\n<p>Les phases 2 et 3 du projet de connectivit\u00e9 des zones Sud et Est portent sur la couverture continue en services de communications \u00e9lectronique 2G\/4G de notre fronti\u00e8re avec le Mali, allant de Ould Yenje \u00e0 N\u2019Beiket Lahwache, qui n\u00e9cessiterait plus d\u2019une centaine de sites pour une couverture compl\u00e8te et continue de cette zone.<\/p>\n<p>La Ministre de l\u2019Hydraulique et de l\u2019Assainissement a pr\u00e9sent\u00e9 une communication relative \u00e0 l\u2019approvisionnement en eau potable de la ville de Nouakchott.<\/p>\n<p>Cette communication a pour objet de pr\u00e9senter le contexte actuel de l\u2019approvisionnement en eau potable de Nouakchott, ainsi que les mesures programm\u00e9es pour mettre d\u00e9finitivement un terme aux probl\u00e8mes r\u00e9currents de p\u00e9nurie d\u2019eau potable, enregistr\u00e9s au cours des derni\u00e8res ann\u00e9es, notamment pendant la p\u00e9riode d\u2019hivernage.<\/p>\n<p>Enfin, le Conseil a pris les mesures individuelles suivantes :<\/p>\n<p>Minist\u00e8re de l\u2019Hydraulique et de l\u2019Assainissement<\/p>\n<p>\u00c9tablissements publics<\/p>\n<p>Soci\u00e9t\u00e9 National d\u2019Eau<\/p>\n<p>\u2013 Directeur G\u00e9n\u00e9ral : Abed Elmejid Ould Riha<\/p>\n<p>\u2013 Dircteur G\u00e9n\u00e9ral Adjoint : Mohamed Mahmoud El Moujtaba Beibe.<\/p>\n<p>Ministre de la Culture, des Arts, de la Communication et des Relations avec le Parlement<\/p>\n<p>Cabinet du Ministre<\/p>\n<p>Abdel Vetah Ould Ebeidna, est relev\u00e9 de sa fonctions comme Charge de Mission.<\/p>\n<p>\u00c9tablissements publics<\/p>\n<p>Autorit\u00e9 de R\u00e9gulation de la Publicit\u00e9 (ARP)<\/p>\n<p>\u2013 Pr\u00e9sident de l\u2019Autorit\u00e9 : Dieng Amadou Boubou, pr\u00e9c\u00e9demment Directeur G\u00e9n\u00e9ral Adjoint de l\u2019Etablissement Portuaire de la Baie du Repos (EPBR).<\/p>\n<p>Ami<\/p>\n","protected":false},"excerpt":{"rendered":"<p>Le Conseil des Ministres s\u2019est r\u00e9uni le Jeudi 29 Ao\u00fbt 2024, sous la Pr\u00e9sidence de Son Excellence Monsieur Mohamed Ould Cheikh El-Ghazouani, Pr\u00e9sident de la R\u00e9publique. Le Conseil a examin\u00e9 et approuv\u00e9 le Projet de loi relatif \u00e0 la modernisation des march\u00e9s de capitaux. Ce projet de loi vise \u00e0 \u00e9tablir les bases juridiques d\u2019une &hellip;<\/p>\n","protected":false},"author":2,"featured_media":10415,"comment_status":"open","ping_status":"open","sticky":false,"template":"","format":"standard","meta":{"footnotes":""},"categories":[18,31],"tags":[],"class_list":["post-11091","post","type-post","status-publish","format-standard","has-post-thumbnail","hentry","category-actualites","category-politique-et-reportages"],"_links":{"self":[{"href":"https:\/\/ladepeche.mr\/index.php?rest_route=\/wp\/v2\/posts\/11091","targetHints":{"allow":["GET"]}}],"collection":[{"href":"https:\/\/ladepeche.mr\/index.php?rest_route=\/wp\/v2\/posts"}],"about":[{"href":"https:\/\/ladepeche.mr\/index.php?rest_route=\/wp\/v2\/types\/post"}],"author":[{"embeddable":true,"href":"https:\/\/ladepeche.mr\/index.php?rest_route=\/wp\/v2\/users\/2"}],"replies":[{"embeddable":true,"href":"https:\/\/ladepeche.mr\/index.php?rest_route=%2Fwp%2Fv2%2Fcomments&post=11091"}],"version-history":[{"count":1,"href":"https:\/\/ladepeche.mr\/index.php?rest_route=\/wp\/v2\/posts\/11091\/revisions"}],"predecessor-version":[{"id":11092,"href":"https:\/\/ladepeche.mr\/index.php?rest_route=\/wp\/v2\/posts\/11091\/revisions\/11092"}],"wp:featuredmedia":[{"embeddable":true,"href":"https:\/\/ladepeche.mr\/index.php?rest_route=\/wp\/v2\/media\/10415"}],"wp:attachment":[{"href":"https:\/\/ladepeche.mr\/index.php?rest_route=%2Fwp%2Fv2%2Fmedia&parent=11091"}],"wp:term":[{"taxonomy":"category","embeddable":true,"href":"https:\/\/ladepeche.mr\/index.php?rest_route=%2Fwp%2Fv2%2Fcategories&post=11091"},{"taxonomy":"post_tag","embeddable":true,"href":"https:\/\/ladepeche.mr\/index.php?rest_route=%2Fwp%2Fv2%2Ftags&post=11091"}],"curies":[{"name":"wp","href":"https:\/\/api.w.org\/{rel}","templated":true}]}}