{"id":11108,"date":"2024-08-30T17:07:52","date_gmt":"2024-08-30T17:07:52","guid":{"rendered":"https:\/\/ladepeche.mr\/?p=11108"},"modified":"2024-08-30T17:07:52","modified_gmt":"2024-08-30T17:07:52","slug":"en-cisjordanie-sous-les-raids-israeliens-on-est-une-deuxieme-gaza","status":"publish","type":"post","link":"https:\/\/ladepeche.mr\/?p=11108","title":{"rendered":"En Cisjordanie sous les raids isra\u00e9liens, \u00abon est une deuxi\u00e8me Gaza\u00bb"},"content":{"rendered":"<div class=\"summary\">\n<p>\u00ab Ils commettent des massacres, ils bombardent, ils br\u00fblent, pour faire pression sur la r\u00e9sistance. Ils voudraient que la rue se retourne contre la r\u00e9sistance mais ils n&#8217;y arrivent pas \u00bb, estime un membre du comit\u00e9 central du Parti du peuple.<\/p>\n<\/div>\n<div class=\"article-info\">\n<p>&#8220;On est une deuxi\u00e8me Gaza&#8221;: au troisi\u00e8me jour de raids isra\u00e9liens dans le nord de la Cisjordanie, les habitants se r\u00e9veillent au milieu de rues d\u00e9fonc\u00e9es, de murs cribl\u00e9s de balles et de cort\u00e8ges fun\u00e9raires, inquiets de l&#8217;avenir dans un territoire \u00e9touff\u00e9 par l&#8217;occupation et la violence.<\/p>\n<p>Dans le camp de r\u00e9fugi\u00e9s de Nour Chams \u00e0 Tulkarem, l&#8217;arm\u00e9e isra\u00e9lienne s&#8217;est retir\u00e9e dans la nuit de jeudi \u00e0 vendredi et des employ\u00e9s municipaux s&#8217;activent d\u00e8s le petit matin. Le camp a \u00e9t\u00e9 l&#8217;une des cibles principales de l&#8217;op\u00e9ration contre des groupes arm\u00e9s palestiniens lanc\u00e9e mercredi dans le nord de la Cisjordanie et qui se poursuit encore vendredi \u00e0 J\u00e9nine. Avant de faire entrer ses fantassins, l&#8217;arm\u00e9e isra\u00e9lienne a envoy\u00e9 ses bulldozers. Partout o\u00f9 ils sont pass\u00e9s, le bitume a saut\u00e9, d\u00e9couvrant terre battue, sable et mauvais gravier d&#8217;o\u00f9 se d\u00e9gage un nuage de poussi\u00e8re. Embourb\u00e9s dans la terre battue impr\u00e9gn\u00e9e d&#8217;eau s&#8217;\u00e9chappant de tuyaux \u00e9clat\u00e9s, les techniciens en gilets rouges tentent d&#8217;\u00e9valuer les d\u00e9g\u00e2ts.<\/p>\n<p>Fouad Kanouh, lui, fait et refait le tour de son magasin, au rez-de-chauss\u00e9e de sa maison \u00e0 la fa\u00e7ade \u00e9ventr\u00e9e et aux murs noirs de suie. Ce qu&#8217;il vendait ? Des bouteilles de gaz qui ont toutes explos\u00e9. La boutique a manifestement \u00e9t\u00e9 touch\u00e9e pendant les combats par une roquette, dont M. Kanouh exhume le corps cylindrique, tordu et calcin\u00e9. Au mur, le t\u00e9l\u00e9viseur d\u00e9glingu\u00e9 pend \u00e0 un fil.<\/p>\n<h2>\u00ab La diff\u00e9rence ? \u00bb<\/h2>\n<p>En vertu d&#8217;accords sign\u00e9 pendant la d\u00e9cennie 1990 dans le cadre d&#8217;un processus de paix aujourd&#8217;hui moribond, la s\u00e9curit\u00e9 et l&#8217;ordre public dans la \u00ab zone A \u00bb, qui englobe les principales grandes villes palestiniennes de Cisjordanie et repr\u00e9sente moins de 18% de ce territoire occup\u00e9 par Isra\u00ebl depuis 1967, sont cens\u00e9s \u00eatre du ressort exclusif de l&#8217;Autorit\u00e9 palestinienne.<\/p>\n<p>Mais l&#8217;arm\u00e9e isra\u00e9lienne, qui accuse la police palestinienne de ne rien faire contre les groupes arm\u00e9s en lutte contre Isra\u00ebl, se r\u00e9serve le droit d&#8217;y intervenir \u00e0 sa guise. Nour Chams (en zone A comme tous les camps de r\u00e9fugi\u00e9s) ne compte plus les raids de l&#8217;arm\u00e9e isra\u00e9lienne. Rien que cette semaine, il y en a eu deux. Ici, les membres des groupes arm\u00e9s ne portent m\u00eame plus la cagoule, ils se disent toute l&#8217;ann\u00e9e \u00ab sur la route du martyre \u00bb. La guerre en cours dans la bande de Gaza, d\u00e9clench\u00e9e par l&#8217;attaque du mouvement islamiste palestinien Hamas en Isra\u00ebl le 7 octobre, n&#8217;a fait qu&#8217;empirer un climat de violences exacerb\u00e9es depuis pr\u00e8s de deux ans en Cisjordanie.<\/p>\n<p>Depuis le 7 octobre, environ 640 Palestiniens y ont \u00e9t\u00e9 tu\u00e9s par des soldats ou des colons juifs, un nombre jamais vu depuis la fin de la Seconde Intifada en 2005, selon l&#8217;ONU, et au moins 19 Isra\u00e9liens, soldats ou civils, y ont p\u00e9ri dans des attaques palestiniennes ou durant des op\u00e9rations de l&#8217;arm\u00e9e, selon des chiffres officiels isra\u00e9liens. Mais contrairement \u00e0 Gaza d\u00e9vast\u00e9e par l&#8217;offensive isra\u00e9lienne, en Cisjordanie o\u00f9 trois millions de Palestiniens se voient imposer la pr\u00e9sence d&#8217;un demi-million de colons juifs, officiellement, ce n&#8217;est pas la guerre. \u00ab C&#8217;est quoi la diff\u00e9rence entre Gaza et nous ? \u00bb, se lamente pourtant Nayef Alaajmeh, qui contemple, incr\u00e9dule, les d\u00e9g\u00e2ts.<\/p>\n<p>\u00ab On est une deuxi\u00e8me Gaza, dit-il, surtout dans les camps de r\u00e9fugi\u00e9s \u00bb, \u00e9tablis dans les ann\u00e9es 1950 pour accueillir les Palestiniens partis ou forc\u00e9s de fuir leurs maisons \u00e0 la cr\u00e9ation d&#8217;Isra\u00ebl en 1948, et devenus avec le temps de v\u00e9ritables villes.<\/p>\n<h2>\u00ab Pressions sur la r\u00e9sistance \u00bb<\/h2>\n<p>\u00ab L&#8217;arm\u00e9e d&#8217;occupation a d\u00e9truit les infrastructures, les rues, nos biens, nos voitures, ils ont m\u00eame attaqu\u00e9 la mosqu\u00e9e \u00bb, rench\u00e9rit Abou Mohammad, membre d&#8217;un des groupes arm\u00e9s du camp d&#8217;al-Faraa, \u00e0 une trentaine de kilom\u00e8tres \u00e0 l&#8217;est de Nour Chams. Pour Mohammad Mansour, membre du comit\u00e9 central du Parti du peuple (communiste) qui participe comme lui aux fun\u00e9railles de quatre Palestiniens tu\u00e9s mercredi, l&#8217;arm\u00e9e isra\u00e9lienne met la pression sur les habitants des camps \u00e0 dessein. \u00ab Ils commettent des massacres, ils bombardent, ils br\u00fblent, pour faire pression sur la r\u00e9sistance. Ils voudraient que la rue se retourne contre la r\u00e9sistance mais ils n&#8217;y arrivent pas \u00bb, veut croire l&#8217;homme derri\u00e8re lequel les corps envelopp\u00e9s dans des drapeaux palestiniens sont mis en terre.<\/p>\n<p>Avant d&#8217;\u00eatre enterr\u00e9s, ils ont eu droit \u00e0 une procession fun\u00e9raire. Leurs corps ont \u00e9t\u00e9 port\u00e9s par la foule dans les rues fra\u00eechement retourn\u00e9es par les bulldozers isra\u00e9liens. La m\u00e8re d&#8217;un des quatre morts \u2014 un \u00ab terroriste arm\u00e9 \u00bb selon les communiqu\u00e9s des forces isra\u00e9liennes \u2014 embrasse le visage de son fils une derni\u00e8re fois. Quelques m\u00e8tres plus loin, le cort\u00e8ge de t\u00eate se met en branle. Au son des tirs en l&#8217;air de jeunes brandissant leurs noirs fusils automatiques.<\/p>\n<p>https:\/\/www.lorientlejour.com\/article\/1425506\/en-cisjordanie-sous-les-raids-israeliens-on-est-une-deuxieme-gaza-reportage.html<\/p>\n<\/div>\n","protected":false},"excerpt":{"rendered":"<p>\u00ab Ils commettent des massacres, ils bombardent, ils br\u00fblent, pour faire pression sur la r\u00e9sistance. Ils voudraient que la rue se retourne contre la r\u00e9sistance mais ils n&#8217;y arrivent pas \u00bb, estime un membre du comit\u00e9 central du Parti du peuple. &#8220;On est une deuxi\u00e8me Gaza&#8221;: au troisi\u00e8me jour de raids isra\u00e9liens dans le nord &hellip;<\/p>\n","protected":false},"author":2,"featured_media":11109,"comment_status":"open","ping_status":"open","sticky":false,"template":"","format":"standard","meta":{"footnotes":""},"categories":[18,29],"tags":[],"class_list":["post-11108","post","type-post","status-publish","format-standard","has-post-thumbnail","hentry","category-actualites","category-monde"],"_links":{"self":[{"href":"https:\/\/ladepeche.mr\/index.php?rest_route=\/wp\/v2\/posts\/11108","targetHints":{"allow":["GET"]}}],"collection":[{"href":"https:\/\/ladepeche.mr\/index.php?rest_route=\/wp\/v2\/posts"}],"about":[{"href":"https:\/\/ladepeche.mr\/index.php?rest_route=\/wp\/v2\/types\/post"}],"author":[{"embeddable":true,"href":"https:\/\/ladepeche.mr\/index.php?rest_route=\/wp\/v2\/users\/2"}],"replies":[{"embeddable":true,"href":"https:\/\/ladepeche.mr\/index.php?rest_route=%2Fwp%2Fv2%2Fcomments&post=11108"}],"version-history":[{"count":1,"href":"https:\/\/ladepeche.mr\/index.php?rest_route=\/wp\/v2\/posts\/11108\/revisions"}],"predecessor-version":[{"id":11110,"href":"https:\/\/ladepeche.mr\/index.php?rest_route=\/wp\/v2\/posts\/11108\/revisions\/11110"}],"wp:featuredmedia":[{"embeddable":true,"href":"https:\/\/ladepeche.mr\/index.php?rest_route=\/wp\/v2\/media\/11109"}],"wp:attachment":[{"href":"https:\/\/ladepeche.mr\/index.php?rest_route=%2Fwp%2Fv2%2Fmedia&parent=11108"}],"wp:term":[{"taxonomy":"category","embeddable":true,"href":"https:\/\/ladepeche.mr\/index.php?rest_route=%2Fwp%2Fv2%2Fcategories&post=11108"},{"taxonomy":"post_tag","embeddable":true,"href":"https:\/\/ladepeche.mr\/index.php?rest_route=%2Fwp%2Fv2%2Ftags&post=11108"}],"curies":[{"name":"wp","href":"https:\/\/api.w.org\/{rel}","templated":true}]}}