{"id":11111,"date":"2024-08-30T23:56:41","date_gmt":"2024-08-30T23:56:41","guid":{"rendered":"https:\/\/ladepeche.mr\/?p=11111"},"modified":"2024-08-30T23:59:06","modified_gmt":"2024-08-30T23:59:06","slug":"renforcement-daep-de-la-ville-de-nouakchott-a-partir-didini-rebelote","status":"publish","type":"post","link":"https:\/\/ladepeche.mr\/?p=11111","title":{"rendered":"Renforcement d\u2019AEP de la ville de Nouakchott\u00a0\u00e0 partir d\u2019IDINI: Rebelote!"},"content":{"rendered":"<p>Alors que le tumulte des vagues, du march\u00e9 du \u00ab Projet de Renforcement et de s\u00e9curisation de l\u2019AEP de la ville de Nouakchott \u00e0 partir du Champ d\u2019Idini\u00bb, est encore assourdissant, un autre projet, celui du lot 2 portant sur des travaux d\u2019\u00e9quipement, de raccordement et de mise en place du syst\u00e8me de t\u00e9l\u00e9gestion des 37 forages existant et 24 nouveaux forages du champ captant d\u2019Idini, financement FADES \u00e9galement, n\u2019a pas connu meilleur sort.<\/p>\n<p>En effet, alors que les soumissionnaires \u00e9taient invit\u00e9s pour un d\u00e9pouillement des offres le 5 septembre 2024, un report repoussant\u00a0 cette date butoir au 7 octobre 2024 a \u00e9t\u00e9, \u00e0 cet effet, rendu public. L\u2019on ne sait pas encore les motivations de ce report.<\/p>\n<p>Un communiqu\u00e9 du Coordinateur national de l\u2019Unit\u00e9 de Gestion du Projet du R\u00e9seau de Distribution d\u2019eau de Nouakchott (UGPRD), Kane Oumar Mamadou <strong>(photo),<\/strong> ancien patron de la distribution de l\u2019eau \u00e0 la Snde, explique cependant fin ao\u00fbt 2024 qu\u2019 \u00abil est port\u00e9 \u00e0 l&#8217;attention des candidats int\u00e9ress\u00e9s qu\u2019il\u00a0a \u00e9t\u00e9 d\u00e9cid\u00e9 que\u00a0la nouvelle date de d\u00e9p\u00f4t et d\u2019ouverture des offres techniques est pr\u00e9vue pour le lundi le 07 octobre 2024 \u00e0 12 heures 00 TU au lieu du 05 septembre 2024 \u00e0 12h initialement pr\u00e9vue\u00a0\u00bb. Pourtant une visite de terrain \u00e9tait pr\u00e9vue depuis le 8 ao\u00fbt 2024 sur le site du projet. L\u2019\u00e9tude de ce projet avait \u00e9t\u00e9 faite par le consultant tunisien \u00abSONEDE International\u00a0\u00bb et r\u00e9vis\u00e9e par la suite par TAEP\/Cabinet du groupe fran\u00e7ais Merlin. Ce projet appendice du projet initial financ\u00e9 sur le fonds FADES, \u00ab Projet de Renforcement et de s\u00e9curisation de l\u2019AEP de la ville de Nouakchott \u00e0 partir du Champ d\u2019Idini\u00bb fait couler, aujourd\u2019hui, beaucoup d\u2019encre et de salives.<\/p>\n<p>D\u00e9cid\u00e9ment, l&#8217;UGPRD fait trop parler d&#8217;elle \u00e0 un moment o\u00f9 l&#8217;attention des gouvernants est \u00e0 assainir totalement les secteurs sociaux notamment.<\/p>\n<p>A suivre<\/p>\n","protected":false},"excerpt":{"rendered":"<p>Alors que le tumulte des vagues, du march\u00e9 du \u00ab Projet de Renforcement et de s\u00e9curisation de l\u2019AEP de la ville de Nouakchott \u00e0 partir du Champ d\u2019Idini\u00bb, est encore assourdissant, un autre projet, celui du lot 2 portant sur des travaux d\u2019\u00e9quipement, de raccordement et de mise en place du syst\u00e8me de t\u00e9l\u00e9gestion des &hellip;<\/p>\n","protected":false},"author":2,"featured_media":11112,"comment_status":"open","ping_status":"open","sticky":false,"template":"","format":"standard","meta":{"footnotes":""},"categories":[18,2],"tags":[],"class_list":["post-11111","post","type-post","status-publish","format-standard","has-post-thumbnail","hentry","category-actualites","category-economie"],"_links":{"self":[{"href":"https:\/\/ladepeche.mr\/index.php?rest_route=\/wp\/v2\/posts\/11111","targetHints":{"allow":["GET"]}}],"collection":[{"href":"https:\/\/ladepeche.mr\/index.php?rest_route=\/wp\/v2\/posts"}],"about":[{"href":"https:\/\/ladepeche.mr\/index.php?rest_route=\/wp\/v2\/types\/post"}],"author":[{"embeddable":true,"href":"https:\/\/ladepeche.mr\/index.php?rest_route=\/wp\/v2\/users\/2"}],"replies":[{"embeddable":true,"href":"https:\/\/ladepeche.mr\/index.php?rest_route=%2Fwp%2Fv2%2Fcomments&post=11111"}],"version-history":[{"count":4,"href":"https:\/\/ladepeche.mr\/index.php?rest_route=\/wp\/v2\/posts\/11111\/revisions"}],"predecessor-version":[{"id":11116,"href":"https:\/\/ladepeche.mr\/index.php?rest_route=\/wp\/v2\/posts\/11111\/revisions\/11116"}],"wp:featuredmedia":[{"embeddable":true,"href":"https:\/\/ladepeche.mr\/index.php?rest_route=\/wp\/v2\/media\/11112"}],"wp:attachment":[{"href":"https:\/\/ladepeche.mr\/index.php?rest_route=%2Fwp%2Fv2%2Fmedia&parent=11111"}],"wp:term":[{"taxonomy":"category","embeddable":true,"href":"https:\/\/ladepeche.mr\/index.php?rest_route=%2Fwp%2Fv2%2Fcategories&post=11111"},{"taxonomy":"post_tag","embeddable":true,"href":"https:\/\/ladepeche.mr\/index.php?rest_route=%2Fwp%2Fv2%2Ftags&post=11111"}],"curies":[{"name":"wp","href":"https:\/\/api.w.org\/{rel}","templated":true}]}}