{"id":11123,"date":"2024-08-31T12:44:52","date_gmt":"2024-08-31T12:44:52","guid":{"rendered":"https:\/\/ladepeche.mr\/?p=11123"},"modified":"2024-08-31T12:44:52","modified_gmt":"2024-08-31T12:44:52","slug":"politique-biram-et-maouloud-enterrent-leur-hache-de-guerre","status":"publish","type":"post","link":"https:\/\/ladepeche.mr\/?p=11123","title":{"rendered":"Politique\u00a0: Biram et Maouloud enterrent leur hache de guerre\u00a0!"},"content":{"rendered":"<p>Biram Dah Abeid, pr\u00e9sident d\u2019Ira-Mauritanie, a pr\u00e9sent\u00e9 vendredi ses excuses au pr\u00e9sident de l\u2019UFP, Mohamed Ould Maouloud avec lequel ses relations s\u2019\u00e9taient d\u00e9t\u00e9rior\u00e9es suite \u00e0 des accusations de \u00ab\u00a0corruption\u00a0\u00bb qu\u2019il avait prof\u00e9r\u00e9es contre lui, apprend-on dans un communiqu\u00e9 du parti de Mohamed Ould Maouloud.<\/p>\n<p>En f\u00e9vrier 2024, Mohamed Ould Maouloud, a port\u00e9 plainte pour \u00ab diffamation \u00bb et \u00ab calomnie \u00bb contre devant le parquet g\u00e9n\u00e9ral de la wilaya de Nouakchott Ouest contre BDA. Des audios enregistr\u00e9s du leader de l\u2019Ira, dans lesquels il pr\u00e9tendait que Ould Maouloud avait re\u00e7u 500 millions d\u2019UM (anciens), lors de la pr\u00e9sidentielle de 2019, avaient \u00e9t\u00e9 distill\u00e9s sur les r\u00e9seaux sociaux et mis le feu aux relations entre les deux hommes.<br \/>\nSelon ce communiqu\u00e9 de l\u2019UFP, publi\u00e9 \u00e0 l\u2019issue de la rencontre entre les deux hommes politiques, le 30 ao\u00fbt 2024: \u00able Pr\u00e9sident Biram Dah O\/ Abeid, apr\u00e8s amples explications, a pr\u00e9sent\u00e9 ses excuses sur les incidents qui ont affect\u00e9 leurs relations \u00bb. On souligne de m\u00eame dans ce communiqu\u00e9 que le \u00ab Pr\u00e9sident Mohamed O\/ Maouloud \u00e0 son tour, a appr\u00e9ci\u00e9 cette d\u00e9marche courageuse et responsable et a accept\u00e9 ces excuses \u00bb.<\/p>\n<p>Pour aller encore de l\u2019avant, les deux parties ont consid\u00e9r\u00e9 que l&#8217;incident entre eux \u00e9tait clos; Ould Maouloud ayant \u00e9galement d\u00e9cid\u00e9 de retirer sa plainte contre BDA pour tourner la page tumultueuse dans sa relation avec BDA.<\/p>\n","protected":false},"excerpt":{"rendered":"<p>Biram Dah Abeid, pr\u00e9sident d\u2019Ira-Mauritanie, a pr\u00e9sent\u00e9 vendredi ses excuses au pr\u00e9sident de l\u2019UFP, Mohamed Ould Maouloud avec lequel ses relations s\u2019\u00e9taient d\u00e9t\u00e9rior\u00e9es suite \u00e0 des accusations de \u00ab\u00a0corruption\u00a0\u00bb qu\u2019il avait prof\u00e9r\u00e9es contre lui, apprend-on dans un communiqu\u00e9 du parti de Mohamed Ould Maouloud. En f\u00e9vrier 2024, Mohamed Ould Maouloud, a port\u00e9 plainte pour \u00ab &hellip;<\/p>\n","protected":false},"author":2,"featured_media":11124,"comment_status":"open","ping_status":"open","sticky":false,"template":"","format":"standard","meta":{"footnotes":""},"categories":[18,31],"tags":[],"class_list":["post-11123","post","type-post","status-publish","format-standard","has-post-thumbnail","hentry","category-actualites","category-politique-et-reportages"],"_links":{"self":[{"href":"https:\/\/ladepeche.mr\/index.php?rest_route=\/wp\/v2\/posts\/11123","targetHints":{"allow":["GET"]}}],"collection":[{"href":"https:\/\/ladepeche.mr\/index.php?rest_route=\/wp\/v2\/posts"}],"about":[{"href":"https:\/\/ladepeche.mr\/index.php?rest_route=\/wp\/v2\/types\/post"}],"author":[{"embeddable":true,"href":"https:\/\/ladepeche.mr\/index.php?rest_route=\/wp\/v2\/users\/2"}],"replies":[{"embeddable":true,"href":"https:\/\/ladepeche.mr\/index.php?rest_route=%2Fwp%2Fv2%2Fcomments&post=11123"}],"version-history":[{"count":1,"href":"https:\/\/ladepeche.mr\/index.php?rest_route=\/wp\/v2\/posts\/11123\/revisions"}],"predecessor-version":[{"id":11125,"href":"https:\/\/ladepeche.mr\/index.php?rest_route=\/wp\/v2\/posts\/11123\/revisions\/11125"}],"wp:featuredmedia":[{"embeddable":true,"href":"https:\/\/ladepeche.mr\/index.php?rest_route=\/wp\/v2\/media\/11124"}],"wp:attachment":[{"href":"https:\/\/ladepeche.mr\/index.php?rest_route=%2Fwp%2Fv2%2Fmedia&parent=11123"}],"wp:term":[{"taxonomy":"category","embeddable":true,"href":"https:\/\/ladepeche.mr\/index.php?rest_route=%2Fwp%2Fv2%2Fcategories&post=11123"},{"taxonomy":"post_tag","embeddable":true,"href":"https:\/\/ladepeche.mr\/index.php?rest_route=%2Fwp%2Fv2%2Ftags&post=11123"}],"curies":[{"name":"wp","href":"https:\/\/api.w.org\/{rel}","templated":true}]}}