{"id":11126,"date":"2024-08-31T22:55:43","date_gmt":"2024-08-31T22:55:43","guid":{"rendered":"https:\/\/ladepeche.mr\/?p=11126"},"modified":"2024-08-31T22:56:14","modified_gmt":"2024-08-31T22:56:14","slug":"afrique-asie-ould-bouh-represente-le-president-a-la-2eme-edition-de-liaf-et-au-fcsa","status":"publish","type":"post","link":"https:\/\/ladepeche.mr\/?p=11126","title":{"rendered":"Afrique-Asie\u00a0: Ould Bouh repr\u00e9sente le pr\u00e9sident Ghazouani \u00e0 la 2\u00e8me \u00e9dition de l\u2019IAF et au FCSA"},"content":{"rendered":"<p>Sid\u2019Ahmed Ould Bouh, ministre de l\u2019\u00e9conomie et des finances, s\u2019est envol\u00e9 samedi en direction de l\u2019Indon\u00e9sie o\u00f9 il devrait repr\u00e9senter le Pr\u00e9sident de la R\u00e9publique et Pr\u00e9sident de l\u2019Union africaine, Mohamed Ould Cheikh El Ghazouani, aux travaux de la 2\u00e8me \u00e9dition de Indonesia-Africa Forum (IAF) avant de se rendre encore en Chine, pour prendre part au m\u00e9canisme du Forum sur la Coop\u00e9ration sino-africaine (FCSA).<\/p>\n<p>La rencontre pr\u00e9vue, du 02 au 03 Septembre 2024 \u00e0 Bali \u2013Indon\u00e9sie, rassemblera \u00ab\u00a0plus de 800 repr\u00e9sentants d\u2019institutions, d\u2019organismes et d\u2019op\u00e9rateurs \u00e9conomiques indon\u00e9siens avec leurs homologues africains du secteur priv\u00e9 investis dans la Sant\u00e9, l\u2019Energie et l\u2019Agroalimentaire,<\/p>\n<p>Au programme du Forum de cette forme entre un pays asiatique et l\u2019Afrique des Conf\u00e9rences, des Rencontres B2B entre les hommes d\u2019affaires indon\u00e9siens et africains et une grande Exposition \u00e9conomique.<\/p>\n<p>A peine cette importante manifestante sera close que le ministre de l\u2019\u00e9conomie et des finances, accompagn\u00e9s de Moustapha Sidi Mohamed, Conseiller au minist\u00e8re, et Mohamed Salem Nani, Directeur G\u00e9n\u00e9ral des Finances et de la Coop\u00e9ration \u00c9conomique, se rendra encore repr\u00e9senter le pr\u00e9sident Ghazouani, pr\u00e9sident en exercice de l\u2019Ua \u00e0 la 9e r\u00e9union minist\u00e9rielle et au sommet du Forum sur la coop\u00e9ration sino-africaine (FCSA), pr\u00e9vus du au 3 au 6 semptembre.<\/p>\n<p>Le Forum sur la Coop\u00e9ration sino-africaine (FCSA) a \u00e9t\u00e9 cr\u00e9\u00e9 officiellement suite \u00e0 la Conf\u00e9rence minist\u00e9rielle de l\u2019an 2000 qui s\u2019est tenue du 10 au 12 octobre 2000 \u00e0 Beijing. Ce m\u00e9canisme bilat\u00e9rale (Chine-Afrique) a \u00e9t\u00e9 lanc\u00e9 dans l\u2019esprit de \u00ab\u00a0renforcer davantage dans un nouveau contexte la coop\u00e9ration amicale entre la Chine et les pays africains, relever ensemble les d\u00e9fis de la mondialisation \u00e9conomique et \u0153uvrer au d\u00e9veloppement commun\u2026).<\/p>\n","protected":false},"excerpt":{"rendered":"<p>Sid\u2019Ahmed Ould Bouh, ministre de l\u2019\u00e9conomie et des finances, s\u2019est envol\u00e9 samedi en direction de l\u2019Indon\u00e9sie o\u00f9 il devrait repr\u00e9senter le Pr\u00e9sident de la R\u00e9publique et Pr\u00e9sident de l\u2019Union africaine, Mohamed Ould Cheikh El Ghazouani, aux travaux de la 2\u00e8me \u00e9dition de Indonesia-Africa Forum (IAF) avant de se rendre encore en Chine, pour prendre part &hellip;<\/p>\n","protected":false},"author":2,"featured_media":10868,"comment_status":"open","ping_status":"open","sticky":false,"template":"","format":"standard","meta":{"footnotes":""},"categories":[18,2],"tags":[],"class_list":["post-11126","post","type-post","status-publish","format-standard","has-post-thumbnail","hentry","category-actualites","category-economie"],"_links":{"self":[{"href":"https:\/\/ladepeche.mr\/index.php?rest_route=\/wp\/v2\/posts\/11126","targetHints":{"allow":["GET"]}}],"collection":[{"href":"https:\/\/ladepeche.mr\/index.php?rest_route=\/wp\/v2\/posts"}],"about":[{"href":"https:\/\/ladepeche.mr\/index.php?rest_route=\/wp\/v2\/types\/post"}],"author":[{"embeddable":true,"href":"https:\/\/ladepeche.mr\/index.php?rest_route=\/wp\/v2\/users\/2"}],"replies":[{"embeddable":true,"href":"https:\/\/ladepeche.mr\/index.php?rest_route=%2Fwp%2Fv2%2Fcomments&post=11126"}],"version-history":[{"count":2,"href":"https:\/\/ladepeche.mr\/index.php?rest_route=\/wp\/v2\/posts\/11126\/revisions"}],"predecessor-version":[{"id":11128,"href":"https:\/\/ladepeche.mr\/index.php?rest_route=\/wp\/v2\/posts\/11126\/revisions\/11128"}],"wp:featuredmedia":[{"embeddable":true,"href":"https:\/\/ladepeche.mr\/index.php?rest_route=\/wp\/v2\/media\/10868"}],"wp:attachment":[{"href":"https:\/\/ladepeche.mr\/index.php?rest_route=%2Fwp%2Fv2%2Fmedia&parent=11126"}],"wp:term":[{"taxonomy":"category","embeddable":true,"href":"https:\/\/ladepeche.mr\/index.php?rest_route=%2Fwp%2Fv2%2Fcategories&post=11126"},{"taxonomy":"post_tag","embeddable":true,"href":"https:\/\/ladepeche.mr\/index.php?rest_route=%2Fwp%2Fv2%2Ftags&post=11126"}],"curies":[{"name":"wp","href":"https:\/\/api.w.org\/{rel}","templated":true}]}}