{"id":11132,"date":"2024-09-01T22:45:53","date_gmt":"2024-09-01T22:45:53","guid":{"rendered":"https:\/\/ladepeche.mr\/?p=11132"},"modified":"2024-09-03T09:19:53","modified_gmt":"2024-09-03T09:19:53","slug":"sous-le-patronage-de-son-altesse-mohammed-bin-rashid-al-maktoum-dubai-accueille-la-10eme-conference-internationale-annuelle-des-organisations-mondiales-de-zones-franches-world-fzo-en-septembre","status":"publish","type":"post","link":"https:\/\/ladepeche.mr\/?p=11132","title":{"rendered":"Duba\u00ef accueille la 10\u00e8me conf\u00e9rence internationale annuelle des organisations mondiales de zones franches (World FZO) en septembre"},"content":{"rendered":"<p><em>L\u2019\u00e9v\u00e9nement co\u00efncide avec le 10<sup>\u00e8me<\/sup> anniversaire de la FZO et r\u00e9unira des repr\u00e9sentants de plus de 100 pays et plus de 2 000 leaders du monde des affaires<\/em><\/p>\n<p><strong>Duba\u00ef, \u00c9mirats arabes unis, 20 ao\u00fbt 2024 :\u00a0<\/strong>Sous le patronage de Son Altesse Cheikh Mohammed bin Rached Al Maktoum, vice-pr\u00e9sident, premier ministre des \u00c9mirats arabes unis et gouverneur de Duba\u00ef,\u00a0Duba\u00ef s\u2019appr\u00eate \u00e0 accueillir la 10<sup>\u00e8me<\/sup> conf\u00e9rence internationale annuelle des organisations mondiales de zones franches (World FZO). Organis\u00e9 sous le th\u00e8me \u00ab Les Zones et l\u2019\u00e9volution des structures \u00e9conomiques mondiales \u2013 D\u00e9bloquer de nouvelles opportunit\u00e9s d\u2019investissement\u00a0\u00bb, l\u2019\u00e9v\u00e8nement se tiendra \u00e0 Madinat Jumeirah du 23 au 25 septembre prochain.<\/p>\n<p>L\u2019\u00e9dition de cette ann\u00e9e de la conf\u00e9rence marque le 10<sup>\u00e8me<\/sup> anniversaire de la World FZO et se tiendra \u00e0 Duba\u00ef pour la 2\u00e8me ann\u00e9e cons\u00e9cutive, et pour la 5\u00e8me fois au total depuis la cr\u00e9ation de l\u2019organisation. Elle fait suite \u00e0 la pr\u00e9c\u00e9dente \u00e9dition de la conf\u00e9rence, consid\u00e9r\u00e9e la plus importante de l&#8217;histoire de l&#8217;organisation, contribuant de mani\u00e8re significative \u00e0 son succ\u00e8s continu.<\/p>\n<p>Cette 10<sup>\u00e8me<\/sup> \u00e9dition r\u00e9unira des repr\u00e9sentants de zones \u00e9conomiques du monde entier, et refl\u00e8te l\u2019engagement de l\u2019organisation \u00e0 souligner le r\u00f4le crucial des zones \u00e9conomiques, \u00e9tant donn\u00e9 que plus d\u2019un tiers des \u00e9changes commerciaux mondiaux passe par ces zones. L\u2019\u00e9v\u00e8nement fournira un aper\u00e7u sur l\u2019impact de ces zones en tant qu\u2019outil important pour soutenir les \u00e9conomies nationales, faciliter les \u00e9changes commerciaux, promouvoir les transactions commerciales, et favoriser l\u2019\u00e9conomie num\u00e9rique, ainsi que leur r\u00f4le de moteur d\u2019attraction des investissements \u00e9trangers, et leur soutien \u00e0 d\u2019autres secteurs \u00e9conomiques.<\/p>\n<p>Le\u00a0pr\u00e9sident\u00a0de la World\u00a0FZO,\u00a0Dr. Mohammed Al-Zarooni,\u00a0a d\u00e9clar\u00e9\u00a0: \u00ab Choisir Duba\u00ef pour accueillir cette 10\u00e8me \u00e9dition de la conf\u00e9rence internationale annuelle des organisations mondiales de zones franches (World FZO) refl\u00e8te l&#8217;engagement de l\u2019\u00e9mirat \u00e0 contribuer activement \u00e0 la croissance et au d\u00e9veloppement de l\u2019\u00e9cosyst\u00e8me mondial des zones \u00e9conomiques, qui constituent l&#8217;\u00e9pine dorsale du commerce international de nos jours. Cela s&#8217;aligne sur l\u2019objectif de Duba\u00ef de doubler le volume du commerce ext\u00e9rieur pour atteindre 25 000 milliards d&#8217;AED et d\u2019ajouter 400 nouvelles villes \u00e0 sa carte de partenaires commerciaux d&#8217;ici 2033, conform\u00e9ment \u00e0 l&#8217;Agenda \u00e9conomique de Duba\u00ef (D33) et ses objectifs ambitieux.\u00a0\u00bb<\/p>\n<p>\u00ab\u00a0L\u2019organisation de cet \u00e9v\u00e9nement \u00e0 Duba\u00ef constitue une nouvelle opportunit\u00e9 pour partager des perspectives approfondies et de r\u00e9fl\u00e9chir et d\u2019anticiper l&#8217;avenir du secteur mondial des zones \u00e9conomiques.\u00a0Cette conf\u00e9rence permettra d\u2019\u00e9tablir un dialogue constructif et fructueux avec toutes les parties prenantes afin de d\u00e9battre et discuter des meilleurs moyens de faciliter les affaires, de relier les diff\u00e9rents march\u00e9s et d\u2019offrir aux clients des processus rentables, \u00bb a-t-il ajout\u00e9.<\/p>\n<p>\u00c0 ce jour, la FZO compte plus de 1600 membres de 141 pays, avec une repr\u00e9sentation mondiale par le biais de 12 bureaux r\u00e9gionaux \u00e0 travers le monde et 42 points\u00a0de contacts\u00a0nationaux.<\/p>\n<p>Le texte du communiqu\u00e9 issu d\u2019une traduction ne doit d\u2019aucune mani\u00e8re \u00eatre consid\u00e9r\u00e9 comme officiel. La seule version du communiqu\u00e9 qui fasse foi est celle du communiqu\u00e9 dans sa langue d\u2019origine. La traduction devra toujours \u00eatre confront\u00e9e au texte source, qui fera jurisprudence.<\/p>\n<p>&nbsp;<\/p>\n<p><strong>Source: <a href=\"https:\/\/www.aetoswire.com\/fr\/news\/wfzo40945fr-1\">AETOSWire<\/a><\/strong><\/p>\n","protected":false},"excerpt":{"rendered":"<p>L\u2019\u00e9v\u00e9nement co\u00efncide avec le 10\u00e8me anniversaire de la FZO et r\u00e9unira des repr\u00e9sentants de plus de 100 pays et plus de 2 000 leaders du monde des affaires Duba\u00ef, \u00c9mirats arabes unis, 20 ao\u00fbt 2024 :\u00a0Sous le patronage de Son Altesse Cheikh Mohammed bin Rached Al Maktoum, vice-pr\u00e9sident, premier ministre des \u00c9mirats arabes unis et &hellip;<\/p>\n","protected":false},"author":2,"featured_media":11133,"comment_status":"open","ping_status":"open","sticky":false,"template":"","format":"standard","meta":{"footnotes":""},"categories":[18,29],"tags":[],"class_list":["post-11132","post","type-post","status-publish","format-standard","has-post-thumbnail","hentry","category-actualites","category-monde"],"_links":{"self":[{"href":"https:\/\/ladepeche.mr\/index.php?rest_route=\/wp\/v2\/posts\/11132","targetHints":{"allow":["GET"]}}],"collection":[{"href":"https:\/\/ladepeche.mr\/index.php?rest_route=\/wp\/v2\/posts"}],"about":[{"href":"https:\/\/ladepeche.mr\/index.php?rest_route=\/wp\/v2\/types\/post"}],"author":[{"embeddable":true,"href":"https:\/\/ladepeche.mr\/index.php?rest_route=\/wp\/v2\/users\/2"}],"replies":[{"embeddable":true,"href":"https:\/\/ladepeche.mr\/index.php?rest_route=%2Fwp%2Fv2%2Fcomments&post=11132"}],"version-history":[{"count":3,"href":"https:\/\/ladepeche.mr\/index.php?rest_route=\/wp\/v2\/posts\/11132\/revisions"}],"predecessor-version":[{"id":11174,"href":"https:\/\/ladepeche.mr\/index.php?rest_route=\/wp\/v2\/posts\/11132\/revisions\/11174"}],"wp:featuredmedia":[{"embeddable":true,"href":"https:\/\/ladepeche.mr\/index.php?rest_route=\/wp\/v2\/media\/11133"}],"wp:attachment":[{"href":"https:\/\/ladepeche.mr\/index.php?rest_route=%2Fwp%2Fv2%2Fmedia&parent=11132"}],"wp:term":[{"taxonomy":"category","embeddable":true,"href":"https:\/\/ladepeche.mr\/index.php?rest_route=%2Fwp%2Fv2%2Fcategories&post=11132"},{"taxonomy":"post_tag","embeddable":true,"href":"https:\/\/ladepeche.mr\/index.php?rest_route=%2Fwp%2Fv2%2Ftags&post=11132"}],"curies":[{"name":"wp","href":"https:\/\/api.w.org\/{rel}","templated":true}]}}