{"id":1114,"date":"2022-07-20T21:58:02","date_gmt":"2022-07-20T21:58:02","guid":{"rendered":"https:\/\/ladepeche.mr\/?p=1114"},"modified":"2022-07-20T22:00:17","modified_gmt":"2022-07-20T22:00:17","slug":"j-m-albares-jai-assure-le-president-de-la-republique-notre-soutien-indefectible-aux-projets-de-developpement-en-mauritanie","status":"publish","type":"post","link":"https:\/\/ladepeche.mr\/?p=1114","title":{"rendered":"J.M Albares: &#8220;J&#8217;ai assur\u00e9 le pr\u00e9sident de la R\u00e9publique de notre soutien ind\u00e9fectible aux projets de d\u00e9veloppement en Mauritanie&#8221;"},"content":{"rendered":"<p>Le ministre des Affaires \u00e9trang\u00e8res, de l&#8217;Union europ\u00e9enne et de la Coop\u00e9ration espagnole, M. Jos\u00e9 Manuel Albar\u00e8s, a indiqu\u00e9, mercredi, que la Mauritanie et le Royaume d\u2019Espagne entretiennent d\u2019excellentes relations de coop\u00e9ration bilat\u00e9rale, notant que les deux pays recherchent davantage de coop\u00e9ration, surtout dans cette conjoncture internationale particuli\u00e8re.<\/p>\n<p>Il a ajout\u00e9 dans une d\u00e9claration \u00e0 l&#8217;Agence mauritanienne d&#8217;Information \u00e0 l&#8217;issue d&#8217;une audience que Son Excellence le Pr\u00e9sident de la R\u00e9publique, M. Mohamed Ould Cheikh El Ghazouani, lui a accord\u00e9e, mercredi, au Palais pr\u00e9sidentiel \u00e0 Nouakchott, qu&#8217;il a d\u00e9clar\u00e9 au Pr\u00e9sident de la R\u00e9publique que l&#8217;Espagne continuera \u00e0 soutenir des projets de d\u00e9veloppement en Mauritanie, notamment des projets li\u00e9s \u00e0 la s\u00e9curit\u00e9 alimentaire et \u00e0 la p\u00eache, ainsi que des projets consid\u00e9r\u00e9s prioritaires pour le gouvernement mauritanien.<\/p>\n<p>Il a d\u00e9clar\u00e9 que l&#8217;Espagne ne consid\u00e8re pas seulement la Mauritanie comme un partenaire important, mais la consid\u00e8re \u00e9galement comme un pays stable et pivot dans la r\u00e9gion de l&#8217;Afrique de l&#8217;Ouest, au Sahel et au G5-Sahel, soulignant l&#8217;existence de relations d&#8217;amiti\u00e9 de longue date entre les peuples mauritanien et espagnol.<\/p>\n<p>Ami<\/p>\n","protected":false},"excerpt":{"rendered":"<p>Le ministre des Affaires \u00e9trang\u00e8res, de l&#8217;Union europ\u00e9enne et de la Coop\u00e9ration espagnole, M. Jos\u00e9 Manuel Albar\u00e8s, a indiqu\u00e9, mercredi, que la Mauritanie et le Royaume d\u2019Espagne entretiennent d\u2019excellentes relations de coop\u00e9ration bilat\u00e9rale, notant que les deux pays recherchent davantage de coop\u00e9ration, surtout dans cette conjoncture internationale particuli\u00e8re. Il a ajout\u00e9 dans une d\u00e9claration \u00e0 &hellip;<\/p>\n","protected":false},"author":2,"featured_media":1115,"comment_status":"open","ping_status":"open","sticky":false,"template":"","format":"standard","meta":{"footnotes":""},"categories":[18],"tags":[],"class_list":["post-1114","post","type-post","status-publish","format-standard","has-post-thumbnail","hentry","category-actualites"],"_links":{"self":[{"href":"https:\/\/ladepeche.mr\/index.php?rest_route=\/wp\/v2\/posts\/1114","targetHints":{"allow":["GET"]}}],"collection":[{"href":"https:\/\/ladepeche.mr\/index.php?rest_route=\/wp\/v2\/posts"}],"about":[{"href":"https:\/\/ladepeche.mr\/index.php?rest_route=\/wp\/v2\/types\/post"}],"author":[{"embeddable":true,"href":"https:\/\/ladepeche.mr\/index.php?rest_route=\/wp\/v2\/users\/2"}],"replies":[{"embeddable":true,"href":"https:\/\/ladepeche.mr\/index.php?rest_route=%2Fwp%2Fv2%2Fcomments&post=1114"}],"version-history":[{"count":5,"href":"https:\/\/ladepeche.mr\/index.php?rest_route=\/wp\/v2\/posts\/1114\/revisions"}],"predecessor-version":[{"id":1120,"href":"https:\/\/ladepeche.mr\/index.php?rest_route=\/wp\/v2\/posts\/1114\/revisions\/1120"}],"wp:featuredmedia":[{"embeddable":true,"href":"https:\/\/ladepeche.mr\/index.php?rest_route=\/wp\/v2\/media\/1115"}],"wp:attachment":[{"href":"https:\/\/ladepeche.mr\/index.php?rest_route=%2Fwp%2Fv2%2Fmedia&parent=1114"}],"wp:term":[{"taxonomy":"category","embeddable":true,"href":"https:\/\/ladepeche.mr\/index.php?rest_route=%2Fwp%2Fv2%2Fcategories&post=1114"},{"taxonomy":"post_tag","embeddable":true,"href":"https:\/\/ladepeche.mr\/index.php?rest_route=%2Fwp%2Fv2%2Ftags&post=1114"}],"curies":[{"name":"wp","href":"https:\/\/api.w.org\/{rel}","templated":true}]}}