{"id":11140,"date":"2024-09-02T11:08:42","date_gmt":"2024-09-02T11:08:42","guid":{"rendered":"https:\/\/ladepeche.mr\/?p=11140"},"modified":"2024-09-02T11:08:42","modified_gmt":"2024-09-02T11:08:42","slug":"laboratoire-mobile-fournir-des-diagnostics-biologiques-de-proximite-dans-5-wilaya","status":"publish","type":"post","link":"https:\/\/ladepeche.mr\/?p=11140","title":{"rendered":"Laboratoire mobile : Fournir des diagnostics biologiques de proximit\u00e9 dans 5 wilaya"},"content":{"rendered":"<p>Fournir des diagnostics biologiques de proximit\u00e9, rapides et fiables dans des contextes difficiles et urgents, dans au moins 5 r\u00e9gions, c\u2019est la mission d\u00e9vou\u00e9e au laboratoire mobile inaugur\u00e9 hier par l\u2019Assaba.<\/p>\n<p>Une r\u00e9gion o\u00f9 le labo mobile s\u00e9journera une vingtaine de jours \u00e0 l\u2019h\u00f4pital de Kiffa pour examiner tous les cas suspects provenant des wilayas du Tagant, des deux Hodhs, de l\u2019Assaba, du Guidimagha et du Brakna.<\/p>\n<p>Le laboratoire est un syst\u00e8me d\u2019intervention sur le terrain con\u00e7u pour fournir des diagnostics biologiques rapides et fiables dans des contextes difficiles et urgents, tels que les environnements non hospitaliers ou les zones d\u00e9pourvues d\u2019infrastructures de laboratoire sp\u00e9cialis\u00e9es.<\/p>\n<p>Le feu-vert a \u00e9t\u00e9 donn\u00e9 au laboratoire mobile par le ministre de la sant\u00e9, Abdallah Ould Wedih. La mise en service de ce laboratoire ambulant est \u00ab\u00a0d\u2019assurer l\u2019analyse des \u00e9chantillons\u00bb s\u2019est f\u00e9licit\u00e9 de cette premi\u00e8re le directeur g\u00e9n\u00e9ral de la sant\u00e9 publique, Mohamed Mahmoud Ould Ely Mahmoud. Le laboratoire mobile permettra des diagnostics biologiques et le suivi des maladies infectieuses en toute s\u00e9curit\u00e9.<\/p>\n<p>Le directeur g\u00e9n\u00e9ral de l\u2019Institut national de recherche en sant\u00e9 publique (INRHP), Hampati Ba, quant \u00e0 lui, qui a replac\u00e9 la mise en service du labo mobile, dans l\u2019anticipation des maladies \u00e9pid\u00e9miques li\u00e9es notamment \u00e0 l\u2019\u00e9pizootie , a encore indiqu\u00e9 que son institution a d\u00e9cid\u00e9 relever de 3 le niveau de bios\u00e9curit\u00e9 du Labo mobile d\u00e9cuplant ses performances d\u2019autonomie et de capacit\u00e9.<\/p>\n<p>&#8220;Le laboratoire se compose d\u2019un conteneur pr\u00e9fabriqu\u00e9 de 40 pieds de long, \u00e9quip\u00e9 d\u2019un laboratoire BSL-III, tract\u00e9 par un chariot vertical \u00e0 6 cylindres. Il est enti\u00e8rement autonome et peut fonctionner m\u00eame dans des conditions \u00e9loign\u00e9es des infrastructures d\u2019eau et d\u2019\u00e9lectricit\u00e9, et peut assurer, selon les besoins, une cha\u00eene de chauffage, une cha\u00eene de froid \u00e0 4\u00b0C ou une cha\u00eene de froid \u00e0 -20\u00b0C&#8221;.<\/p>\n<p>Les cinq r\u00e9gions qui seront ratiss\u00e9es par ce laboratoire ambulant sont, rappelle-t-on, les deux Hodhs, l\u2019Assaba, le Brakna et le Tagant.<\/p>\n<p>(avec ami)<\/p>\n","protected":false},"excerpt":{"rendered":"<p>Fournir des diagnostics biologiques de proximit\u00e9, rapides et fiables dans des contextes difficiles et urgents, dans au moins 5 r\u00e9gions, c\u2019est la mission d\u00e9vou\u00e9e au laboratoire mobile inaugur\u00e9 hier par l\u2019Assaba. Une r\u00e9gion o\u00f9 le labo mobile s\u00e9journera une vingtaine de jours \u00e0 l\u2019h\u00f4pital de Kiffa pour examiner tous les cas suspects provenant des wilayas &hellip;<\/p>\n","protected":false},"author":2,"featured_media":11141,"comment_status":"open","ping_status":"open","sticky":false,"template":"","format":"standard","meta":{"footnotes":""},"categories":[18,27],"tags":[],"class_list":["post-11140","post","type-post","status-publish","format-standard","has-post-thumbnail","hentry","category-actualites","category-sante"],"_links":{"self":[{"href":"https:\/\/ladepeche.mr\/index.php?rest_route=\/wp\/v2\/posts\/11140","targetHints":{"allow":["GET"]}}],"collection":[{"href":"https:\/\/ladepeche.mr\/index.php?rest_route=\/wp\/v2\/posts"}],"about":[{"href":"https:\/\/ladepeche.mr\/index.php?rest_route=\/wp\/v2\/types\/post"}],"author":[{"embeddable":true,"href":"https:\/\/ladepeche.mr\/index.php?rest_route=\/wp\/v2\/users\/2"}],"replies":[{"embeddable":true,"href":"https:\/\/ladepeche.mr\/index.php?rest_route=%2Fwp%2Fv2%2Fcomments&post=11140"}],"version-history":[{"count":1,"href":"https:\/\/ladepeche.mr\/index.php?rest_route=\/wp\/v2\/posts\/11140\/revisions"}],"predecessor-version":[{"id":11142,"href":"https:\/\/ladepeche.mr\/index.php?rest_route=\/wp\/v2\/posts\/11140\/revisions\/11142"}],"wp:featuredmedia":[{"embeddable":true,"href":"https:\/\/ladepeche.mr\/index.php?rest_route=\/wp\/v2\/media\/11141"}],"wp:attachment":[{"href":"https:\/\/ladepeche.mr\/index.php?rest_route=%2Fwp%2Fv2%2Fmedia&parent=11140"}],"wp:term":[{"taxonomy":"category","embeddable":true,"href":"https:\/\/ladepeche.mr\/index.php?rest_route=%2Fwp%2Fv2%2Fcategories&post=11140"},{"taxonomy":"post_tag","embeddable":true,"href":"https:\/\/ladepeche.mr\/index.php?rest_route=%2Fwp%2Fv2%2Ftags&post=11140"}],"curies":[{"name":"wp","href":"https:\/\/api.w.org\/{rel}","templated":true}]}}