{"id":11143,"date":"2024-09-02T11:36:32","date_gmt":"2024-09-02T11:36:32","guid":{"rendered":"https:\/\/ladepeche.mr\/?p=11143"},"modified":"2024-09-02T11:37:03","modified_gmt":"2024-09-02T11:37:03","slug":"mauritanie-les-operateurs-telecoms-mis-en-demeure","status":"publish","type":"post","link":"https:\/\/ladepeche.mr\/?p=11143","title":{"rendered":"Mauritanie : Les op\u00e9rateurs T\u00e9l\u00e9coms mis en demeure"},"content":{"rendered":"<p>Il est vrai que l\u2019on s\u2019attendait \u00e0 des mesures imm\u00e9diates apr\u00e8s la sortie du Premier ministre mauritanien, Mokhtar Ould Diay. Ce sera plut\u00f4t une mise en demeure qui est servie aux op\u00e9rateurs de t\u00e9l\u00e9communications. Ils ont jusqu\u2019au 22 septembre 2024 pour am\u00e9liorer leurs services. Le cas \u00e9ch\u00e9ant, ces op\u00e9rateurs concessionnaires seront frapp\u00e9s par des sanctions, notamment la r\u00e9duction de la dur\u00e9e des licences existantes de trois mois et l\u2019imposition d\u2019amendes pouvant aller jusqu\u2019\u00e0 530 millions MRU.<\/p>\n<p>Le ministre de la Transformation num\u00e9rique et de la Modernisation de l\u2019Administration,\u00a0\u00a0<a href=\"https:\/\/www.digitalbusiness.africa\/mauritanie-le-pm-mokhtar-ould-diay-sindigne-des-services-de-telecoms-et-annonce-des-mesures-urgentes\/\" target=\"_blank\" rel=\"noopener\">Ahmed Salem Bede Etvagh<\/a>, a indiqu\u00e9 que l\u2019 Autorit\u00e9 de R\u00e9gulation (ARE) avait adress\u00e9 des avertissements aux op\u00e9rateurs en 2023. C\u2019\u00e9tait \u00e0 la suite d\u2019une inspection men\u00e9e par l\u2019autorit\u00e9 de r\u00e9gulation entre le 1er ao\u00fbt et le 7 septembre 2023. Les r\u00e9sultats de cette enqu\u00eate montraient une baisse significative de la qualit\u00e9 des services fournis par certaines soci\u00e9t\u00e9s dans plusieurs r\u00e9gions. Il avait \u00e9t\u00e9 demand\u00e9 aux op\u00e9rateurs de se conformer aux normes de qualit\u00e9 dans un d\u00e9lai de 30 jours. Mais, force est de constater que la situation\u00a0 des services de t\u00e9l\u00e9communications n\u2019est toujours pas aussi reluisante comme on l\u2019esp\u00e9rait.<\/p>\n<p>Pour rappel, le Premier ministre Mokhtar Ould Diay a exprim\u00e9 son indignation face \u00e0 la situation actuelle des services de t\u00e9l\u00e9communications en Mauritanie, lors du conseil des ministres du 29 ao\u00fbt 2024. Il avait soulign\u00e9 l\u2019urgence de prendre des mesures pour rem\u00e9dier \u00e0 cette situation.<\/p>\n<p>Le Premier ministre Mokhtar Ould Diay a demand\u00e9 au secteur de tutelle de redoubler d\u2019efforts afin d\u2019acc\u00e9l\u00e9rer la couverture du r\u00e9seau et d\u2019am\u00e9liorer sa qualit\u00e9, tout en exhortant les fournisseurs de services de t\u00e9l\u00e9communications \u00e0 respecter les engagements stipul\u00e9s dans les cahiers d\u2019engagements.<\/p>\n<p>Le chef du gouvernement a mis en \u00e9vidence l\u2019engagement du gouvernement \u00e0 am\u00e9liorer la couverture et la qualit\u00e9 des t\u00e9l\u00e9communications dans le pays, en demandant au comit\u00e9 technique de r\u00e9diger un rapport de suivi \u00e0 pr\u00e9senter au comit\u00e9 minist\u00e9riel d\u00e8s que possible.<\/p>\n<p><strong>Par Jean Materne Zambo (www.digitalbusiness.africa)<\/strong><\/p>\n","protected":false},"excerpt":{"rendered":"<p>Il est vrai que l\u2019on s\u2019attendait \u00e0 des mesures imm\u00e9diates apr\u00e8s la sortie du Premier ministre mauritanien, Mokhtar Ould Diay. Ce sera plut\u00f4t une mise en demeure qui est servie aux op\u00e9rateurs de t\u00e9l\u00e9communications. Ils ont jusqu\u2019au 22 septembre 2024 pour am\u00e9liorer leurs services. Le cas \u00e9ch\u00e9ant, ces op\u00e9rateurs concessionnaires seront frapp\u00e9s par des sanctions, &hellip;<\/p>\n","protected":false},"author":2,"featured_media":11144,"comment_status":"open","ping_status":"open","sticky":false,"template":"","format":"standard","meta":{"footnotes":""},"categories":[18,2],"tags":[],"class_list":["post-11143","post","type-post","status-publish","format-standard","has-post-thumbnail","hentry","category-actualites","category-economie"],"_links":{"self":[{"href":"https:\/\/ladepeche.mr\/index.php?rest_route=\/wp\/v2\/posts\/11143","targetHints":{"allow":["GET"]}}],"collection":[{"href":"https:\/\/ladepeche.mr\/index.php?rest_route=\/wp\/v2\/posts"}],"about":[{"href":"https:\/\/ladepeche.mr\/index.php?rest_route=\/wp\/v2\/types\/post"}],"author":[{"embeddable":true,"href":"https:\/\/ladepeche.mr\/index.php?rest_route=\/wp\/v2\/users\/2"}],"replies":[{"embeddable":true,"href":"https:\/\/ladepeche.mr\/index.php?rest_route=%2Fwp%2Fv2%2Fcomments&post=11143"}],"version-history":[{"count":1,"href":"https:\/\/ladepeche.mr\/index.php?rest_route=\/wp\/v2\/posts\/11143\/revisions"}],"predecessor-version":[{"id":11145,"href":"https:\/\/ladepeche.mr\/index.php?rest_route=\/wp\/v2\/posts\/11143\/revisions\/11145"}],"wp:featuredmedia":[{"embeddable":true,"href":"https:\/\/ladepeche.mr\/index.php?rest_route=\/wp\/v2\/media\/11144"}],"wp:attachment":[{"href":"https:\/\/ladepeche.mr\/index.php?rest_route=%2Fwp%2Fv2%2Fmedia&parent=11143"}],"wp:term":[{"taxonomy":"category","embeddable":true,"href":"https:\/\/ladepeche.mr\/index.php?rest_route=%2Fwp%2Fv2%2Fcategories&post=11143"},{"taxonomy":"post_tag","embeddable":true,"href":"https:\/\/ladepeche.mr\/index.php?rest_route=%2Fwp%2Fv2%2Ftags&post=11143"}],"curies":[{"name":"wp","href":"https:\/\/api.w.org\/{rel}","templated":true}]}}