{"id":11146,"date":"2024-09-02T13:09:50","date_gmt":"2024-09-02T13:09:50","guid":{"rendered":"https:\/\/ladepeche.mr\/?p=11146"},"modified":"2024-09-02T13:09:50","modified_gmt":"2024-09-02T13:09:50","slug":"agriculture-la-pasteque-mauritanienne-sinvite-dans-les-plats-europeens","status":"publish","type":"post","link":"https:\/\/ladepeche.mr\/?p=11146","title":{"rendered":"Agriculture\u00a0: La Past\u00e8que mauritanienne s\u2019invite dans les plats europ\u00e9ens"},"content":{"rendered":"<p class=\"defaultstyledtext-sc-10mj2vp-0\" style=\"line-height: 22.5pt; vertical-align: baseline; margin: 0cm 0cm 45.0pt 0cm;\"><span style=\"font-size: 15.0pt; font-family: 'Arial',sans-serif; letter-spacing: .1pt;\">La Mauritanie fait concurrence \u00e0 des pays de grande tradition de culture d\u2019agrumes. Qui l\u2019eut cru\u00a0? Sur les \u00e9tals des grandes surfaces en Europe, la preuve s\u2019administre par la pr\u00e9sente de la past\u00e8que mauritanienne, qui comme le poisson, se forge une place de choix.<\/span><\/p>\n<p class=\"defaultstyledtext-sc-10mj2vp-0\" style=\"line-height: 22.5pt; vertical-align: baseline; margin: 0cm 0cm 45.0pt 0cm;\"><span style=\"font-size: 15.0pt; font-family: 'Arial',sans-serif; letter-spacing: .1pt;\">La past\u00e8que mauritanienne gagne sa place dans la cour des grands pays consommateurs europ\u00e9ens. Malgr\u00e9 les critiques de risque de \u00abmonoculture\u00a0\u00bb, brandi avec sa prolif\u00e9ration dans les champs en 2023, la past\u00e8que a hiss\u00e9 notre pays s\u2019est hiss\u00e9 \u00e0 la troisi\u00e8me place des pourvoyeurs de past\u00e8que pour le royaume d\u2019Espagne avec 10,15% du volume de ses importations. Nos confr\u00e8res marocains citent les donn\u00e9es de Comtrade, la division de la statistique de l\u2019ONU. Le kilo past\u00e8que s\u2019est n\u00e9goci\u00e9 pendant cette p\u00e9riode \u00e0 un prix moyen de 0,67 euro. Mais le march\u00e9 espagnol reste tout de m\u00eame domin\u00e9 par les producteurs marocains (65,35%) suivis des s\u00e9n\u00e9galais (16,11%).<\/span><\/p>\n<p class=\"defaultstyledtext-sc-10mj2vp-0\" style=\"line-height: 22.5pt; vertical-align: baseline; margin: 0cm 0cm 45.0pt 0cm;\"><span style=\"font-size: 15.0pt; font-family: 'Arial',sans-serif; letter-spacing: .1pt;\">Dans sa conqu\u00eate du vieux continent, la past\u00e8que mauritanienne a encore bien franchir la fronti\u00e8re fran\u00e7aise o\u00f9 30.880 tonnes auraient \u00e9t\u00e9 vendues sur ce march\u00e9 pla\u00e7ant la Mauritanie \u00e0 la troisi\u00e8me place sur les importations fran\u00e7aises de cette denr\u00e9e o\u00f9 marocains et espagnols occupent les deux premi\u00e8res places avec respectivement des volumes de 121.910 et 99.220 tonnes. En France le kilo de past\u00e8que \u00e0 l\u2019import se n\u00e9gocierait \u00e0 0,81 euro, le meilleur prix sur toute l\u2019Europe \u00e9tant offert par les hollandais avec 0.83 euro\/kg.<\/span><\/p>\n<p class=\"defaultstyledtext-sc-10mj2vp-0\" style=\"line-height: 22.5pt; vertical-align: baseline; margin: 0cm 0cm 45.0pt 0cm;\"><span style=\"font-size: 15.0pt; font-family: 'Arial',sans-serif; letter-spacing: .1pt;\">Selon toute vraisemblance et contenu de la concurrence ouverte et effr\u00e9n\u00e9e sur ces produits d\u2019exportations, les autorit\u00e9s politiques gagneraient \u00e0 fortement accompagner les efforts de nos producteurs nationaux.<\/span><\/p>\n<p class=\"defaultstyledtext-sc-10mj2vp-0\" style=\"line-height: 22.5pt; vertical-align: baseline; margin: 0cm 0cm 45.0pt 0cm;\"><span style=\"font-size: 15.0pt; font-family: 'Arial',sans-serif; letter-spacing: .1pt;\">Notons enfin que sur les 10 plus grands importateurs de past\u00e8que, en volume, dans le monde, le plus r\u00e9mun\u00e9rateur serait la Hollande avec un prix moyen de 0,83 euro\/kilo, suivi de la France avec 0,81 euro\/kg et du Royaume-Uni avec 0,77 euro\/kg.<\/span><\/p>\n<p class=\"defaultstyledtext-sc-10mj2vp-0\" style=\"line-height: 22.5pt; vertical-align: baseline; margin: 0cm 0cm 45.0pt 0cm;\"><span style=\"font-size: 15.0pt; font-family: 'Arial',sans-serif; letter-spacing: .1pt;\">(avec m\u00e9dias)<\/span><\/p>\n","protected":false},"excerpt":{"rendered":"<p>La Mauritanie fait concurrence \u00e0 des pays de grande tradition de culture d\u2019agrumes. Qui l\u2019eut cru\u00a0? Sur les \u00e9tals des grandes surfaces en Europe, la preuve s\u2019administre par la pr\u00e9sente de la past\u00e8que mauritanienne, qui comme le poisson, se forge une place de choix. La past\u00e8que mauritanienne gagne sa place dans la cour des grands &hellip;<\/p>\n","protected":false},"author":2,"featured_media":11147,"comment_status":"open","ping_status":"open","sticky":false,"template":"","format":"standard","meta":{"footnotes":""},"categories":[18,2],"tags":[],"class_list":["post-11146","post","type-post","status-publish","format-standard","has-post-thumbnail","hentry","category-actualites","category-economie"],"_links":{"self":[{"href":"https:\/\/ladepeche.mr\/index.php?rest_route=\/wp\/v2\/posts\/11146","targetHints":{"allow":["GET"]}}],"collection":[{"href":"https:\/\/ladepeche.mr\/index.php?rest_route=\/wp\/v2\/posts"}],"about":[{"href":"https:\/\/ladepeche.mr\/index.php?rest_route=\/wp\/v2\/types\/post"}],"author":[{"embeddable":true,"href":"https:\/\/ladepeche.mr\/index.php?rest_route=\/wp\/v2\/users\/2"}],"replies":[{"embeddable":true,"href":"https:\/\/ladepeche.mr\/index.php?rest_route=%2Fwp%2Fv2%2Fcomments&post=11146"}],"version-history":[{"count":1,"href":"https:\/\/ladepeche.mr\/index.php?rest_route=\/wp\/v2\/posts\/11146\/revisions"}],"predecessor-version":[{"id":11148,"href":"https:\/\/ladepeche.mr\/index.php?rest_route=\/wp\/v2\/posts\/11146\/revisions\/11148"}],"wp:featuredmedia":[{"embeddable":true,"href":"https:\/\/ladepeche.mr\/index.php?rest_route=\/wp\/v2\/media\/11147"}],"wp:attachment":[{"href":"https:\/\/ladepeche.mr\/index.php?rest_route=%2Fwp%2Fv2%2Fmedia&parent=11146"}],"wp:term":[{"taxonomy":"category","embeddable":true,"href":"https:\/\/ladepeche.mr\/index.php?rest_route=%2Fwp%2Fv2%2Fcategories&post=11146"},{"taxonomy":"post_tag","embeddable":true,"href":"https:\/\/ladepeche.mr\/index.php?rest_route=%2Fwp%2Fv2%2Ftags&post=11146"}],"curies":[{"name":"wp","href":"https:\/\/api.w.org\/{rel}","templated":true}]}}