{"id":11160,"date":"2024-09-02T16:40:42","date_gmt":"2024-09-02T16:40:42","guid":{"rendered":"https:\/\/ladepeche.mr\/?p=11160"},"modified":"2024-09-03T09:18:43","modified_gmt":"2024-09-03T09:18:43","slug":"en-israel-greve-generale-contre-le-gouvernement-apres-la-mort-de-six-nouveaux-otages","status":"publish","type":"post","link":"https:\/\/ladepeche.mr\/?p=11160","title":{"rendered":"La Mauritanie expose les opportunit\u00e9s de coop\u00e9ration lors du Forum Indon\u00e9sie-Afrique"},"content":{"rendered":"<p>Les travaux du deuxi\u00e8me Forum Indon\u00e9sie-Afrique et du Forum de haut niveau sur les partenariats multipartites, qui ont d\u00e9but\u00e9 ce dimanche \u00e0 Bali, en Indon\u00e9sie, sous le th\u00e8me \u00ab Renforcer les partenariats multipartites : vers un changement transformationnel \u00bb, ont vu la participation de Son Excellence le ministre de l&#8217;\u00c9conomie et des Finances, M. Sid\u2019Ahmed Ould Bouh, repr\u00e9sentant le Pr\u00e9sident de la R\u00e9publique, Pr\u00e9sident de l&#8217;Union Africaine, Son Excellence Monsieur Mohamed Ould Cheikh El Ghazouani.<\/p>\n<p>Dans un discours prononc\u00e9, au nom de Son Excellence le Pr\u00e9sident de la R\u00e9publique, le ministre de l&#8217;\u00c9conomie et des Finances a pass\u00e9 en revue les d\u00e9fis auxquels est confront\u00e9 le continent africain, notamment les questions li\u00e9es au d\u00e9veloppement \u00e9conomique, \u00e0 la consolidation de la paix et de la s\u00e9curit\u00e9, ainsi que le d\u00e9fi pressant de la cr\u00e9ation d\u2019emplois suffisants et d\u00e9cents pour la jeunesse.<\/p>\n<p>Il a ajout\u00e9 que, malgr\u00e9 la reprise \u00e9conomique observ\u00e9e en 2024 sur le continent, celle-ci demeure fragile et bien en de\u00e7\u00e0 des attentes.<\/p>\n<p>Il a \u00e9galement soulign\u00e9 que la situation \u00e9conomique, le fardeau de la dette et les catastrophes naturelles sont autant d&#8217;obstacles qui ralentissent consid\u00e9rablement le cheminement vers une croissance forte et durable en Afrique.<\/p>\n<p>Le ministre a par ailleurs not\u00e9, dans sa lecture du discours du Pr\u00e9sident, que la consolidation de la paix et de la s\u00e9curit\u00e9 \u00e0 travers le continent africain constitue un d\u00e9fi majeur. L&#8217;augmentation des foyers de tension, les chocs ext\u00e9rieurs, la prolif\u00e9ration des mouvements terroristes et le commerce illicite sous toutes ses formes exercent une influence n\u00e9faste et entravent la paix et la stabilit\u00e9 en Afrique.<\/p>\n<p>Le d\u00e9fi le plus urgent reste cependant celui concernant la jeunesse africaine, qui repr\u00e9sente plus de 50 % de la population du continent. D\u2019ici deux d\u00e9cennies, ce pourcentage d\u00e9passe l\u00e9g\u00e8rement les 60 %. Pour cette raison, il est imp\u00e9ratif d\u2019investir d\u00e8s aujourd\u2019hui dans l\u2019\u00e9ducation et la formation des jeunes afin de leur offrir de v\u00e9ritables opportunit\u00e9s d&#8217;emploi d\u00e9cent. Ce d\u00e9fi est crucial pour un continent qui doit s\u2019adapter aux exigences croissantes de la mondialisation.<\/p>\n<p>Son Excellence le Pr\u00e9sident de la R\u00e9publique a \u00e9voqu\u00e9 dans son discours, l\u2019esprit de la Conf\u00e9rence de Bandung qui a marqu\u00e9 un tournant d\u00e9cisif dans les relations Sud-Sud. Il a d\u00e9clar\u00e9 : \u00ab Pr\u00e8s de soixante-dix ans apr\u00e8s la Conf\u00e9rence de Bandung, qui a constitu\u00e9 un tournant profond dans notre histoire moderne, l&#8217;esprit de Bandung est plus pr\u00e9sent que jamais. Outre l&#8217;ind\u00e9pendance et la souverainet\u00e9 nationale, notamment pour les pays africains et asiatiques, qui \u00e9taient alors l&#8217;objectif supr\u00eame, et l&#8217;appel \u00e0 la coexistence pacifique entre les nations, les aspirations de nos peuples, sept d\u00e9cennies apr\u00e8s la tenue de cette conf\u00e9rence, demeurent inchang\u00e9es : solidarit\u00e9 et coop\u00e9ration. \u00bb<\/p>\n<p>\u00ab Aujourd&#8217;hui, ce sommet, qui se tient pour la premi\u00e8re fois au niveau des chefs d&#8217;\u00c9tat et de gouvernement, nous offre l&#8217;occasion de mettre en lumi\u00e8re la relation entre \u201cl&#8217;esprit de Bandung et l&#8217;Agenda 2063 de l&#8217;Union africaine\u201d. Cet agenda constitue la vision du continent pour l&#8217;avenir. Il repr\u00e9sente notre espoir, notre volont\u00e9 et notre aspiration commune \u00e0 une Afrique prosp\u00e8re dans tous les domaines et par tous les moyens. \u00bb<\/p>\n<p>Le Pr\u00e9sident de la R\u00e9publique a poursuivi, \u00e0 travers son discours prononc\u00e9 par le ministre, en soulignant les opportunit\u00e9s offertes par la coop\u00e9ration afro-indon\u00e9sienne, affirmant : \u00ab La deuxi\u00e8me r\u00e9union du Forum de coop\u00e9ration Indon\u00e9sie-Afrique confirme que les pays africains disposent d&#8217;opportunit\u00e9s abondantes pour diversifier et approfondir leur coop\u00e9ration avec leurs partenaires. Aujourd&#8217;hui, l&#8217;Indon\u00e9sie et les pays africains disposent d&#8217;opportunit\u00e9s \u00e9conomiques pr\u00e9cieuses \u00e0 exploiter dans divers secteurs o\u00f9 les similitudes constituent un facteur de rapprochement, de coop\u00e9ration et d&#8217;int\u00e9gration, tels que l&#8217;agriculture, le p\u00e9trole, les mines, le gaz naturel et les \u00e9nergies renouvelables. Nous sommes en r\u00e9alit\u00e9 \u00e0 un moment historique, une v\u00e9ritable opportunit\u00e9, que nous devons saisir pour construire des relations solides, capables de d\u00e9velopper et de diversifier davantage nos \u00e9changes commerciaux et notre coop\u00e9ration \u00e9conomique. Dans ce contexte, la Zone de libre-\u00e9change continentale africaine repr\u00e9sente une v\u00e9ritable chance pour atteindre cet objectif. \u00bb<\/p>\n<p>Le partenariat afro-indon\u00e9sien pourrait \u00e9galement acc\u00e9l\u00e9rer la coop\u00e9ration dans les domaines de l&#8217;\u00e9change d&#8217;expertise, de la transformation des ressources naturelles, de la formation professionnelle des jeunes, de la transformation num\u00e9rique, de l&#8217;innovation, du renforcement des capacit\u00e9s, ainsi que de la valorisation des ressources naturelles et maritimes.<\/p>\n<p>Le discours a \u00e9galement mis en avant les opportunit\u00e9s d&#8217;investissement en Mauritanie, en tant qu&#8217;exemple parmi les pays du continent, pr\u00e9cisant que la Mauritanie, avec ses ressources naturelles consid\u00e9rables et ses avantages pr\u00e9f\u00e9rentiels dans des secteurs tels que les \u00e9nergies renouvelables, l&#8217;hydrog\u00e8ne vert et les minerais pr\u00e9cieux, est convaincue que l&#8217;avenir du partenariat avec l&#8217;Indon\u00e9sie sera riche, qu&#8217;il s&#8217;agisse de partenariats fructueux entre les secteurs priv\u00e9s de nos deux pays ou d&#8217;investissements directs.<\/p>\n<p>En conclusion, Son Excellence le Pr\u00e9sident de la R\u00e9publique a appel\u00e9 l&#8217;Indon\u00e9sie, en tant que membre du G20, \u00e0 soutenir les efforts des pays de l&#8217;Union africaine pour obtenir une repr\u00e9sentation active, juste et \u00e9quitable au sein des organisations mondiales. Cela inclut notamment la r\u00e9forme du syst\u00e8me financier mondial, le traitement du probl\u00e8me des dettes insoutenables qui \u00e9touffent les \u00e9conomies de certains de nos pays, ainsi que l&#8217;octroi d&#8217;un si\u00e8ge permanent \u00e0 l&#8217;Afrique au Conseil de s\u00e9curit\u00e9 des Nations unies.<\/p>\n<p>\u00c0 noter que ce deuxi\u00e8me Forum Indon\u00e9sie-Afrique, qui se d\u00e9roule sur trois jours, voit la participation de 26 pays, dont certains sont repr\u00e9sent\u00e9s par des chefs d&#8217;\u00c9tat et de gouvernement, ainsi que par des d\u00e9l\u00e9gations minist\u00e9rielles de haut niveau. La Mauritanie est repr\u00e9sent\u00e9e par une d\u00e9l\u00e9gation conduite par Son Excellence le ministre de l&#8217;\u00c9conomie et des Finances, M. Sid\u2019Ahmed Ould Bouh, accompagn\u00e9 de l\u2019ambassadeur de Mauritanie en Indon\u00e9sie, SEM. Weddady Ould Sidi Haiba, du directeur g\u00e9n\u00e9ral des financements et de la coop\u00e9ration au minist\u00e8re de l&#8217;\u00c9conomie et des Finances, M. Mohamed Salem Ould Nani, et de M. Yahya Ould Dahah, Premier Conseiller \u00e0 l&#8217;Ambassade de Mauritanie en Indon\u00e9sie.<\/p>\n<p>Source MEF<\/p>\n","protected":false},"excerpt":{"rendered":"<p>Les travaux du deuxi\u00e8me Forum Indon\u00e9sie-Afrique et du Forum de haut niveau sur les partenariats multipartites, qui ont d\u00e9but\u00e9 ce dimanche \u00e0 Bali, en Indon\u00e9sie, sous le th\u00e8me \u00ab Renforcer les partenariats multipartites : vers un changement transformationnel \u00bb, ont vu la participation de Son Excellence le ministre de l&#8217;\u00c9conomie et des Finances, M. Sid\u2019Ahmed &hellip;<\/p>\n","protected":false},"author":2,"featured_media":11161,"comment_status":"open","ping_status":"open","sticky":false,"template":"","format":"standard","meta":{"footnotes":""},"categories":[18],"tags":[],"class_list":["post-11160","post","type-post","status-publish","format-standard","has-post-thumbnail","hentry","category-actualites"],"_links":{"self":[{"href":"https:\/\/ladepeche.mr\/index.php?rest_route=\/wp\/v2\/posts\/11160","targetHints":{"allow":["GET"]}}],"collection":[{"href":"https:\/\/ladepeche.mr\/index.php?rest_route=\/wp\/v2\/posts"}],"about":[{"href":"https:\/\/ladepeche.mr\/index.php?rest_route=\/wp\/v2\/types\/post"}],"author":[{"embeddable":true,"href":"https:\/\/ladepeche.mr\/index.php?rest_route=\/wp\/v2\/users\/2"}],"replies":[{"embeddable":true,"href":"https:\/\/ladepeche.mr\/index.php?rest_route=%2Fwp%2Fv2%2Fcomments&post=11160"}],"version-history":[{"count":4,"href":"https:\/\/ladepeche.mr\/index.php?rest_route=\/wp\/v2\/posts\/11160\/revisions"}],"predecessor-version":[{"id":11173,"href":"https:\/\/ladepeche.mr\/index.php?rest_route=\/wp\/v2\/posts\/11160\/revisions\/11173"}],"wp:featuredmedia":[{"embeddable":true,"href":"https:\/\/ladepeche.mr\/index.php?rest_route=\/wp\/v2\/media\/11161"}],"wp:attachment":[{"href":"https:\/\/ladepeche.mr\/index.php?rest_route=%2Fwp%2Fv2%2Fmedia&parent=11160"}],"wp:term":[{"taxonomy":"category","embeddable":true,"href":"https:\/\/ladepeche.mr\/index.php?rest_route=%2Fwp%2Fv2%2Fcategories&post=11160"},{"taxonomy":"post_tag","embeddable":true,"href":"https:\/\/ladepeche.mr\/index.php?rest_route=%2Fwp%2Fv2%2Ftags&post=11160"}],"curies":[{"name":"wp","href":"https:\/\/api.w.org\/{rel}","templated":true}]}}