{"id":11165,"date":"2024-09-02T18:15:18","date_gmt":"2024-09-02T18:15:18","guid":{"rendered":"https:\/\/ladepeche.mr\/?p=11165"},"modified":"2024-09-02T18:16:02","modified_gmt":"2024-09-02T18:16:02","slug":"la-plus-grande-mobilisation-depuis-2011-en-israel-les-manifestations-monstres-vont-elles-marquer-un-tournant-dans-la-guerre","status":"publish","type":"post","link":"https:\/\/ladepeche.mr\/?p=11165","title":{"rendered":"\u00ab La plus grande mobilisation depuis 2011 \u00bb : en Isra\u00ebl, les manifestations monstres vont-elles marquer un tournant dans la guerre ?"},"content":{"rendered":"<div class=\"rich-text u-margin-b-3 u-padding-b-0 u-padding-t-0\">\n<p class=\"chapo\">Plus de 500\u00a0000 personnes ont investi les rues isra\u00e9liennes, dimanche et lundi, apr\u00e8s la d\u00e9couverte d\u2019autres corps d\u2019otages \u00e0 Gaza. Mais l\u2019opinion, de plus en plus critique vis-\u00e0-vis du gouvernement Netanyahou, ne l\u2019est pas forc\u00e9ment en ce qui concerne la guerre d\u2019occupation.<\/p>\n<\/div>\n<div class=\"single__content__text__reverse u-flex-column\">\n<div class=\"single__content__text__published u-align-items-center c-purple t-label-medium u-flex-row u-margin-b-1\">\n<p>L\u2019horreur sera-t-elle stopp\u00e9e de l\u2019int\u00e9rieur ? Ces derniers jours, un mouvement de protestation contre le gouvernement isra\u00e9lien, <a href=\"https:\/\/www.humanite.fr\/monde\/cessez-le-feu\/guerre-a-gaza-apres-la-mort-de-six-otages-une-greve-generale-lancee-en-israel-pour-contraindre-benyamin-netanyahou-a-negocier\" target=\"_blank\" rel=\"noopener\">incapable de lib\u00e9rer les otages et d\u2019arr\u00eater les massacres \u00e0 Gaza<\/a>, essaime dans plusieurs villes d\u2019Isra\u00ebl, et pas des moindres.<\/p>\n<p>\u00c0 Tel-Aviv, l\u2019a\u00e9roport Ben Gourion \u00e9tait ferm\u00e9 ce lundi 2 septembre, comme certains services publics et commerces priv\u00e9s d\u2019Ha\u00effa ou de J\u00e9rusalem. M\u00eame s\u2019il n\u2019a g\u00e9n\u00e9ralement pas \u00e9t\u00e9 suivi, l\u2019appel \u00e0 la\u00a0<em>\u00ab<\/em>\u00a0gr\u00e8ve g\u00e9n\u00e9rale\u00a0\u00bb a bel et bien \u00e9t\u00e9 lanc\u00e9 par la Histadrout, la principale conf\u00e9d\u00e9ration syndicale d\u2019Isra\u00ebl, relay\u00e9 par le\u00a0chef de l\u2019opposition, Ya\u00efr Lapid, et le Forum des familles d\u2019otages et de personnes disparues, cr\u00e9\u00e9 apr\u00e8s le 7\u00a0octobre 2023.<\/p>\n<p>C\u2019est justement\u00a0<a href=\"https:\/\/www.humanite.fr\/monde\/cessez-le-feu\/guerre-a-gaza-apres-la-mort-de-six-otages-une-greve-generale-lancee-en-israel-pour-contraindre-benyamin-netanyahou-a-negocier\" target=\"_blank\" rel=\"noopener\">la d\u00e9couverte de six nouveaux otages d\u00e9c\u00e9d\u00e9s<\/a>, ce dimanche 1er septembre, qui a raviv\u00e9 la col\u00e8re des Isra\u00e9liens, las de voir les leur revenir ainsi de la bande de Gaza. Un \u00e9ni\u00e8me \u00e9chec imput\u00e9 \u00e0 leur premier ministre, prisonnier de sa folie meurtri\u00e8re et de plus en plus seul sur la sc\u00e8ne diplomatique. Malgr\u00e9 cela, le mouvement de gr\u00e8ve a \u00e9t\u00e9 frein\u00e9 par l\u2019opposition du tribunal du travail de Tel-Aviv, sous la pression du\u00a0<a href=\"https:\/\/www.humanite.fr\/monde\/charivari\/bezalel-smotrich-le-fasciste-israelien-qui-reve-dannexion-788674\" target=\"_blank\" rel=\"noopener\">ministre extr\u00e9miste des Finances, Bezalel Smotrich<\/a>.<\/p>\n<h2 class=\"wp-block-heading\">\u00ab\u00a0Les enfants sont des enfants, qu\u2019ils soient arabes ou juifs\u00a0\u00bb, chante-t-on \u00e0 J\u00e9rusalem<\/h2>\n<p>Mais le gouvernement est impuissant \u00e0 museler son peuple\u00a0: \u00e0 mesure que la nouvelle s\u2019est propag\u00e9e, des rassemblements ont \u00e9t\u00e9 organis\u00e9s le 1er septembre, regroupant un demi-million de personnes dans tout le pays. Comme \u00e0 J\u00e9rusalem o\u00f9 l\u2019on chantait :\u00a0<em>\u00ab\u00a0Les enfants sont des enfants, qu\u2019ils soient arabes ou juifs\u00a0\u00bb<\/em>\u00a0et o\u00f9 des jeunes se sont mass\u00e9s devant le domicile de Benyamin Netanyahou avant d\u2019\u00eatre dispers\u00e9s par la police et l\u2019arm\u00e9e.<\/p>\n<p>Ou \u00e0\u00a0Tel-Aviv, o\u00f9 les \u00e9tudiants et les professeurs de l\u2019Institut Weizmann, parmi lesquels le p\u00e8re d\u2019un otage, ont investi d\u00e8s le matin le quartier de Rehovot, au sud de la ville c\u00f4ti\u00e8re. Le soir, des centaines de personnes ont bloqu\u00e9 l\u2019autoroute d\u2019Ayalon, en plein centre, pour r\u00e9clamer le retour des otages restants, le cessez-le-feu, et demander des comptes au gouvernement d\u2019extr\u00eame droite.<\/p>\n<p><em>\u00ab\u00a0La seule mani\u00e8re de sauver les otages restants et d\u2019arr\u00eater le massacre et la destruction \u00e0 Gaza et en Cisjordanie occup\u00e9e est un accord de cessez-le-feu<\/em>, a rappel\u00e9 le Parti communiste isra\u00e9lien (PCI) dans un communiqu\u00e9.\u00a0<em>Netanyahou agit depuis des mois pour emp\u00eacher un tel accord (\u2026), c\u2019est \u00e9vident pour tous.\u00a0\u00bb<\/em><\/p>\n<p>Ces derniers jours, les rassemblements men\u00e9s par les jeunes se sont multipli\u00e9s, et la tenue de nouvelles \u00e9lections fait aussi partie de leurs revendications. Mais la police isra\u00e9lienne a r\u00e9prim\u00e9 ces r\u00e9voltes\u00a0: \u00e0 Tel-Aviv, plusieurs personnes ont \u00e9t\u00e9 arr\u00eat\u00e9es. L\u2019une d\u2019entre elles, la s\u0153ur d\u2019un otage, a \u00e9t\u00e9 frapp\u00e9e et conduite \u00e0 l\u2019h\u00f4pital.<\/p>\n<p>Ce lundi 2\u00a0septembre, le souffl\u00e9 n\u2019est pas retomb\u00e9. De nombreuses villes du pays comptent leur cort\u00e8ge de protestations. Plusieurs gares sont paralys\u00e9es. Tel-Aviv continue de voir des manifestants bloquer Ayalon et emplir les fourgons de la police. \u00c0 J\u00e9rusalem, le dangereux extr\u00e9miste\u00a0<a href=\"https:\/\/www.humanite.fr\/monde\/charivari\/ben-gvir-le-premier-flic-disrael-promet-les-flammes-de-lenfer-784755\" target=\"_blank\" rel=\"noopener\">Itamar Ben-Gvir<\/a>, ministre de la S\u00e9curit\u00e9 nationale, en a profit\u00e9 pour s\u2019adresser aux manifestants du Forum des familles d\u2019otages\u00a0:\u00a0<em>\u00ab\u00a0Vous nous donnez de la force. Continuez de crier et nous nous assurerons que Netanyahou ne plie pas et qu\u2019il n\u2019y ait pas d\u2019accord irr\u00e9fl\u00e9chi.\u00a0\u00bb<\/em><\/p>\n<h2 class=\"wp-block-heading\">\u00ab\u00a0C\u2019est un tournant tr\u00e8s important\u00a0\u00bb<\/h2>\n<p><em>\u00ab\u00a0Il y a eu de grandes manifestations contre le gouvernement, ou pour les otages, que je ne me rappelle pas avoir vu en temps de guerre\u00a0\u00bb<\/em>, t\u00e9moigne l\u2019analyste politique Dahlia Scheindlin aupr\u00e8s du magazine isra\u00e9lo-palestinien +\u00a0972. S\u2019il n\u2019en conna\u00eet pas encore les cons\u00e9quences possibles,\u00a0<a href=\"https:\/\/www.humanite.fr\/monde\/attaque-du-hamas\/efraim-davidi-il-ny-a-quune-seule-solution-mettre-fin-a-loccupation\" target=\"_blank\" rel=\"noopener\">Efra\u00efm Davidi, du comit\u00e9 central du PCI<\/a>, consid\u00e8re lui aussi que ce soul\u00e8vement\u00a0<em>\u00ab\u00a0est un tournant tr\u00e8s important, la plus grande mobilisation depuis 2011\u00a0\u00bb<\/em>.<\/p>\n<p><em>\u00ab\u00a0Le gouvernement est isol\u00e9\u00a0\u00bb<\/em>, observe-t-il, conscient des critiques que le r\u00e9gime de Benyamin Netanyahou a essuy\u00e9 ces derniers mois, bien avant l\u2019attaque du 7\u00a0octobre. Le premier ministre isra\u00e9lien s\u2019est parfaitement adapt\u00e9 \u00e0 l\u2019autoritarisme de l\u2019extr\u00eame droite sioniste depuis qu\u2019il a d\u00fb int\u00e9grer au gouvernement ses repr\u00e9sentants pour\u00a0<a href=\"https:\/\/www.humanite.fr\/monde\/israel\/la-knesset-approuve-le-gouvernement-le-plus-a-droite-disrael-776369\" target=\"_blank\" rel=\"noopener\">remporter les l\u00e9gislatives de novembre 2022<\/a>.<\/p>\n<p>Quelques mois plus tard, la population foulait le pav\u00e9 contre\u00a0<a href=\"https:\/\/www.humanite.fr\/monde\/benyamin-netanyahou\/coup-detat-controle-total-des-territoires-palestiniens-les-enjeux-derriere-la-reforme-judiciaire-de-netanyahou-803853\" target=\"_blank\" rel=\"noopener\">la r\u00e9forme judiciaire liberticide de l\u2019ex\u00e9cutif<\/a>, pour l\u2019une des plus grandes mobilisations de l\u2019histoire du pays. L\u2019attaque du Hamas, dans le sud du pays, n\u2019a rien arrang\u00e9. Tout en lan\u00e7ant un massacre discontinu dans la bande de Gaza, qui a tu\u00e9 plus de 40\u00a0786 personnes, le chef du gouvernement isra\u00e9lien a fait sauter quelques fusibles de l\u2019arm\u00e9e isra\u00e9lienne pour rester en place. Il a m\u00eame concentr\u00e9 un peu plus son pouvoir en r\u00e9unissant autour de lui un \u00ab\u00a0cabinet de guerre\u00a0\u00bb de cinq personnes,\u00a0<a href=\"https:\/\/www.humanite.fr\/monde\/benyamin-netanyahou\/benyamin-netanyahou-dissout-son-cabinet-de-guerre-selon-un-responsable-israelien\" target=\"_blank\" rel=\"noopener\">dissous en juin dernier apr\u00e8s les d\u00e9missions de Benny Gantz et Gadi Eizenkot<\/a>.<\/p>\n<p><em>\u00ab\u00a0Quasiment tous les juifs isra\u00e9liens veulent d\u00e9truire le Hamas, mais plus de la moiti\u00e9 des Isra\u00e9liens consid\u00e8rent que Netanyahou prolonge la campagne militaire pour rester au pouvoir<\/em>, analyse Dahlia Scheindlin.\u00a0<em>Cela veut-il dire qu\u2019ils souhaitent vraiment la fin de la guerre\u00a0? Pas exactement.\u00a0\u00bb<\/em><\/p>\n<p>Car l\u2019ampleur de la col\u00e8re des manifestants ne doit pas masquer leurs revendications r\u00e9elles. Outre le retour des otages et la d\u00e9mission de leur premier ministre, le cessez-le-feu r\u00e9clam\u00e9 par les Isra\u00e9liens ne remet g\u00e9n\u00e9ralement pas en cause la colonisation de la Palestine. Cette derni\u00e8re ne conna\u00eet d\u2019ailleurs pas de tr\u00eave, en t\u00e9moignent\u00a0<a href=\"https:\/\/www.humanite.fr\/monde\/cisjordanie\/raids-de-larmee-israelienne-10-palestiniens-tues-en-cisjordanie\" target=\"_blank\" rel=\"noopener\">les bulldozers qui rasent en ce moment les rues de J\u00e9nine<\/a>\u00a0ou de J\u00e9richo, en Cisjordanie occup\u00e9e, ou les obus qui ravagent encore et toujours Gaza.<\/p>\n<p>Fin mai dernier, une enqu\u00eate du Pew Research Center d\u00e9montrait que 73\u00a0% des sond\u00e9s pensaient que la r\u00e9ponse d\u2019Isra\u00ebl \u00e0 l\u2019attaque du 7\u00a0octobre \u00e9tait\u00a0<em>\u00ab\u00a0globalement bonne\u00a0\u00bb<\/em>\u00a0ou\u00a0<em>\u00ab\u00a0pas assez forte\u00a0\u00bb<\/em>, et 40\u00a0% d\u2019entre eux souhaitaient qu\u2019Isra\u00ebl gouverne la bande de Gaza. Quant aux sondages \u00e9lectoraux, de plus en plus soutiennent que Benyamin Netanyahou pourrait remporter un prochain scrutin.<\/p>\n<p>Le premier ministre isra\u00e9lien commence pourtant \u00e0 \u00e9chauder son principal alli\u00e9 \u00e9tats-unien. Lundi apr\u00e8s-midi, \u00e0 la Maison-Blanche, Joe Biden a affirm\u00e9 qu\u2019un accord de cessez-le-feu \u00e9tait<em>\u00a0\u00ab\u00a0tr\u00e8s proche<\/em>\u00a0\u00bb lors d\u2019une conf\u00e9rence de presse. Lorsqu\u2019un journaliste lui a demand\u00e9 si Netanyahou en faisait assez pour le conclure, le pr\u00e9sident am\u00e9ricain a tout simplement r\u00e9pondu :\u00a0<em>\u00ab\u00a0Non.\u00a0\u00bb<\/em><\/p>\n<p>https:\/\/www.humanite.fr\/<\/p>\n<\/div>\n<\/div>\n","protected":false},"excerpt":{"rendered":"<p>Plus de 500\u00a0000 personnes ont investi les rues isra\u00e9liennes, dimanche et lundi, apr\u00e8s la d\u00e9couverte d\u2019autres corps d\u2019otages \u00e0 Gaza. Mais l\u2019opinion, de plus en plus critique vis-\u00e0-vis du gouvernement Netanyahou, ne l\u2019est pas forc\u00e9ment en ce qui concerne la guerre d\u2019occupation. L\u2019horreur sera-t-elle stopp\u00e9e de l\u2019int\u00e9rieur ? Ces derniers jours, un mouvement de protestation &hellip;<\/p>\n","protected":false},"author":2,"featured_media":11167,"comment_status":"open","ping_status":"open","sticky":false,"template":"","format":"standard","meta":{"footnotes":""},"categories":[18,29],"tags":[],"class_list":["post-11165","post","type-post","status-publish","format-standard","has-post-thumbnail","hentry","category-actualites","category-monde"],"_links":{"self":[{"href":"https:\/\/ladepeche.mr\/index.php?rest_route=\/wp\/v2\/posts\/11165","targetHints":{"allow":["GET"]}}],"collection":[{"href":"https:\/\/ladepeche.mr\/index.php?rest_route=\/wp\/v2\/posts"}],"about":[{"href":"https:\/\/ladepeche.mr\/index.php?rest_route=\/wp\/v2\/types\/post"}],"author":[{"embeddable":true,"href":"https:\/\/ladepeche.mr\/index.php?rest_route=\/wp\/v2\/users\/2"}],"replies":[{"embeddable":true,"href":"https:\/\/ladepeche.mr\/index.php?rest_route=%2Fwp%2Fv2%2Fcomments&post=11165"}],"version-history":[{"count":2,"href":"https:\/\/ladepeche.mr\/index.php?rest_route=\/wp\/v2\/posts\/11165\/revisions"}],"predecessor-version":[{"id":11169,"href":"https:\/\/ladepeche.mr\/index.php?rest_route=\/wp\/v2\/posts\/11165\/revisions\/11169"}],"wp:featuredmedia":[{"embeddable":true,"href":"https:\/\/ladepeche.mr\/index.php?rest_route=\/wp\/v2\/media\/11167"}],"wp:attachment":[{"href":"https:\/\/ladepeche.mr\/index.php?rest_route=%2Fwp%2Fv2%2Fmedia&parent=11165"}],"wp:term":[{"taxonomy":"category","embeddable":true,"href":"https:\/\/ladepeche.mr\/index.php?rest_route=%2Fwp%2Fv2%2Fcategories&post=11165"},{"taxonomy":"post_tag","embeddable":true,"href":"https:\/\/ladepeche.mr\/index.php?rest_route=%2Fwp%2Fv2%2Ftags&post=11165"}],"curies":[{"name":"wp","href":"https:\/\/api.w.org\/{rel}","templated":true}]}}