{"id":11170,"date":"2024-09-03T09:17:48","date_gmt":"2024-09-03T09:17:48","guid":{"rendered":"https:\/\/ladepeche.mr\/?p=11170"},"modified":"2024-09-03T09:17:48","modified_gmt":"2024-09-03T09:17:48","slug":"tentative-devasion-a-la-prison-de-makala-les-autorites-congolaises-annoncent-au-moins-129-morts","status":"publish","type":"post","link":"https:\/\/ladepeche.mr\/?p=11170","title":{"rendered":"Tentative d&#8217;\u00e9vasion \u00e0 la prison de Makala: les autorit\u00e9s congolaises annoncent au moins 129 morts"},"content":{"rendered":"<p class=\"t-content__chapo\">\u00c0 la suite de la tentative d&#8217;\u00e9vasion qui s&#8217;est d\u00e9roul\u00e9e dans la nuit du 1er au 2 septembre \u00e0 la prison de Makala de Kinshasa, les autorit\u00e9s congolaises ont livr\u00e9 un premier bilan qui s&#8217;av\u00e8re tr\u00e8s lourd. Selon le ministre de l&#8217;Int\u00e9rieur, au moins 129 personnes sont mortes dont 24 par balles.<\/p>\n<div class=\"t-content__dates t-content__dates--reading-time\">\n<p>Alors que de nombreux coups de feu ont \u00e9t\u00e9 entendus dans la nuit de dimanche \u00e0 lundi la prison centrale de Makala, les autorit\u00e9s parlent d&#8217;une tentative d&#8217;\u00e9vasion maitris\u00e9e par l&#8217;arm\u00e9e et la police, mais les premiers chiffres commencent \u00e0 apparaitre et le bilan humain s&#8217;av\u00e8re tr\u00e8s lourd.<\/p>\n<p>Selon le ministre de l&#8217;Int\u00e9rieur Jacquemain Shabani, le bilan s&#8217;\u00e9l\u00e8ve actuellement \u00e0 129 morts, dont 24 tu\u00e9s par balle apr\u00e8s sommation. Il a pr\u00e9cis\u00e9 que ce chiffre est encore provisoire. Les autres d\u00e9tenus seraient d\u00e9c\u00e9d\u00e9s par \u00e9touffement, selon ses d\u00e9clarations. Il faut \u00e9galement noter, dans ce bilan tragique, le viol de plusieurs femmes d\u00e9tenues.\u00a0 En outre, 59 bless\u00e9s ont \u00e9t\u00e9 r\u00e9pertori\u00e9s.<\/p>\n<div id=\"em-WBMZ441894-RFI-FR-20240903\" class=\"m-em-flash m-em-flash--no-consent\" data-xtwitter-script=\"\" data-consent=\"xtwitter\">\n<div class=\"o-em-consent\">\n<div class=\"o-em-consent__content\">\n<h2>D\u00e9g\u00e2ts mat\u00e9riels importants<\/h2>\n<p>Sur le plan mat\u00e9riel, les d\u00e9g\u00e2ts sont aussi importants.\u00a0Le b\u00e2timent administratif a \u00e9t\u00e9 r\u00e9duit en cendres, de m\u00eame que ceux du greffe, de l&#8217;infirmerie et le d\u00e9p\u00f4t de vivres.<\/p>\n<p>Les enqu\u00eates se poursuivent, a indiqu\u00e9 le vice-Premier ministre charg\u00e9 de l\u2019Int\u00e9rieur, soulignant la n\u00e9cessit\u00e9 de rigueur et d\u2019ind\u00e9pendance dans ces investigations, un point \u00e9galement soutenu par la soci\u00e9t\u00e9 civile.<\/p>\n<p>Du c\u00f4t\u00e9 des responsables politiques, l&#8217;indignation est forte.\u00a0L&#8217;opposant Martin Fayulu a condamn\u00e9, selon ses mots, \u00ab<em>\u00a0l&#8217;assassinat brutal des prisonniers<\/em>\u00a0\u00bb \u00e0 la prison de Makala.\u00a0Il exige que toute la lumi\u00e8re soit faite sur ces \u00e9v\u00e9nements et que les responsables soient traduits en justice.<\/p>\n<p>M\u00eame ton dans le camp de Mo\u00efse Katumbi.\u00a0Son directeur de cabinet a d\u00e9clar\u00e9 : \u00ab\u00a0<em>Quelle que soit la cause du drame, rien ne peut justifier ce nouveau massacre<\/em>\u00a0\u00bb.<\/p>\n<p>Rfi<\/p>\n<\/div>\n<\/div>\n<\/div>\n<\/div>\n","protected":false},"excerpt":{"rendered":"<p>\u00c0 la suite de la tentative d&#8217;\u00e9vasion qui s&#8217;est d\u00e9roul\u00e9e dans la nuit du 1er au 2 septembre \u00e0 la prison de Makala de Kinshasa, les autorit\u00e9s congolaises ont livr\u00e9 un premier bilan qui s&#8217;av\u00e8re tr\u00e8s lourd. Selon le ministre de l&#8217;Int\u00e9rieur, au moins 129 personnes sont mortes dont 24 par balles. Alors que de &hellip;<\/p>\n","protected":false},"author":2,"featured_media":11171,"comment_status":"open","ping_status":"open","sticky":false,"template":"","format":"standard","meta":{"footnotes":""},"categories":[18,29],"tags":[],"class_list":["post-11170","post","type-post","status-publish","format-standard","has-post-thumbnail","hentry","category-actualites","category-monde"],"_links":{"self":[{"href":"https:\/\/ladepeche.mr\/index.php?rest_route=\/wp\/v2\/posts\/11170","targetHints":{"allow":["GET"]}}],"collection":[{"href":"https:\/\/ladepeche.mr\/index.php?rest_route=\/wp\/v2\/posts"}],"about":[{"href":"https:\/\/ladepeche.mr\/index.php?rest_route=\/wp\/v2\/types\/post"}],"author":[{"embeddable":true,"href":"https:\/\/ladepeche.mr\/index.php?rest_route=\/wp\/v2\/users\/2"}],"replies":[{"embeddable":true,"href":"https:\/\/ladepeche.mr\/index.php?rest_route=%2Fwp%2Fv2%2Fcomments&post=11170"}],"version-history":[{"count":1,"href":"https:\/\/ladepeche.mr\/index.php?rest_route=\/wp\/v2\/posts\/11170\/revisions"}],"predecessor-version":[{"id":11172,"href":"https:\/\/ladepeche.mr\/index.php?rest_route=\/wp\/v2\/posts\/11170\/revisions\/11172"}],"wp:featuredmedia":[{"embeddable":true,"href":"https:\/\/ladepeche.mr\/index.php?rest_route=\/wp\/v2\/media\/11171"}],"wp:attachment":[{"href":"https:\/\/ladepeche.mr\/index.php?rest_route=%2Fwp%2Fv2%2Fmedia&parent=11170"}],"wp:term":[{"taxonomy":"category","embeddable":true,"href":"https:\/\/ladepeche.mr\/index.php?rest_route=%2Fwp%2Fv2%2Fcategories&post=11170"},{"taxonomy":"post_tag","embeddable":true,"href":"https:\/\/ladepeche.mr\/index.php?rest_route=%2Fwp%2Fv2%2Ftags&post=11170"}],"curies":[{"name":"wp","href":"https:\/\/api.w.org\/{rel}","templated":true}]}}