{"id":11182,"date":"2024-09-03T14:14:11","date_gmt":"2024-09-03T14:14:11","guid":{"rendered":"https:\/\/ladepeche.mr\/?p=11182"},"modified":"2024-09-03T14:14:11","modified_gmt":"2024-09-03T14:14:11","slug":"justice-long-transparence-totale-accuse-le-parquet-dentraver-lexpertise-des-travaux","status":"publish","type":"post","link":"https:\/\/ladepeche.mr\/?p=11182","title":{"rendered":"Justice\u00a0: L\u2019ONG \u00ab\u00a0Transparence totale\u00a0\u00bb accuse le parquet d\u2019entraver l\u2019expertise des travaux"},"content":{"rendered":"<p>L&#8217;Ong \u00ab Transparence totale \u00bb que dirige l&#8217;ancien s\u00e9nateur Mohamed Ould Ghadda <strong>(photo)<\/strong>, poursuivi pour diffamation par\u00a0 une entreprise mise en cause dans la r\u00e9alisation de travaux publics, a accus\u00e9 le parquet de Nouakchott- Ouest \u00ab d\u2019entraver \u00bb la mission d\u2019expertise commise par le juge dans cette affaire.<\/p>\n<p>Et le pr\u00e9sident de l\u2019Ong d\u2019accuser dans un communiqu\u00e9 le minist\u00e8re public de semer \u00ab\u00a0des obstacles\u00a0\u00bb pour favoriser l\u2019une des parties en litige dans cette affaire o\u00f9 l\u2019Ong persiste \u00e0 dire que cette attitude (celle du parquet\u00a0\u00bb servirait \u00e0 blanchir la corruption.<\/p>\n<p>Le pr\u00e9sident de la cour p\u00e9nale avait commis deux experts afin d\u2019examiner, dans un d\u00e9lai de 30 jours, les accusations prof\u00e9r\u00e9es par le pr\u00e9sident et son Ong contre une entreprise de la place et pour lesquelles le premier est poursuivi en calomnie et diffamation.<\/p>\n<p>Beaucoup d\u2019observateurs estiment que l\u2019affaire suscit\u00e9e par l\u2019Ong \u00ab\u00a0Transparence totale\u00a0\u00bb entre dans le cadre de conflits d\u2019int\u00e9r\u00eats et de r\u00e8glement de compte entre hommes d\u2019affaires de la place.<\/p>\n","protected":false},"excerpt":{"rendered":"<p>L&#8217;Ong \u00ab Transparence totale \u00bb que dirige l&#8217;ancien s\u00e9nateur Mohamed Ould Ghadda (photo), poursuivi pour diffamation par\u00a0 une entreprise mise en cause dans la r\u00e9alisation de travaux publics, a accus\u00e9 le parquet de Nouakchott- Ouest \u00ab d\u2019entraver \u00bb la mission d\u2019expertise commise par le juge dans cette affaire. Et le pr\u00e9sident de l\u2019Ong d\u2019accuser dans &hellip;<\/p>\n","protected":false},"author":2,"featured_media":9038,"comment_status":"open","ping_status":"open","sticky":false,"template":"","format":"standard","meta":{"footnotes":""},"categories":[18,2],"tags":[],"class_list":["post-11182","post","type-post","status-publish","format-standard","has-post-thumbnail","hentry","category-actualites","category-economie"],"_links":{"self":[{"href":"https:\/\/ladepeche.mr\/index.php?rest_route=\/wp\/v2\/posts\/11182","targetHints":{"allow":["GET"]}}],"collection":[{"href":"https:\/\/ladepeche.mr\/index.php?rest_route=\/wp\/v2\/posts"}],"about":[{"href":"https:\/\/ladepeche.mr\/index.php?rest_route=\/wp\/v2\/types\/post"}],"author":[{"embeddable":true,"href":"https:\/\/ladepeche.mr\/index.php?rest_route=\/wp\/v2\/users\/2"}],"replies":[{"embeddable":true,"href":"https:\/\/ladepeche.mr\/index.php?rest_route=%2Fwp%2Fv2%2Fcomments&post=11182"}],"version-history":[{"count":1,"href":"https:\/\/ladepeche.mr\/index.php?rest_route=\/wp\/v2\/posts\/11182\/revisions"}],"predecessor-version":[{"id":11183,"href":"https:\/\/ladepeche.mr\/index.php?rest_route=\/wp\/v2\/posts\/11182\/revisions\/11183"}],"wp:featuredmedia":[{"embeddable":true,"href":"https:\/\/ladepeche.mr\/index.php?rest_route=\/wp\/v2\/media\/9038"}],"wp:attachment":[{"href":"https:\/\/ladepeche.mr\/index.php?rest_route=%2Fwp%2Fv2%2Fmedia&parent=11182"}],"wp:term":[{"taxonomy":"category","embeddable":true,"href":"https:\/\/ladepeche.mr\/index.php?rest_route=%2Fwp%2Fv2%2Fcategories&post=11182"},{"taxonomy":"post_tag","embeddable":true,"href":"https:\/\/ladepeche.mr\/index.php?rest_route=%2Fwp%2Fv2%2Ftags&post=11182"}],"curies":[{"name":"wp","href":"https:\/\/api.w.org\/{rel}","templated":true}]}}