{"id":11190,"date":"2024-09-04T10:37:19","date_gmt":"2024-09-04T10:37:19","guid":{"rendered":"https:\/\/ladepeche.mr\/?p=11190"},"modified":"2024-09-04T10:37:19","modified_gmt":"2024-09-04T10:37:19","slug":"infrastructures-seconde-mission-en-deux-mois-du-fonds-international-dinvestissement-a-nouakchott","status":"publish","type":"post","link":"https:\/\/ladepeche.mr\/?p=11190","title":{"rendered":"Infrastructures\u00a0: Seconde mission, en deux mois, du Fonds international d\u2019investissement \u00e0 Nouakchott"},"content":{"rendered":"<p style=\"background: white; margin: 0cm 0cm 12.75pt 0cm;\"><span style=\"font-family: 'Louguiya Bold',serif; color: black;\">Une mission du FII est arriv\u00e9e en Mauritanie pour s\u2019enqu\u00e9rir des possibilit\u00e9s et avantages des investissements en Mauritanie, a-t-on officiellement annonc\u00e9e apr\u00e8s une entrevue avec le ministre d\u00e9l\u00e9gu\u00e9 aupr\u00e8s du ministre de l\u2019\u00c9conomie et des Finances, charg\u00e9 du budget et ministre de l\u2019Economie et des Finances par int\u00e9rim, M. Kodioro Moussa NGuenor.<\/span><\/p>\n<p style=\"background: white; margin: 0cm 0cm 12.75pt 0cm;\"><span style=\"font-family: 'Louguiya Bold',serif; color: black;\">La d\u00e9l\u00e9gation du FII, conduite par le pr\u00e9sident du conseil d\u2019administration du Fonds, Talal bin Hassan Al Zahrani, et accompagn\u00e9 du DG du port de Tanit, avait fait mardi, le tour des opportunit\u00e9s et des avantages des investissements en Mauritanie.<\/span><\/p>\n<p><img decoding=\"async\" src=\"https:\/\/iiffund.com\/wp-content\/uploads\/2024\/07\/WhatsApp-Image-2024-07-09-at-5.33.57-PM-1.jpeg\" \/><\/p>\n<p style=\"margin: 0cm; margin-bottom: .0001pt; background: white;\"><span style=\"font-family: 'Louguiya Bold',serif; color: black;\">A noter que la m\u00eame d\u00e9l\u00e9gation avait s\u00e9journ\u00e9 en Mauritanie, en juillet dernier, <\/span><span style=\"font-size: 13.0pt; font-family: 'Palatino Linotype',serif; color: black;\">pour \u00ab\u00a0discuter des opportunit\u00e9s de coop\u00e9ration \u00e9conomique entre les deux parties\u00a0\u00bb\u00a0; une visite sanctionn\u00e9e par la signature d\u2019un accord pour la construction et l\u2019exploitation d\u2019un nouveau port en Mauritanie, avait annonc\u00e9 la d\u00e9l\u00e9gation.<\/span><\/p>\n<p style=\"margin: 0cm; margin-bottom: .0001pt;\"><span style=\"font-family: 'Louguiya Bold',serif; color: black;\">Notons qu\u2019outre Ould Khattri, Mohamed Yahya Ould Mohamedou Ould Mokhtar, charg\u00e9 de mission, au minist\u00e8re d\u00e9l\u00e9gu\u00e9 au budget, assistait \u00e0 cette rencontre.<\/span><\/p>\n","protected":false},"excerpt":{"rendered":"<p>Une mission du FII est arriv\u00e9e en Mauritanie pour s\u2019enqu\u00e9rir des possibilit\u00e9s et avantages des investissements en Mauritanie, a-t-on officiellement annonc\u00e9e apr\u00e8s une entrevue avec le ministre d\u00e9l\u00e9gu\u00e9 aupr\u00e8s du ministre de l\u2019\u00c9conomie et des Finances, charg\u00e9 du budget et ministre de l\u2019Economie et des Finances par int\u00e9rim, M. Kodioro Moussa NGuenor. La d\u00e9l\u00e9gation du &hellip;<\/p>\n","protected":false},"author":2,"featured_media":11191,"comment_status":"open","ping_status":"open","sticky":false,"template":"","format":"standard","meta":{"footnotes":""},"categories":[18,2],"tags":[],"class_list":["post-11190","post","type-post","status-publish","format-standard","has-post-thumbnail","hentry","category-actualites","category-economie"],"_links":{"self":[{"href":"https:\/\/ladepeche.mr\/index.php?rest_route=\/wp\/v2\/posts\/11190","targetHints":{"allow":["GET"]}}],"collection":[{"href":"https:\/\/ladepeche.mr\/index.php?rest_route=\/wp\/v2\/posts"}],"about":[{"href":"https:\/\/ladepeche.mr\/index.php?rest_route=\/wp\/v2\/types\/post"}],"author":[{"embeddable":true,"href":"https:\/\/ladepeche.mr\/index.php?rest_route=\/wp\/v2\/users\/2"}],"replies":[{"embeddable":true,"href":"https:\/\/ladepeche.mr\/index.php?rest_route=%2Fwp%2Fv2%2Fcomments&post=11190"}],"version-history":[{"count":1,"href":"https:\/\/ladepeche.mr\/index.php?rest_route=\/wp\/v2\/posts\/11190\/revisions"}],"predecessor-version":[{"id":11192,"href":"https:\/\/ladepeche.mr\/index.php?rest_route=\/wp\/v2\/posts\/11190\/revisions\/11192"}],"wp:featuredmedia":[{"embeddable":true,"href":"https:\/\/ladepeche.mr\/index.php?rest_route=\/wp\/v2\/media\/11191"}],"wp:attachment":[{"href":"https:\/\/ladepeche.mr\/index.php?rest_route=%2Fwp%2Fv2%2Fmedia&parent=11190"}],"wp:term":[{"taxonomy":"category","embeddable":true,"href":"https:\/\/ladepeche.mr\/index.php?rest_route=%2Fwp%2Fv2%2Fcategories&post=11190"},{"taxonomy":"post_tag","embeddable":true,"href":"https:\/\/ladepeche.mr\/index.php?rest_route=%2Fwp%2Fv2%2Ftags&post=11190"}],"curies":[{"name":"wp","href":"https:\/\/api.w.org\/{rel}","templated":true}]}}