{"id":11193,"date":"2024-09-04T11:09:54","date_gmt":"2024-09-04T11:09:54","guid":{"rendered":"https:\/\/ladepeche.mr\/?p=11193"},"modified":"2024-09-04T11:09:54","modified_gmt":"2024-09-04T11:09:54","slug":"lyon-le-dgsn-exhorte-a-plus-de-cooperation-pour-combattre-le-crime-organise","status":"publish","type":"post","link":"https:\/\/ladepeche.mr\/?p=11193","title":{"rendered":"Lyon\u00a0: Le DGSN exhorte \u00e0 plus de coop\u00e9ration pour combattre le crime organis\u00e9"},"content":{"rendered":"<p>Le directeur g\u00e9n\u00e9ral de la s\u00e9curit\u00e9 nationale, le G\u00e9n\u00e9ral Mohmd Cheikh Ould Mohamed Lamin alias \u00ab\u00a0Bourour\u00a0\u00bb a exhort\u00e9 \u00e0 une forte coop\u00e9ration s\u00e9curitaire concert\u00e9e entre les diff\u00e9rents partenaires r\u00e9gionaux et internationaux pour faire obstacle et relever les d\u00e9fis de la criminalit\u00e9 organis\u00e9e transfrontali\u00e8re.<\/p>\n<p>Le responsable mauritanien qui s\u2019exprimait \u00e0 l\u2019occasion de la 8<sup>\u00e8me<\/sup> r\u00e9union des polices de la r\u00e9gion Mena, organis\u00e9 par Interpol \u00e0 Lyon, en France, a, en outre, \u00e9voqu\u00e9 l\u2019ampleur des d\u00e9fis et les efforts d\u00e9ploy\u00e9s par le gouvernement pour y faire face assurant la stabilit\u00e9 et la s\u00e9curit\u00e9 dans le pays.<\/p>\n<p>La coop\u00e9ration entre notre pays et cette organisation a permis d\u2019arr\u00eater les auteurs et de d\u00e9jouer plusieurs affaires de crimes transfrontaliers li\u00e9s notamment au trafic de drogue.<\/p>\n<p>Cr\u00e9\u00e9e en 1923 pour promouvoir la coop\u00e9ration internationale, l&#8217;Organisation internationale de police criminelle, plus connue sous le nom d\u2019Interpol, a son si\u00e8ge \u00e0 Lyon, en France.<\/p>\n","protected":false},"excerpt":{"rendered":"<p>Le directeur g\u00e9n\u00e9ral de la s\u00e9curit\u00e9 nationale, le G\u00e9n\u00e9ral Mohmd Cheikh Ould Mohamed Lamin alias \u00ab\u00a0Bourour\u00a0\u00bb a exhort\u00e9 \u00e0 une forte coop\u00e9ration s\u00e9curitaire concert\u00e9e entre les diff\u00e9rents partenaires r\u00e9gionaux et internationaux pour faire obstacle et relever les d\u00e9fis de la criminalit\u00e9 organis\u00e9e transfrontali\u00e8re. Le responsable mauritanien qui s\u2019exprimait \u00e0 l\u2019occasion de la 8\u00e8me r\u00e9union des &hellip;<\/p>\n","protected":false},"author":2,"featured_media":11194,"comment_status":"open","ping_status":"open","sticky":false,"template":"","format":"standard","meta":{"footnotes":""},"categories":[18,29],"tags":[],"class_list":["post-11193","post","type-post","status-publish","format-standard","has-post-thumbnail","hentry","category-actualites","category-monde"],"_links":{"self":[{"href":"https:\/\/ladepeche.mr\/index.php?rest_route=\/wp\/v2\/posts\/11193","targetHints":{"allow":["GET"]}}],"collection":[{"href":"https:\/\/ladepeche.mr\/index.php?rest_route=\/wp\/v2\/posts"}],"about":[{"href":"https:\/\/ladepeche.mr\/index.php?rest_route=\/wp\/v2\/types\/post"}],"author":[{"embeddable":true,"href":"https:\/\/ladepeche.mr\/index.php?rest_route=\/wp\/v2\/users\/2"}],"replies":[{"embeddable":true,"href":"https:\/\/ladepeche.mr\/index.php?rest_route=%2Fwp%2Fv2%2Fcomments&post=11193"}],"version-history":[{"count":1,"href":"https:\/\/ladepeche.mr\/index.php?rest_route=\/wp\/v2\/posts\/11193\/revisions"}],"predecessor-version":[{"id":11195,"href":"https:\/\/ladepeche.mr\/index.php?rest_route=\/wp\/v2\/posts\/11193\/revisions\/11195"}],"wp:featuredmedia":[{"embeddable":true,"href":"https:\/\/ladepeche.mr\/index.php?rest_route=\/wp\/v2\/media\/11194"}],"wp:attachment":[{"href":"https:\/\/ladepeche.mr\/index.php?rest_route=%2Fwp%2Fv2%2Fmedia&parent=11193"}],"wp:term":[{"taxonomy":"category","embeddable":true,"href":"https:\/\/ladepeche.mr\/index.php?rest_route=%2Fwp%2Fv2%2Fcategories&post=11193"},{"taxonomy":"post_tag","embeddable":true,"href":"https:\/\/ladepeche.mr\/index.php?rest_route=%2Fwp%2Fv2%2Ftags&post=11193"}],"curies":[{"name":"wp","href":"https:\/\/api.w.org\/{rel}","templated":true}]}}