{"id":11201,"date":"2024-09-05T00:30:00","date_gmt":"2024-09-05T00:30:00","guid":{"rendered":"https:\/\/ladepeche.mr\/?p=11201"},"modified":"2024-09-04T23:36:57","modified_gmt":"2024-09-04T23:36:57","slug":"notre-pays-signe-un-memorandum-dentente-avec-la-chine-pour-renforcer-la-mise-en-oeuvre-de-linitiative-pour-le-developpement-mondial","status":"publish","type":"post","link":"https:\/\/ladepeche.mr\/?p=11201","title":{"rendered":"Notre pays signe un m\u00e9morandum d&#8217;entente avec la Chine pour renforcer la mise en \u0153uvre de l&#8217;Initiative pour le d\u00e9veloppement mondial"},"content":{"rendered":"<p>En marge du neuvi\u00e8me sommet du Forum sur la coop\u00e9ration sino-africaine (FOCAC), Son Excellence le ministre de l&#8217;\u00c9conomie et des Finances, M. Sid&#8217;Ahmed Ould Bouh, a sign\u00e9 mercredi \u00e0 P\u00e9kin, un m\u00e9morandum d&#8217;entente avec le Vice-Pr\u00e9sident de l&#8217;Agence chinoise de coop\u00e9ration internationale au d\u00e9veloppement, M. Yang Weiqun, visant \u00e0 renforcer la mise en \u0153uvre de l&#8217;Initiative pour le d\u00e9veloppement mondial, initi\u00e9e par la R\u00e9publique populaire de Chine.<\/p>\n<p>L&#8217;\u00ab Initiative pour le d\u00e9veloppement mondial \u00bb, propos\u00e9e par le Pr\u00e9sident chinois Xi Jinping lors de la 76e Assembl\u00e9e g\u00e9n\u00e9rale des Nations Unies, vise \u00e0 promouvoir le bien-\u00eatre public des peuples et \u00e0 orienter le d\u00e9veloppement mondial vers une nouvelle phase de croissance \u00e9quilibr\u00e9e, coordonn\u00e9e et inclusive. Cette initiative contribue \u00e0 dynamiser l&#8217;\u00e9conomie et \u00e0 aspirer \u00e0 un d\u00e9veloppement mondial plus solide, plus vert et plus \u00e9quilibr\u00e9.<\/p>\n<p>Elle constitue \u00e9galement une \u00ab feuille de route \u00bb pour r\u00e9duire les \u00e9carts entre les diff\u00e9rents pays. Depuis son lancement, elle a b\u00e9n\u00e9fici\u00e9 du soutien des Nations Unies, de 100 pays et 20 organisations internationales, et a \u00e9t\u00e9 int\u00e9gr\u00e9e dans plusieurs conf\u00e9rences et forums \u00e0 l&#8217;\u00e9chelle mondiale.<\/p>\n","protected":false},"excerpt":{"rendered":"<p>En marge du neuvi\u00e8me sommet du Forum sur la coop\u00e9ration sino-africaine (FOCAC), Son Excellence le ministre de l&#8217;\u00c9conomie et des Finances, M. Sid&#8217;Ahmed Ould Bouh, a sign\u00e9 mercredi \u00e0 P\u00e9kin, un m\u00e9morandum d&#8217;entente avec le Vice-Pr\u00e9sident de l&#8217;Agence chinoise de coop\u00e9ration internationale au d\u00e9veloppement, M. Yang Weiqun, visant \u00e0 renforcer la mise en \u0153uvre de &hellip;<\/p>\n","protected":false},"author":2,"featured_media":11202,"comment_status":"open","ping_status":"open","sticky":false,"template":"","format":"standard","meta":{"footnotes":""},"categories":[18,2],"tags":[],"class_list":["post-11201","post","type-post","status-publish","format-standard","has-post-thumbnail","hentry","category-actualites","category-economie"],"_links":{"self":[{"href":"https:\/\/ladepeche.mr\/index.php?rest_route=\/wp\/v2\/posts\/11201","targetHints":{"allow":["GET"]}}],"collection":[{"href":"https:\/\/ladepeche.mr\/index.php?rest_route=\/wp\/v2\/posts"}],"about":[{"href":"https:\/\/ladepeche.mr\/index.php?rest_route=\/wp\/v2\/types\/post"}],"author":[{"embeddable":true,"href":"https:\/\/ladepeche.mr\/index.php?rest_route=\/wp\/v2\/users\/2"}],"replies":[{"embeddable":true,"href":"https:\/\/ladepeche.mr\/index.php?rest_route=%2Fwp%2Fv2%2Fcomments&post=11201"}],"version-history":[{"count":1,"href":"https:\/\/ladepeche.mr\/index.php?rest_route=\/wp\/v2\/posts\/11201\/revisions"}],"predecessor-version":[{"id":11203,"href":"https:\/\/ladepeche.mr\/index.php?rest_route=\/wp\/v2\/posts\/11201\/revisions\/11203"}],"wp:featuredmedia":[{"embeddable":true,"href":"https:\/\/ladepeche.mr\/index.php?rest_route=\/wp\/v2\/media\/11202"}],"wp:attachment":[{"href":"https:\/\/ladepeche.mr\/index.php?rest_route=%2Fwp%2Fv2%2Fmedia&parent=11201"}],"wp:term":[{"taxonomy":"category","embeddable":true,"href":"https:\/\/ladepeche.mr\/index.php?rest_route=%2Fwp%2Fv2%2Fcategories&post=11201"},{"taxonomy":"post_tag","embeddable":true,"href":"https:\/\/ladepeche.mr\/index.php?rest_route=%2Fwp%2Fv2%2Ftags&post=11201"}],"curies":[{"name":"wp","href":"https:\/\/api.w.org\/{rel}","templated":true}]}}