{"id":11204,"date":"2024-09-04T23:44:55","date_gmt":"2024-09-04T23:44:55","guid":{"rendered":"https:\/\/ladepeche.mr\/?p=11204"},"modified":"2024-09-04T23:44:55","modified_gmt":"2024-09-04T23:44:55","slug":"le-premier-ministre-presente-devant-le-parlement-la-politique-generale-du-gouvernement","status":"publish","type":"post","link":"https:\/\/ladepeche.mr\/?p=11204","title":{"rendered":"Le Premier ministre pr\u00e9sente devant le Parlement la politique g\u00e9n\u00e9rale du gouvernement"},"content":{"rendered":"<p>Le Premier ministre, M. Mokhtar Ould Diay a pr\u00e9sent\u00e9 mercredi apr\u00e8s- midi au cours d\u2019une s\u00e9ance pl\u00e9ni\u00e8re de l\u2019Assembl\u00e9e nationale, pr\u00e9sid\u00e9e par le pr\u00e9sident de cette chambre, M. Mohamed Bemba Meguett, les grandes lignes de la politique g\u00e9n\u00e9rale du gouvernement.<\/p>\n<p>Au cours de cette s\u00e9ance, qui s\u2019est d\u00e9roul\u00e9e en pr\u00e9sence de membres du Gouvernement et de hauts fonctionnaires de l\u2019Etat, le Premier ministre, engagera la responsabilit\u00e9 du gouvernement sur cette politique largement inspir\u00e9e du programme \u00e9lectoral du Pr\u00e9sident de la R\u00e9publique, S.E. Mohamed Ould Cheikh El Ghazouani.<\/p>\n<p>Voici le texte int\u00e9gral de ce discours<\/p>\n<p>Monsieur le Pr\u00e9sident de l\u2019Assembl\u00e9e Nationale,<\/p>\n<p>Mesdames et Messieurs les Honorables D\u00e9put\u00e9s,<\/p>\n<p>La pr\u00e9sence du Premier Ministre devant l\u2019Assembl\u00e9e Nationale pour pr\u00e9senter la d\u00e9claration de politique g\u00e9n\u00e9rale du Gouvernement, conform\u00e9ment \u00e0 l\u2019article 42 de la constitution, est l\u2019un des moments forts \u00e0 travers lesquels le peuple mauritanien prouve, de mani\u00e8re concr\u00e8te, par le biais de ses repr\u00e9sentants, les honorables d\u00e9put\u00e9s membres de votre auguste Assembl\u00e9e, qu\u2019il est la source de tout pouvoir et le d\u00e9tenteur, dans l\u2019absolu, de la souverainet\u00e9 nationale.<\/p>\n<p>Souverainet\u00e9 au titre de laquelle il a choisi, en deux scrutins distincts, marqu\u00e9s par la transparence et l\u2019\u00e9quit\u00e9, de faire de vous ses repr\u00e9sentants au sein de l\u2019Assembl\u00e9e Nationale, et d\u2019accorder un nouveau mandat pr\u00e9sidentiel \u00e0 Son Excellence le Pr\u00e9sident de la R\u00e9publique, Monsieur Mohamed Ould Cheikh El Ghazouani.<\/p>\n<p>Et voil\u00e0 qu\u2019aujourd\u2019hui encore, tout revient de nouveau \u00e0 ce m\u00eame peuple, d\u00e9tenteur de la souverainet\u00e9, afin qu\u2019il se prononce, \u00e0 travers ses repr\u00e9sentants, sur la d\u00e9claration de politique g\u00e9n\u00e9rale du Gouvernement de ce nouveau mandat pr\u00e9sidentiel. Le peuple est donc, \u00e0 la fois, la source et la finalit\u00e9 de tout ce processus.<\/p>\n<p>Ce moment constitue un motif de fiert\u00e9 et de gloire pour nous tous, car il condense les fruits des grands efforts et des \u00e9normes sacrifices consentis, g\u00e9n\u00e9ration apr\u00e8s g\u00e9n\u00e9ration, par le peuple mauritanien, par toutes ses composantes, ses \u00e9lites, ses intellectuels et l\u2019ensemble des tendances de son spectre politique, tout au long de sa marche vers la construction d\u2019un syst\u00e8me d\u00e9mocratique qui consacre la souverainet\u00e9 du peuple, et la primaut\u00e9 de l\u2019\u00c9tat de droit et des institutions.<\/p>\n<p>Il s\u2019agit d\u2019un syst\u00e8me qui garantit, dans la souplesse et la transparence, l\u2019alternance pacifique du pouvoir comme la voie la meilleure vers la construction de la nation \u00e0 laquelle le peuple mauritanien aspire : une nation qui fait la fiert\u00e9 de ses filles et ses fils, et qui les unit par un solide lien de citoyennet\u00e9 r\u00e9publicaine, fond\u00e9 sur l\u2019\u00e9galit\u00e9 en dignit\u00e9, en droits et en devoirs.<\/p>\n<p>Une nation qui garantit leurs libert\u00e9s, pr\u00e9serve les valeurs et les enseignements de leur sainte religion et prot\u00e8ge, dans l\u2019unit\u00e9 et la coh\u00e9sion, leurs identit\u00e9s culturelles dans leur diversit\u00e9 et leur richesse, selon l\u2019expression m\u00eame de Son Excellence le Pr\u00e9sident de la R\u00e9publique.<\/p>\n<p>Il est, cependant, \u00e9vident que l\u2019\u00e9dification des \u00c9tats et des nations, \u00e0 la mesure des aspirations toujours croissantes de leurs peuples, est un processus de construction par accumulation qui ne finit jamais.<\/p>\n<p>Chacun suivant sa position et en fonction de ce que permettent les contraintes sp\u00e9cifiques qui y sont li\u00e9es, apporte sa pierre pour contribuer \u00e0 l\u2019\u00e9difice, comme l\u2019a soulign\u00e9 Son Excellence le Pr\u00e9sident de la R\u00e9publique dans son discours de candidature pour son premier mandat.<\/p>\n<p>Et parmi les contributions qui ont consolid\u00e9 le plus les fondements de l\u2019\u00c9tat mauritanien et pr\u00e9par\u00e9 les conditions de son d\u00e9veloppement continu figurent, sans conteste, celles apport\u00e9es par Son Excellence le Pr\u00e9sident de la R\u00e9publique durant son mandat achev\u00e9.<\/p>\n<p>En effet, Son Excellence a r\u00e9ussi \u00e0 pacifier la vie politique gr\u00e2ce \u00e0 la posture d\u2019ouverture, de d\u00e9bat et de dialogue qu\u2019il a su garder tout au long de ce mandat, parvenant ainsi \u00e0 transformer l\u2019atmosph\u00e8re de rupture, de d\u00e9fiance et d\u2019accusation, qui r\u00e9gnait entre les diff\u00e9rentes parties prenantes de la sc\u00e8ne politique nationale, en une atmosph\u00e8re de dialogue et de d\u00e9bat paisible, prouvant ainsi qu\u2019il nous \u00e9tait possible de \u00ab discuter et servir ensemble le pays, au lieu de nous battre et de tous lui porter pr\u00e9judice \u00bb, comme il l\u2019a soulign\u00e9 dans sa lettre de candidature en 2024.<\/p>\n<p>Il a \u00e9galement fait du citoyen et de l\u2019am\u00e9lioration de ses conditions de vie la finalit\u00e9 de toutes les politiques publiques. Il a combattu avec force la pauvret\u00e9, la pr\u00e9carit\u00e9 et l\u2019exclusion en mettant en place un large filet de s\u00e9curit\u00e9 sociale destin\u00e9 \u00e0 assister les citoyens \u00e0 revenu modeste et \u00e0 renforcer leur r\u00e9silience face aux al\u00e9as de la vie quotidienne. Cela s\u2019est traduit par l\u2019augmentation de leur pouvoir d\u2019achat, l\u2019am\u00e9lioration de leur acc\u00e8s aux services de base, \u00e0 l\u2019assurance maladie et \u00e0 l\u2019habitat d\u00e9cent.<\/p>\n<p>Il a \u00e9galement \u0153uvr\u00e9 \u00e0 renforcer l\u2019unit\u00e9 nationale et \u00e0 soutenir les vecteurs de coh\u00e9sion sociale, en combattant les facteurs de division, comme le sectarisme tribal d\u00e9testable et les fallacieux st\u00e9r\u00e9otypes.<\/p>\n<p>Parall\u00e8lement, il a intensifi\u00e9 les efforts pour am\u00e9liorer la gouvernance en luttant contre la corruption et en r\u00e9formant l\u2019administration, tout en accordant une attention particuli\u00e8re \u00e0 la participation des jeunes et des femmes \u00e0 tous les niveaux de gestion des affaires publiques. Des projets sp\u00e9cifiques et diversifi\u00e9s ont \u00e9t\u00e9 lanc\u00e9s \u00e0 leur profit, afin d\u2019am\u00e9liorer leur employabilit\u00e9, leur formation professionnelle et leur leadership dans l\u2019entrepreneuriat.<\/p>\n<p>Il a aussi r\u00e9ussi \u00e0 am\u00e9liorer de mani\u00e8re significative les indicateurs d\u2019acc\u00e8s aux services de base, \u00e0 d\u00e9velopper les infrastructures de soutien \u00e0 la croissance, \u00e0 asseoir les bases d\u2019une \u00e9cole r\u00e9publicaine dans le cadre d\u2019une r\u00e9forme globale du syst\u00e8me \u00e9ducatif, et \u00e0 r\u00e9former la justice et la presse. Tout cela a \u00e9t\u00e9 accompli en maintenant les \u00e9quilibres macro\u00e9conomiques et de bons taux de croissance, \u00e0 un moment o\u00f9 la r\u00e9cession mena\u00e7ait le monde en raison des effets n\u00e9fastes de la pand\u00e9mie de Covid-19 et les effets \u00e9conomiques d\u00e9vastateurs de la guerre entre la Russie et l\u2019Ukraine.<\/p>\n<p>Toutes ces r\u00e9alisations ont \u00e9t\u00e9 rendues possibles par le souci permanent de Son Excellence le Pr\u00e9sident de la R\u00e9publique, de pr\u00e9server la paix, la s\u00e9curit\u00e9 et la stabilit\u00e9 du pays, malgr\u00e9 un environnement sous-r\u00e9gional et international marqu\u00e9 par la violence, le terrorisme et les guerres d\u00e9vastatrices, mais aussi par la mise en \u0153uvre d\u2019une politique \u00e9trang\u00e8re dynamique, assurant une forte pr\u00e9sence sur la sc\u00e8ne internationale et r\u00e9gionale, prot\u00e9geant les int\u00e9r\u00eats du pays et de ses ressortissants \u00e0 l\u2019\u00e9tranger, pr\u00f4nant le bon voisinage, l\u2019amiti\u00e9 et la coop\u00e9ration entre les nations, et d\u00e9fendant les causes justes, notamment celle de la Palestine occup\u00e9e.<\/p>\n<p>Cependant, toutes ces grandes r\u00e9alisations, visibles et palpables, n\u2019ont pas occult\u00e9 aux yeux de Son Excellence le Pr\u00e9sident de la R\u00e9publique l\u2019envergure des d\u00e9fis qui restent \u00e0 relever, du fait de sa haute ambition pour le pays, de sa conscience de l\u2019ampleur des aspirations l\u00e9gitimes de notre peuple, de sa connaissance de notre relation tr\u00e8s r\u00e9cente, en tant que soci\u00e9t\u00e9, avec l\u2019\u00c9tat moderne, de sa profonde compr\u00e9hension des d\u00e9fis complexes et interd\u00e9pendants impos\u00e9s par l\u2019environnement mondial et r\u00e9gional au niveau s\u00e9curitaire, g\u00e9opolitique, \u00e9conomique et environnemental, ainsi que de sa pleine compr\u00e9hension des dysfonctionnements structurels profonds que nous avons accumul\u00e9s sur des d\u00e9cennies.<\/p>\n<p>Monsieur le Pr\u00e9sident de l\u2019Assembl\u00e9e Nationale,<\/p>\n<p>Mesdames et Messieurs les Honorables D\u00e9put\u00e9s,<\/p>\n<p>Nous sommes un pays dont on dit souvent qu\u2019 \u00ab il est riche par ses ressources naturelles. \u00bb Cependant, on ne mentionne que rarement, dans le m\u00eame temps, que la richesse des nations et des peuples se mesure par leur aptitude \u00e0 exploiter de mani\u00e8re durable leurs ressources naturelles et leurs capacit\u00e9s cr\u00e9atives, bien plus que par l\u2019abondance des ressources elles-m\u00eames.<\/p>\n<p>Or nous ne pourrons am\u00e9liorer notre capacit\u00e9 \u00e0 exploiter nos ressources et nos \u00e9nergies cr\u00e9atrices qu\u2019en relevant les d\u00e9fis auxquels fait face notre pays, et que Son Excellence a ramen\u00e9, dans son programme \u00ab Mon ambition pour la Patrie \u00bb, \u00e0 cinq d\u00e9fis principaux :<\/p>\n<p>Le premier d\u00e9fi se rapporte au degr\u00e9 d\u2019ancrage de l\u2019Etat, des Institutions et de la Gouvernance<\/p>\n<p>Notre exp\u00e9rience r\u00e9cente de l\u2019\u00c9tat moderne et les conditions entourant sa naissance chez nous ralentissent lourdement la transformation de nos mentalit\u00e9s et de nos comportements dans le sens d\u2019une meilleure assimilation des exigences de l\u2019\u00c9tat de droit et des institutions, en termes d\u2019organisation et de proc\u00e9dures, particuli\u00e8rement celles en rapport avec l\u2019id\u00e9e ancr\u00e9e dans notre conscience collective, que l\u2019\u00c9tat est une entit\u00e9 \u00e9trang\u00e8re, ennemie, \u00e0 laquelle il est permis l\u00e9gitimement et moralement de porter toutes les atteintes possibles. Ces mentalit\u00e9s expliquent dans une certaine mesure la propension \u00e0 s\u2019approprier indument les fonds publics ainsi que la d\u00e9sinvolture \u00e0 l\u2019endroit des institutions, des infrastructures et de tout ce qui a un caract\u00e8re public. \u00c0 cela s\u2019ajoute la faiblesse de notre gouvernance locale, qui devrait pourtant \u00eatre le meilleur instrument pour un d\u00e9veloppement \u00e9quilibr\u00e9 dans un pays aussi vaste que le n\u00f4tre.<\/p>\n<p>Le second d\u00e9fi est li\u00e9 \u00e0 la faiblesse structurelle de notre \u00e9conomie<\/p>\n<p>\u00c0 ce niveau, le principal probl\u00e8me pour notre pays r\u00e9side dans le fait que, \u00e0 ce niveau, le principal probl\u00e8me pour notre pays r\u00e9side dans le fait que nos parcours de croissance n\u2019ont jamais atteint un niveau permettant un r\u00e9el d\u00e9collage \u00e9conomique. Cela est d\u00fb, notamment, aux insuffisances dans la diversification des sources de croissance, \u00e0 la faiblesse des infrastructures de soutien, et au d\u00e9ficit criant dans la mise en valeur des secteurs o\u00f9 nous avons un avantage comparatif, ainsi que les insuffisances \u00e9videntes dans l\u2019exploitation efficace des opportunit\u00e9s offertes par nos potentialit\u00e9s, la faiblesse structurelle de notre secteur priv\u00e9 dans son ensemble et la taille r\u00e9duite de notre march\u00e9 int\u00e9rieur. Ces \u00e9l\u00e9ments constituent les obstacles majeurs \u00e0 ce niveau.<\/p>\n<p>Le troisi\u00e8me d\u00e9fi concerne nos ressources humaines<\/p>\n<p>\u00c0 ce niveau le probl\u00e8me principal demeure la pr\u00e9dominance de mentalit\u00e9s et de comportements contraires \u00e0 la culture du travail, \u00e0 la valorisation des m\u00e9tiers dans leur diversit\u00e9, et \u00e0 la reconnaissance de l\u2019honneur attach\u00e9 au travail et aux travailleurs. Ces mentalit\u00e9s affaiblissent les volont\u00e9s, d\u00e9litent la force de l\u2019engagement et inhibent les \u00e9nergies et les capacit\u00e9s cr\u00e9atives.<\/p>\n<p>\u00c0 cela s\u2019ajoute la faiblesse du taux d\u2019acc\u00e8s \u00e0 l\u2019\u00e9ducation, de la qualit\u00e9 des apprentissages, des niveaux de formation et de qualification technique et professionnelle faiblement compatible, en g\u00e9n\u00e9ral, avec les besoins de l\u2019\u00e9conomie et du march\u00e9 de l\u2019emploi.<\/p>\n<p>Le quatri\u00e8me d\u00e9fi est celui de consolider notre unit\u00e9 et notre coh\u00e9sion sociale<\/p>\n<p>Nous sommes un peuple uni par une m\u00eame foi religieuse int\u00e9grative, une histoire partag\u00e9e un devenir commun et un avenir prometteur. Cependant, les mentalit\u00e9s r\u00e9trogrades, les st\u00e9r\u00e9otypes erron\u00e9s et les stratifications sociales sans fondement r\u00e9el continuent \u00e0 fragiliser cette coh\u00e9sion sociale.<\/p>\n<p>Ces n\u00e9fastes r\u00e9sidus du pass\u00e9 se nourrissent de l\u2019exacerbation du sectarisme et du tribalisme, des in\u00e9galit\u00e9s \u00e9conomiques flagrantes et de la pr\u00e9carit\u00e9 qui les accompagne. Ils sont \u00e9galement aliment\u00e9s par une r\u00e9partition in\u00e9quitable des richesses et des opportunit\u00e9s, affectant souvent les couches sociales historiquement victimes d\u2019injustice et de marginalisation.<\/p>\n<p>\u00c9liminer ces d\u00e9fis est une priorit\u00e9 absolue. Il est essentiel d\u2019\u00e9radiquer tous les facteurs de division et de discorde pour renforcer l\u2019unit\u00e9 et la coh\u00e9sion sociale, et r\u00e9\u00e9quilibrer la balance de la justice et de l\u2019\u00e9galit\u00e9.<\/p>\n<p>Le cinqui\u00e8me d\u00e9fi, lui, est s\u00e9curitaire et g\u00e9opolitique<\/p>\n<p>L\u2019interconnexion entre les diff\u00e9rents pays, du fait de la mondialisation, et la force par laquelle ils s\u2019impactent les uns les autres, impose parfois aux pays, pris individuellement, des d\u00e9fis qui sont \u00e0 la base internationaux ou r\u00e9gionaux.<\/p>\n<p>Les effets d\u00e9vastateurs de la violence, du terrorisme et des guerres qui s\u00e9vissent au niveau international ont fortement impact\u00e9 notre continent, en particulier la r\u00e9gion du Sahel, qui a connu une forte propagation de l\u2019extr\u00e9misme, de la violence et des groupes terroristes, compromettant les fondements de la s\u00e9curit\u00e9 et de la stabilit\u00e9.<\/p>\n<p>Bien que nous ayons pu pr\u00e9server notre s\u00e9curit\u00e9 et notre stabilit\u00e9 dans cet environnement tr\u00e8s perturb\u00e9, par la gr\u00e2ce d\u2019Allah, l\u2019efficacit\u00e9 de notre strat\u00e9gie s\u00e9curitaire int\u00e9gr\u00e9e et multidimensionnelle et la vigilance de nos vaillantes forces arm\u00e9es et de s\u00e9curit\u00e9, il reste, cependant, que le d\u00e9fi persiste, le danger demeure et la vigilance est toujours requise.<\/p>\n<p>Monsieur le Pr\u00e9sident de l\u2019Assembl\u00e9e Nationale,<\/p>\n<p>Mesdames et Messieurs les Honorables D\u00e9put\u00e9s,<\/p>\n<p>Conscient de l\u2019ampleur de ces d\u00e9fis interd\u00e9pendants, Son Excellence le Pr\u00e9sident de la R\u00e9publique a fait de la n\u00e9cessit\u00e9 de les relever la finalit\u00e9 premi\u00e8re de son programme, \u00ab Mon ambition pour la Patrie \u00bb, en vue de r\u00e9aliser les aspirations du peuple mauritanien qui sont pour l\u2019essentiel, la construction de :<\/p>\n<p>\u2013 Un \u00c9tat de droit et d\u2019institutions fortes, avec une bonne gouvernance moderne,<\/p>\n<p>\u2013 Une \u00e9conomie performante, r\u00e9siliente et \u00e9co-durable,<\/p>\n<p>\u2013 Un capital humain bien form\u00e9 et qualifi\u00e9, en particulier parmi les jeunes,<\/p>\n<p>\u2013 Une unit\u00e9 nationale solide et une int\u00e9gration sociale compl\u00e9mentaire,<\/p>\n<p>\u2013 Une s\u00e9curit\u00e9 et une stabilit\u00e9 bien assises, et un r\u00f4le international et r\u00e9gional efficace.<\/p>\n<p>Soucieux de r\u00e9aliser ces aspirations, Son Excellence le Pr\u00e9sident de la R\u00e9publique nous a charg\u00e9, dans la lettre de mission qu\u2019il nous a remise, de traduire en actions le programme sur la base duquel il a \u00e9t\u00e9 \u00e9lu. Ce programme, du fait de son approbation par le peuple, est devenue une promesse et un contrat dont la mise en \u0153uvre est imp\u00e9rative.<\/p>\n<p>Aussi, en application des directives de SEM le Pr\u00e9sident de la R\u00e9publique, le Gouvernement a \u00e9labor\u00e9 sa politique g\u00e9n\u00e9rale, que nous avons l\u2019honneur de pr\u00e9senter devant votre auguste Assembl\u00e9e, en l\u2019articulant autour de cinq axes.<\/p>\n<p>L\u2019axe I concerne l\u2019\u00e9dification d\u2019un Etat de droit et des institutions fortes, avec une bonne gouvernance moderne<\/p>\n<p>La priorit\u00e9 du Gouvernement, \u00e0 ce niveau, sera de mettre en \u0153uvre toutes les mesures n\u00e9cessaires pour renforcer l\u2019\u00c9tat de droit et les institutions, \u00e0 travers une gouvernance moderne et efficace. Un \u00c9tat o\u00f9 r\u00e8gne la primaut\u00e9 de la loi et qui valorise l\u2019int\u00e9grit\u00e9 et la probit\u00e9. Un \u00c9tat d\u00e9mocratique, juste et transparent, qui g\u00e8re les affaires du pays et exploite au mieux ses ressources, pour r\u00e9pondre aux besoins du d\u00e9veloppement, de la qualit\u00e9 et de la modernit\u00e9.<\/p>\n<p>Pour consolider les fondements de cet \u00c9tat de droit et de ses institutions, le Gouvernement pr\u00e9voit de lancer trois chantiers compl\u00e9mentaires :<\/p>\n<p>\u2022 Le premier de ces chantiers concerne les r\u00e9formes indispensables pour ancrer et d\u00e9velopper notre syst\u00e8me d\u00e9mocratique. Il s\u2019agira de lancer un dialogue responsable, franc et inclusif, qui n\u2019exclut personne et n\u2019occulte aucun sujet important, afin de repenser sereinement notre dispositif de gouvernance et notre mod\u00e8le d\u00e9mocratique. Nous comptons beaucoup sur les r\u00e9sultats de ce dialogue pour renforcer nos institutions et g\u00e9rer nos relations et notre syst\u00e8me politique de mani\u00e8re pacifique et harmonieuse, dans l\u2019int\u00e9r\u00eat sup\u00e9rieur de notre cher pays.<\/p>\n<p>Il est aussi sp\u00e9cifiquement attendu de ce dialogue de permettre de r\u00e9viser et d\u2019am\u00e9liorer le code \u00e9lectoral pour assurer plus de participation, plus de transparence et de cr\u00e9dibilit\u00e9. \u00c0 ce propos, la r\u00e9vision de la loi sur les partis politiques est l\u2019une des r\u00e9formes les plus importantes sur laquelle nous comptons pour renforcer notre syst\u00e8me d\u00e9mocratique et consolider les structures organisationnelles et institutionnelles des partis, afin qu\u2019ils puissent jouer leur r\u00f4le central dans la vie d\u00e9mocratique.<\/p>\n<p>\u2022 Le second chantier dans cet effort de renforcement de l\u2019\u00c9tat de droit et des institutions consiste \u00e0 acc\u00e9l\u00e9rer la mise en \u0153uvre du Document National de R\u00e9forme et de Modernisation de la Justice. Cette restructuration profonde, issue d\u2019un large processus de concertation, r\u00e9pond aux aspirations des Mauritaniens \u00e0 la justice et \u00e0 l\u2019\u00e9galit\u00e9.<\/p>\n<p>L\u2019objectif de ce chantier est de renforcer l\u2019ind\u00e9pendance de la justice, d\u2019am\u00e9liorer la situation des professionnels du secteur, de rapprocher la justice des citoyens et d\u2019en faciliter l\u2019acc\u00e8s, d\u2019am\u00e9liorer la qualit\u00e9 et l\u2019efficacit\u00e9 des services judiciaires, de garantir les droits des justiciables, de r\u00e9former le code p\u00e9nal et de r\u00e9viser les lois qui l\u2019organisent. Il s\u2019agira \u00e9galement de r\u00e9former le syst\u00e8me p\u00e9nitentiaire, d\u2019acc\u00e9l\u00e9rer la d\u00e9mat\u00e9rialisation des proc\u00e9dures de la justice et de moderniser les infrastructures judiciaires.<\/p>\n<p>\u2022 Le troisi\u00e8me chantier, dans le m\u00eame cadre, porte, quant \u00e0 lui, sur la promotion des droits de l\u2019Homme ; et c\u2019est un chantier fondamental pour parvenir \u00e0 l\u2019harmonie et au d\u00e9veloppement soci\u00e9tal.<\/p>\n<p>A ce niveau le Gouvernement s\u2019engage \u00e0 acc\u00e9l\u00e9rer la mise en \u0153uvre de notre strat\u00e9gie nationale pour la Promotion et la Protection des Droits de l\u2019Homme (2024-2028), qui met l\u2019accent sur l\u2019\u00e9galit\u00e9 de tous en dignit\u00e9, en droits et en devoirs, par la force de la loi, sur la seule base de la citoyennet\u00e9. Un effort particulier sera fait pour garantir l\u2019\u00e9galit\u00e9 d\u2019acc\u00e8s aux services, aux opportunit\u00e9s et aux droits en g\u00e9n\u00e9ral, car les droits restent illusoires tant qu\u2019ils ne sont pas accompagn\u00e9s des moyens n\u00e9cessaires pour les exercer pleinement. Le Gouvernement poursuivra l\u2019action d\u00e9j\u00e0 entam\u00e9e en mati\u00e8re de lutte contre les diverses formes d\u2019esclavage et la traite des personnes, comme il \u0153uvrera \u00e0 pr\u00e9server et \u00e0 renforcer les libert\u00e9s publiques, \u00e0 combattre toutes les formes de discrimination, quel qu\u2019en soit le fondement : ethnique, communautaire, tribal, r\u00e9gional, \u00e9conomique ou de genre, tout en accordant une attention particuli\u00e8re aux personnes vuln\u00e9rables et \u00e0 celles ayant des besoins sp\u00e9ciaux. Le Gouvernement poursuivra \u00e9galement son soutien \u00e0 la Commission Nationale des Droits de l\u2019Homme, au M\u00e9canisme National de Lutte contre la Torture, \u00e0 l\u2019Observatoire des Droits de la Femme et de la Fille, \u00e0 l\u2019Instance de lutte contre la traite des Personnes ainsi qu\u2019aux organisations de la soci\u00e9t\u00e9 civile \u0153uvrant dans ce domaine, afin de leur permettre de s\u2019acquitter efficacement de leurs missions.<\/p>\n<p>En plus de ces chantiers, et toujours dans le cadre de ce premier axe de notre politique g\u00e9n\u00e9rale, le Gouvernement accordera une attention particuli\u00e8re \u00e0 la bonne gouvernance en menant une lutte efficace contre la corruption sous toutes ses formes, \u00e0 la r\u00e9forme de l\u2019administration publique et au renforcement de la gouvernance locale, ainsi qu\u2019\u00e0 la promotion du r\u00f4le des m\u00e9dias, des leaders d\u2019opinion et des organisations de la soci\u00e9t\u00e9 civile.<\/p>\n<p>Ainsi, cette lutte contre la corruption fera l\u2019objet d\u2019une action sp\u00e9cifique visant \u00e0 renforcer la transparence, \u00e0 imposer la redevabilit\u00e9 et \u00e0 combattre toute forme d\u2019impunit\u00e9. \u00c0 ce titre, le Gouvernement s\u2019engage \u00e0 :<\/p>\n<p>\u2013 Compl\u00e9ter et d\u00e9velopper le cadre juridique de la lutte contre la corruption, afin de garantir la restitution des fonds d\u00e9tourn\u00e9s, de mettre en place un dispositif mis \u00e0 jour et efficace pour lutter contre l\u2019enrichissement illicite, ainsi que de prot\u00e9ger les lanceurs d\u2019alerte et de permettre un acc\u00e8s fluide \u00e0 l\u2019information ;<\/p>\n<p>\u2013 Mettre en place un syst\u00e8me de passation des march\u00e9s publics mieux prot\u00e9g\u00e9 contre la corruption ;<\/p>\n<p>\u2013 Cr\u00e9er les conditions n\u00e9cessaires pour renforcer le r\u00f4le dissuasif de la justice dans la lutte contre la corruption en g\u00e9n\u00e9ral, et pour emp\u00eacher l\u2019impunit\u00e9 ;<\/p>\n<p>\u2013 Activer le cadre institutionnel du suivi de mise en \u0153uvre de la strat\u00e9gie nationale de lutte contre la corruption, et cr\u00e9er une institution nationale de lutte contre la corruption ;<\/p>\n<p>\u2013 Sensibiliser aux effets n\u00e9fastes de la corruption et ancrer les valeurs d\u2019int\u00e9grit\u00e9 et de probit\u00e9 chez les jeunes g\u00e9n\u00e9rations.<\/p>\n<p>Cependant, comme l\u2019a affirm\u00e9 SEM le Pr\u00e9sident de la R\u00e9publique dans son discours d\u2019investiture, nous devons tous prendre conscience du fait que le succ\u00e8s de la lutte contre la gabegie, la corruption et la mauvaise gestion est le combat de tous : celui des syst\u00e8mes administratif et judiciaire, des corps de contr\u00f4le et d\u2019inspection, mais aussi celui de l\u2019\u00e9lite dont les oul\u00e9mas, les imams, les hommes politiques, les intellectuels, les leaders d\u2019opinion, la soci\u00e9t\u00e9 civile, la presse et les influenceurs sociaux. Et il est illusoire de penser qu\u2019elle sera gagn\u00e9e sans la conjugaison des efforts de tous.<\/p>\n<p>Pour que les mesures de lutte contre la corruption, l\u2019am\u00e9lioration de la gouvernance, les r\u00e9formes soci\u00e9tales profondes et, plus g\u00e9n\u00e9ralement, la conduite du changement soient couronn\u00e9es de succ\u00e8s, il est indispensable de transformer radicalement notre administration publique.<\/p>\n<p>Dans ce cadre, le Gouvernement modernisera et rationalisera l\u2019organisation de l\u2019administration publique pour passer d\u2019une administration des proc\u00e9dures \u00e0 une administration des responsabilit\u00e9s, des comp\u00e9tences et des r\u00e9sultats. Cela permettra d\u2019am\u00e9liorer son efficacit\u00e9, de rendre plus pr\u00e9cise sa planification, tout en s\u2019orientant vers une approche plus prospective, plus transparente et plus proche du citoyen.<\/p>\n<p>Pour atteindre ces objectifs, le Gouvernement combattra tous les comportements contraires \u00e0 la transparence, \u00e0 la probit\u00e9, aux valeurs et \u00e0 l\u2019\u00e9thique du service public. Il s\u2019att\u00e8lera notamment \u00e0 :<\/p>\n<p>\u2013 Faire un audit organisationnel de l\u2019administration publique, devant conduire \u00e0 l\u2019adoption d\u2019un organigramme adapt\u00e9 du point de vue de l\u2019efficience des structures administratives et de la bonne gestion des ressources humaines et mat\u00e9rielles ;<\/p>\n<p>\u2013 Appuyer et moderniser l\u2019administration \u00e0 travers la d\u00e9mat\u00e9rialisation des processus ;<\/p>\n<p>\u2013 \u00c9laborer une charte du service public, afin d\u2019acc\u00e9l\u00e9rer le processus d\u2019am\u00e9lioration de la qualit\u00e9 des services administratifs et de renforcer la confiance des usagers ;<\/p>\n<p>\u2013 Concevoir et mettre en \u0153uvre des plans de formation intensive au profit des fonctionnaires et agents de l\u2019\u00c9tat ;<\/p>\n<p>\u2013 Moderniser le syst\u00e8me de gestion des fonctionnaires et agents de l\u2019\u00c9tat et am\u00e9liorer leurs conditions, qu\u2019ils soient en service ou \u00e0 la retraite.<\/p>\n<p>Notre besoin de r\u00e9former l\u2019administration est le m\u00eame que celui d\u2019ancrer une gouvernance locale efficace, n\u00e9cessaire \u00e0 un pays aussi vaste que le n\u00f4tre, dont le d\u00e9veloppement \u00e9quilibr\u00e9 ne peut se faire exclusivement \u00e0 travers une gestion centralis\u00e9e.<\/p>\n<p>Les efforts se concentreront dans ce domaine sur :<\/p>\n<p>\u2013 Un plan global d\u2019am\u00e9nagement du territoire qui servira de base \u00e0 un nouveau d\u00e9coupage administratif et contribuera \u00e0 la cr\u00e9ation de p\u00f4les de d\u00e9veloppement compl\u00e9mentaires ;<\/p>\n<p>\u2013 Une acc\u00e9l\u00e9ration du transfert des comp\u00e9tences et des moyens aux conseils r\u00e9gionaux et aux communes ;<\/p>\n<p>\u2013 La mise en place des m\u00e9canismes adapt\u00e9s pour la mutualisation des fonctionnaires et des agents publics, au niveau r\u00e9gional, entre les services sectoriels d\u2019une part et les instances d\u00e9centralis\u00e9es d\u2019autre part.<\/p>\n<p>Conscient que l\u2019atteinte de ses objectifs en mati\u00e8re de renforcement de la gouvernance \u00e0 tous les niveaux, requiert la participation vigilante et efficace des leaders d\u2019opinion, des intellectuels, des journalistes et des organisations de la soci\u00e9t\u00e9 civile, le Gouvernement \u0153uvrera \u00e0 renforcer la veille et la protection des lanceurs d\u2019alerte, \u00e0 ancrer la libert\u00e9 de la presse, \u00e0 faciliter l\u2019acc\u00e8s \u00e0 l\u2019information et \u00e0 appuyer les activit\u00e9s de sensibilisation \u00e9clair\u00e9es de nos \u00e9lites culturelles.<\/p>\n<p>Monsieur le Pr\u00e9sident de l\u2019Assembl\u00e9e Nationale,<\/p>\n<p>Mesdames et Messieurs les Honorables D\u00e9put\u00e9s,<\/p>\n<p>L\u2019axe II de cette politique g\u00e9n\u00e9rale porte sur l\u2019\u00e9dification d\u2019une \u00e9conomie performante et \u00e9co-durable.<\/p>\n<p>L\u2019action du Gouvernement \u00e0 ce niveau consistera \u00e0 initier une transformation structurelle de l\u2019\u00e9conomie, aboutissant \u00e0 des taux de croissance durablement \u00e9lev\u00e9s, et permettant de g\u00e9n\u00e9rer l\u2019activit\u00e9 et la richesse n\u00e9cessaires \u00e0 la cr\u00e9ation d\u2019une offre d\u2019emploi r\u00e9pondant \u00e0 la demande. Il s\u2019agira aussi de mobiliser les ressources n\u00e9cessaires au financement des programmes sociaux et des infrastructures indispensables \u00e0 la lutte contre la pauvret\u00e9 et la pr\u00e9carit\u00e9, ainsi qu\u2019\u00e0 la durabilit\u00e9 de la croissance.<\/p>\n<p>Pour atteindre cet objectif, le Gouvernement m\u00e8nera son action dans des directions diverses et compl\u00e9mentaires, telles que le lancement des r\u00e9formes structurelles n\u00e9cessaires pour lib\u00e9rer l\u2019\u00e9conomie, l\u2019encouragement de l\u2019investissement, le soutien et l\u2019accompagnement de notre secteur priv\u00e9 afin qu\u2019il puisse jouer son r\u00f4le moteur dans la cr\u00e9ation de richesse et de croissance. Il mettra \u00e9galement en \u0153uvre un vaste programme de d\u00e9veloppement des infrastructures n\u00e9cessaires, tout en promouvant les secteurs dans lesquels notre pays poss\u00e8de des potentiels \u00e9conomiques importants, en particulier ceux o\u00f9 nous disposons d\u2019avantages comparatifs \u00e9vidents.<\/p>\n<p>La dimension \u00e9cologique sera pr\u00e9sente dans tous ces domaines, particuli\u00e8rement dans tout ce qui a rapport \u00e0 la durabilit\u00e9 et \u00e0 la protection de l\u2019environnement.<\/p>\n<p>Concernant les r\u00e9formes structurelles visant \u00e0 lib\u00e9rer l\u2019\u00e9conomie, \u00e0 encourager l\u2019investissement et \u00e0 pr\u00e9parer les conditions n\u00e9cessaires au d\u00e9collage \u00e9conomique attendu, il sera proc\u00e9d\u00e9 \u00e0 la r\u00e9vision du code de l\u2019investissement et de celui des march\u00e9s publics, ainsi que la loi sur le partenariat public-priv\u00e9. En outre le code g\u00e9n\u00e9ral des imp\u00f4ts sera r\u00e9vis\u00e9 de mani\u00e8re \u00e0 assurer la redistribution plus \u00e9quitable des charges fiscales, de m\u00eame le Gouvernement veillera \u00e0 lancer une r\u00e9forme fonci\u00e8re, \u00e0 garantir la s\u00e9curit\u00e9 juridique et judiciaire des promoteurs \u00e9conomiques et \u00e0 r\u00e9former notre syst\u00e8me bancaire.<\/p>\n<p>Ces r\u00e9formes seront la base de notre action pour am\u00e9liorer le climat des affaires, lib\u00e9rer les comp\u00e9tences et le potentiel de notre secteur priv\u00e9 que le Gouvernement consid\u00e8re comme partenaire essentiel, qui b\u00e9n\u00e9ficiera de l\u2019accompagnement et l\u2019appui qu\u2019il m\u00e9rite, en raison de la centralit\u00e9 de son r\u00f4le dans la croissance souhait\u00e9e.<\/p>\n<p>Toutefois, ces r\u00e9formes ne donneront le r\u00e9sultat escompt\u00e9 que si nous parvenons \u00e0 mettre en place les infrastructures adapt\u00e9es pour soutenir la croissance. Ces infrastructures sont n\u00e9cessaires pour assurer la disponibilit\u00e9 des facteurs de production \u00e0 des prix comp\u00e9titifs, d\u00e9senclaver les zones de production, ouvrir les march\u00e9s et faciliter le commerce.<\/p>\n<p>Le Gouvernement travaillera sur ces aspects \u00e0 travers :<\/p>\n<p>\u2013 Le lancement d\u2019un vaste programme de construction d\u2019infrastructures routi\u00e8res modernes pour d\u00e9senclaver les zones de production et ouvrir des axes reliant notre pays aux march\u00e9s ext\u00e9rieurs, ainsi que la construction d\u2019autoroutes sur les axes qui en ont le plus besoin. Le Gouvernement mettra aussi, \u00e0 la t\u00eate de ses priorit\u00e9s, de r\u00e9aliser une \u00e9tude de faisabilit\u00e9 pour des voies ferr\u00e9es reliant le pays aux march\u00e9s voisins et permettant de r\u00e9soudre le probl\u00e8me de transport de certains produits miniers d\u00e9couverts, vers les ports d\u2019exportation, comme le phosphate au Brakna et le fer en Inchiri.<\/p>\n<p>\u2013 La r\u00e9habilitation, l\u2019\u00e9largissement et la modernisation des infrastructures portuaires actuelles : port de l\u2019Amiti\u00e9, port autonome et port artisanal de Nouadhibou, et le port de Tanit, en plus de l\u2019adaptation du port de Ndiago afin qu\u2019il r\u00e9ponde aux besoins des futurs projets gaziers, ainsi que la cr\u00e9ation de nouvelles structures comme le port en eau profonde de Nouadhibou, le port sec \u00e0 Gogui et un port pour accompagner le d\u00e9veloppement des projets d\u2019hydrog\u00e8ne vert ;<\/p>\n<p>\u2013 Le renforcement et l\u2019\u00e9largissement des infrastructures a\u00e9roportuaires, tout en soutenant et en accompagnant la compagnie a\u00e9rienne MAI, symbole de notre souverainet\u00e9 a\u00e9rienne et moyen fondamental pour renforcer, intensifier et assurer la fluidit\u00e9 des transports a\u00e9riens de et vers notre pays ;<\/p>\n<p>\u2013 Le lancement d\u2019un programme ambitieux de production d\u2019\u00e9lectricit\u00e9 avec la qualit\u00e9, la puissance et les co\u00fbts r\u00e9pondant aux besoins de nos unit\u00e9s \u00e9conomiques en nous basant sur nos ressources renouvelables ;<\/p>\n<p>\u2013 Le lancement de grands projets hydrauliques dans le domaine des barrages, de l\u2019ouverture de canaux et d\u2019axes hydrauliques, afin de couvrir les besoins de tous les secteurs \u00e9conomiques, en particulier l\u2019agriculture ;<\/p>\n<p>\u2013 Le renforcement des infrastructures num\u00e9riques de mani\u00e8re \u00e0 profiter pleinement des nouvelles technologies.<\/p>\n<p>Toutes ces r\u00e9formes structurelles, l\u2019encouragement du secteur priv\u00e9 et la mise \u00e0 disposition des infrastructures n\u00e9cessaires ont pour objectif l\u2019exploitation optimale de nos potentiels dans les diff\u00e9rents secteurs \u00e9conomiques, en particulier ceux o\u00f9 nous disposons d\u2019avantages comparatifs et d\u2019opportunit\u00e9s de croissance prometteuses, comme l\u2019agriculture, l\u2019\u00e9levage, la p\u00eache, les mines, l\u2019industrie et le tourisme.<\/p>\n<p>Dans le domaine de l\u2019agriculture, l\u2019atteinte de la souverainet\u00e9 alimentaire est l\u2019objectif essentiel de la politique du Gouvernement. Pour cela, il \u0153uvrera \u00e0 augmenter notre production de riz afin d\u2019assurer l\u2019autosuffisance en cette denr\u00e9e et, \u00e0 court terme, d\u2019en exporter. Tout comme il visera l\u2019autosuffisance en l\u00e9gumes et en produits traditionnels et le d\u00e9veloppement des cultures oasiennes, du bl\u00e9 et du fourrage. Pour atteindre ces objectifs, l\u2019effort sera concentr\u00e9 sur :<\/p>\n<p>\u2013 L\u2019augmentation des surfaces cultiv\u00e9es et la disponibilit\u00e9 des eaux, par la mise en place de nouveaux canaux et axes hydrauliques, la construction de barrages et l\u2019am\u00e9nagement de surfaces agricoles, ainsi que la mise en \u0153uvre d\u2019une r\u00e9forme fonci\u00e8re juste et \u00e9quitable;<\/p>\n<p>\u2013 Le d\u00e9senclavement et l\u2019\u00e9lectrification des zones agricoles ;<\/p>\n<p>\u2013 Le renforcement des capacit\u00e9s de stockage, de conditionnement, de froid et de transport ;<\/p>\n<p>\u2013 La poursuite de la politique d\u2019exon\u00e9ration fiscale des \u00e9quipements et des intrants agricoles ;<\/p>\n<p>\u2013 La m\u00e9canisation des cultures sous pluie ;<\/p>\n<p>\u2013 La mobilisation des ressources financi\u00e8res n\u00e9cessaires au secteur et la facilitation de leur acc\u00e8s ;<\/p>\n<p>\u2013 Le lancement d\u2019un vaste programme de recherche, de formation et de vulgarisation pour les diff\u00e9rentes fili\u00e8res agricoles, en s\u2019appuyant sur les \u00e9tablissements nationaux de recherche, de formation professionnelle et d\u2019enseignement sup\u00e9rieur.<\/p>\n<p>En mati\u00e8re d\u2019\u00e9levage, le travail du Gouvernement portera sur l\u2019int\u00e9gration effective de ce secteur vital dans le tissu \u00e9conomique, \u00e0 travers l\u2019augmentation de la productivit\u00e9, le renforcement de l\u2019industrialisation et de la commercialisation de ses produits, afin d\u2019atteindre l\u2019autosuffisance en produits laitiers et l\u2019exportation des viandes rouges. Il s\u2019agira aussi de valoriser les sous-secteurs avicoles et de transformation du cuir. Tout ceci se fera \u00e0 travers :<\/p>\n<p>\u2013 Un travail efficace pour am\u00e9liorer le cadre g\u00e9n\u00e9ral de l\u2019\u00e9levage et d\u00e9velopper les infrastructures y aff\u00e9rentes, dans une vision de d\u00e9veloppement durable du secteur;<\/p>\n<p>\u2013 L\u2019am\u00e9lioration de la sant\u00e9 animale par la vaccination obligatoire et gratuite contre les grandes \u00e9pizooties, le contr\u00f4le \u00e9pid\u00e9miologique et le d\u00e9veloppement des services de sant\u00e9 animale publique ;<\/p>\n<p>\u2013 La cr\u00e9ation des infrastructures n\u00e9cessaires \u00e0 l\u2019exportation des viandes rouges, \u00e0 travers la construction de parcs de mise en quarantaine et d\u2019abattoirs modernes .<\/p>\n<p>\u2013 L\u2019encouragement et l\u2019accompagnement du passage \u00e0 l\u2019\u00e9levage intensif et l\u2019am\u00e9lioration g\u00e9n\u00e9tique des races de vaches laiti\u00e8res ;<\/p>\n<p>\u2013 La conception et l\u2019ex\u00e9cution d\u2019une gestion des p\u00e2turages et de la rationalisation des parcours pastoraux, ainsi que le d\u00e9veloppement de solutions de substitution telles que la culture du fourrage et la mise \u00e0 disposition de stations hydrauliques pastorales, pour diminuer l\u2019impact des p\u00e9riodes s\u00e8ches sur les troupeaux ;<\/p>\n<p>\u2013 La mise en place d\u2019incitations cibl\u00e9es pour le secteur priv\u00e9, afin d\u2019encourager l\u2019investissement dans le secteur de l\u2019\u00e9levage, \u00e0 travers des exon\u00e9rations fiscales ad\u00e9quates pour les \u00e9quipements et les intrants n\u00e9cessaires \u00e0 la production et \u00e0 l\u2019industrialisation du secteur, ainsi que la cr\u00e9ation de m\u00e9canismes efficaces pour faire profiter le secteur des financements publics et priv\u00e9s disponibles.<\/p>\n<p>En mati\u00e8re de p\u00eache, les piliers et les objectifs de la politique g\u00e9n\u00e9rale du Gouvernement s\u2019articulent essentiellement autour de l\u2019exploitation durable et responsable de la ressource, en vue du passage \u00e0 l\u2019\u00e9conomie bleue, de l\u2019adoption d\u2019une approche int\u00e9gr\u00e9e de promotion des industries de transformation des produits de la p\u00eache et d\u2019augmentation de la valeur ajout\u00e9e. Dans ce cadre, il sera proc\u00e9d\u00e9 \u00e0 :<\/p>\n<p>\u2013 L\u2019extension, le d\u00e9veloppement et l\u2019\u00e9quipement des infrastructures portuaires, de stockage, de conservation et de froid, pour encourager le d\u00e9barquement de toutes les captures ;<\/p>\n<p>\u2013 L\u2019adoption d\u2019une strat\u00e9gie ad\u00e9quate pour le renouvellement de la flotte et la garantie de sa maintenance ;<\/p>\n<p>\u2013 La mise en place de m\u00e9canismes innovants pour le financement des cha\u00eenes de valeur dans le cadre d\u2019un cr\u00e9dit maritime ;<\/p>\n<p>\u2013 L\u2019\u00e9valuation de l\u2019ensemble des accords de p\u00eache avec nos partenaires, pour mieux prot\u00e9ger nos int\u00e9r\u00eats nationaux ;<\/p>\n<p>\u2013 L\u2019op\u00e9rationnalisation des structures de contr\u00f4le et d\u2019inspection ;<\/p>\n<p>\u2013 La promotion de la recherche et de la formation avec une attention particuli\u00e8re \u00e0 la p\u00eache continentale et \u00e0 la pisciculture<\/p>\n<p>Dans le domaine des mines, le Gouvernement concentrera ses efforts sur la redynamisation de ce secteur important, en travaillant \u00e0 augmenter le nombre de mines en exploitation, \u00e0 acc\u00e9l\u00e9rer la mise en exploitation de nouveaux gisements, \u00e0 \u00e9largir la recherche g\u00e9ologique exploratoire, \u00e0 renforcer et d\u00e9velopper les industries mini\u00e8res de transformation, et \u00e0 mettre en place une politique ferme garantissant la conformit\u00e9 des activit\u00e9s mini\u00e8res aux exigences environnementales.<\/p>\n<p>Dans ce cadre g\u00e9n\u00e9ral, le Gouvernement travaillera \u00e0 la r\u00e9vision du code minier pour un meilleur encadrement des activit\u00e9s mini\u00e8res, afin d\u2019emp\u00eacher l\u2019accaparement des titres miniers et le monopole des carri\u00e8res. Les \u00e9tablissements nationaux intervenant dans le secteur seront r\u00e9form\u00e9s pour plus d\u2019harmonie et d\u2019efficacit\u00e9 de l\u2019action de l\u2019\u00c9tat dans ce domaine. Une carte des potentialit\u00e9s mini\u00e8res sera r\u00e9alis\u00e9e pour identifier les minerais sensibles et de haute importance strat\u00e9gique dans le cadre de la transition \u00e9nerg\u00e9tique.<\/p>\n<p>\u00c0 ce titre, le Gouvernement accompagnera la Soci\u00e9t\u00e9 Nationale Industrielle et Mini\u00e8re (SNIM) dans son ambitieux programme visant \u00e0 doubler sa production annuelle \u00e0 l\u2019horizon 2029 et \u00e0 am\u00e9liorer sa valeur ajout\u00e9e, tout en l\u2019encourageant \u00e0 investir dans la recherche et l\u2019exploitation de l\u2019or et du cuivre. Le Gouvernement prolongera ses efforts visant \u00e0 encadrer efficacement l\u2019orpaillage, garantissant ainsi l\u2019augmentation du nombre de b\u00e9n\u00e9ficiaires, son int\u00e9gration \u00e0 l\u2019\u00e9conomie, la limitation de son impact environnemental et des autres risques y aff\u00e9rents. Tout cela se fera en sus de l\u2019acc\u00e9l\u00e9ration de la productivit\u00e9 au niveau des r\u00e9serves mini\u00e8res d\u00e9couvertes (or, uranium, fer, phosphate, clinker, gypse etc.). De m\u00eame, le Gouvernement \u0153uvrera, conform\u00e9ment aux instructions du Pr\u00e9sident de la R\u00e9publique, \u00e0 faire de notre pays un centre r\u00e9gional de l\u2019\u00e9nergie bas carbone.<\/p>\n<p>Dans ce cadre, le Gouvernement s\u2019engage \u00e0 poursuivre les efforts visant \u00e0 faire de notre pays un hub r\u00e9gional de production et d\u2019exportation de gaz naturel liqu\u00e9fi\u00e9 ; \u00e0 d\u00e9velopper les prochaines \u00e9tapes du champ gazier GTA ; \u00e0 acc\u00e9l\u00e9rer le d\u00e9veloppement du champ de Birallah et \u00e0 encourager le d\u00e9veloppement des autres champs d\u00e9j\u00e0 d\u00e9couverts, comme Banda, Walata, P\u00e9lican et Tevet, pour subvenir aux besoins du march\u00e9 local.<\/p>\n<p>Nous allons \u00e9galement poursuivre l\u2019int\u00e9gration du secteur p\u00e9trolier et gazier dans le tissu \u00e9conomique, ainsi que le renforcement du potentiel de nos bassins s\u00e9dimentaires, \u00e0 travers la mise en place de mesures incitatives ad\u00e9quates pour positionner notre pays en tant que destination privil\u00e9gi\u00e9e pour l\u2019exploration. Nous mettrons l\u2019accent sur le d\u00e9ploiement des infrastructures de stockage, de d\u00e9chargement, de transport et de distribution des hydrocarbures.<\/p>\n<p>Par ailleurs, compte tenu de la disponibilit\u00e9 tr\u00e8s abondante et de haute qualit\u00e9 de l\u2019\u00e9nergie solaire et \u00e9olienne dans notre pays, le Gouvernement voit une opportunit\u00e9 de devenir un acteur principal dans la transition \u00e9nerg\u00e9tique. Il planifie de diversifier le mix \u00e9nerg\u00e9tique et de diminuer la d\u00e9pendance du pays aux \u00e9nergies fossiles, en s\u2019ouvrant \u00e0 de nouveaux horizons d\u2019investissement dans l\u2019hydrog\u00e8ne vert et ses applications industrielles.<\/p>\n<p>En vue d\u2019assurer une augmentation significative des retomb\u00e9es de l\u2019exploitation de nos ressources naturelles de fa\u00e7on plus \u00e9quitable, le Gouvernement inclura dans ses priorit\u00e9s l\u2019\u00e9laboration d\u2019une politique nationale de modernisation du contenu local.<\/p>\n<p>En mati\u00e8re d\u2019industrie, l\u2019accent sera mis sur la mise en place d\u2019une base industrielle contribuant \u00e0 am\u00e9liorer la valeur ajout\u00e9e dans l\u2019exploitation de nos ressources naturelles et \u00e0 att\u00e9nuer le d\u00e9s\u00e9quilibre de notre balance commerciale, \u00e0 travers la domestication d\u2019industries de transformation diverses, procurant des alternatives \u00e0 certains biens import\u00e9s, particuli\u00e8rement celles qui ne requi\u00e8rent pas de technologies complexes ou des capitaux importants.<\/p>\n<p>Dans ce cadre, le Gouvernement travaillera \u00e0 la cr\u00e9ation d\u2019une zone industrielle \u00e9quip\u00e9e des services essentiels et au soutien \u00e0 la mobilisation de lignes de cr\u00e9dit, ainsi qu\u2019\u00e0 la formation des comp\u00e9tences industrielles et de la main-d\u2019\u0153uvre.<\/p>\n<p>En outre, partant des potentialit\u00e9s touristiques inexploit\u00e9es de notre pays, le Gouvernement s\u2019attellera, en partenariat avec les acteurs du tourisme, \u00e0 faire un diagnostic exhaustif des d\u00e9fis et obstacles auxquels fait face ce secteur \u00e9conomique important, et \u00e0 proposer des solutions pratiques pour sa redynamisation, son d\u00e9veloppement et son extension. La priorit\u00e9 sera donn\u00e9e, dans ce cadre, aux infrastructures, aux ressources humaines, et \u00e0 la promotion de notre pays et de ses sp\u00e9cificit\u00e9s touristiques.<\/p>\n<p>Monsieur le Pr\u00e9sident de l\u2019Assembl\u00e9e Nationale,<\/p>\n<p>Mesdames et Messieurs les Honorables D\u00e9put\u00e9s,<\/p>\n<p>Les divers aspects de la politique gouvernementale, ceux d\u00e9clin\u00e9s dans les deux axes pr\u00e9c\u00e9dents et ceux qui le seront dans les suivants, d\u00e9pendent, pour leur mise en \u0153uvre efficace et la r\u00e9alisation de leurs objectifs et finalit\u00e9s, de la disponibilit\u00e9 d\u2019un capital humain bien form\u00e9 et qualifi\u00e9, en particulier parmi les jeunes. En effet, la pr\u00e9sence d\u2019hommes et de femmes arm\u00e9s d\u2019une formation de qualit\u00e9 et en bonne sant\u00e9, est ce qui permet de produire la valeur ajout\u00e9e et de cr\u00e9er la prosp\u00e9rit\u00e9. Et pour former un capital humain jouissant de ces qualit\u00e9s, la politique du Gouvernement agira sur cinq leviers : l\u2019enseignement, la formation, l\u2019emploi, la sant\u00e9, la culture et le sport.<\/p>\n<p>Pour l\u2019enseignement, notre objectif principal sera de travailler pour assurer un enseignement performant et de haute qualit\u00e9, avec des encadrements p\u00e9dagogiques capables de construire un citoyen enracin\u00e9 dans son identit\u00e9 civilisationnelle, fier de ses valeurs nationales et ouvert sur le monde. Un enseignement qui offre \u00e0 nos enfants les comp\u00e9tences et le savoir-faire n\u00e9cessaires, les incite \u00e0 la cr\u00e9ativit\u00e9 et \u00e0 l\u2019innovation, et les pr\u00e9pare au passage serein vers la vie sociale et professionnelle.<\/p>\n<p>Pour atteindre cet objectif, nous poursuivrons le renforcement et l\u2019ancrage de l\u2019\u00c9cole R\u00e9publicaine, dans le cadre de la mise en \u0153uvre acc\u00e9l\u00e9r\u00e9e de la r\u00e9forme du syst\u00e8me \u00e9ducatif \u00e0 tous les niveaux et dans ses diverses composantes. Cela inclut la ma\u00eetrise de la carte scolaire, le renforcement des infrastructures, la r\u00e9forme des programmes et cursus scolaires, le renforcement de l\u2019enseignement scientifique, la finalisation de la r\u00e9forme linguistique et la fourniture des supports \u00e9ducatifs n\u00e9cessaires.<\/p>\n<p>Nous veillerons \u00e9galement \u00e0 renforcer et \u00e0 d\u00e9velopper la formation initiale et continue des encadreurs et des enseignants, en donnant la priorit\u00e9 \u00e0 tout ce qui les met, mat\u00e9riellement et moralement, dans les conditions leur permettant d\u2019accomplir pleinement leur mission sacr\u00e9e.<\/p>\n<p>Dans le m\u00eame ordre d\u2019id\u00e9es, le Gouvernement veillera \u00e0 s\u2019ouvrir aux partenaires de l\u2019action \u00e9ducative, pour les faire participer effectivement \u00e0 la conception, au suivi et \u00e0 l\u2019\u00e9valuation. Dans ce cadre, le r\u00f4le des associations de parents d\u2019\u00e9l\u00e8ves sera op\u00e9rationnalis\u00e9, ainsi que celui des comit\u00e9s de gestion des \u00e9coles, des unions d\u2019\u00e9tudiants et des syndicats professionnels.<\/p>\n<p>Et pour renforcer la place particuli\u00e8re de notre enseignement originel et son r\u00f4le \u00e9minent dans l\u2019enracinement de notre culture islamique et de notre identit\u00e9 civilisationnelle, ainsi que dans la pr\u00e9servation de notre sp\u00e9cificit\u00e9 historique de centre de rayonnement scientifique et culturel, le Gouvernement accordera une grande importance \u00e0 cette composante fondamentale de notre syst\u00e8me \u00e9ducatif. Cela se concr\u00e9tisera par la valorisation du r\u00f4le de l\u2019enseignement originel dans la g\u00e9n\u00e9ralisation de l\u2019enseignement pr\u00e9scolaire, l\u2019augmentation du soutien aux Mahadra et \u00e0 leurs cheikhs, tout en \u0153uvrant \u00e0 la mise en place de passerelles solides entre les diff\u00e9rents niveaux de l\u2019enseignement originel et leurs correspondants dans l\u2019enseignement conventionnel.<\/p>\n<p>Consid\u00e9rant, comme \u00e9tabli pr\u00e9c\u00e9demment, que la fluide insertion dans la vie professionnelle constitue l\u2019un des principaux objectifs des syst\u00e8mes d\u2019enseignement, le Gouvernement fera de la promotion de l\u2019enseignement sup\u00e9rieur et de la formation professionnelle un objectif central dans sa politique \u00e9ducative. Cela se traduira par l\u2019\u00e9largissement et la diversification de l\u2019offre de formation dans les \u00e9tablissements d\u2019enseignement sup\u00e9rieur et de formation professionnelle, avec le souci constant de l\u2019adapter aux besoins du march\u00e9. Dans ce cadre, le Gouvernement envisage, \u00e0 l\u2019horizon 2029, d\u2019augmenter la capacit\u00e9 d\u2019accueil des \u00e9tablissements nationaux d\u2019enseignement sup\u00e9rieur de pour atteindre 50.000 \u00e9tudiants. De m\u00eame, il envisage, dans le m\u00eame horizon, la formation de 115.000 jeunes dans les \u00e9tablissements de formation technique.<\/p>\n<p>Par ailleurs, la cr\u00e9ation d\u2019un nouveau d\u00e9partement minist\u00e9riel qui associe l\u2019artisanat \u00e0 la formation professionnelle, t\u00e9moigne de l\u2019int\u00e9r\u00eat qu\u2019accorde le Gouvernement \u00e0 ce sous-secteur, qui conjugue la dimension de pr\u00e9servation de notre patrimoine authentique et celle de contribution \u00e0 l\u2019activit\u00e9 \u00e9conomique et industrielle.<\/p>\n<p>Le Gouvernement poursuivra, par ailleurs, les efforts visant \u00e0 mettre en place un syst\u00e8me sanitaire efficace qui profite \u00e0 tous les citoyens, \u00e0 travers, notamment :<\/p>\n<p>\u2013 L\u2019\u00e9largissement des infrastructures sanitaires et leur d\u00e9veloppement par le renforcement des plateaux techniques, d\u2019un minimum de forfaits sanitaires et d\u2019\u00e9quipements pour chaque niveau des installations sanitaires,<\/p>\n<p>\u2013 Le d\u00e9veloppement continu des p\u00f4les d\u2019excellence au niveau national et la cr\u00e9ation d\u2019h\u00f4pitaux de r\u00e9f\u00e9rence au niveau r\u00e9gional ;<\/p>\n<p>\u2013 Le lancement d\u2019un vaste programme d\u2019appui \u00e0 la sant\u00e9 de base et \u00e0 la sant\u00e9 pr\u00e9ventive, en vue de r\u00e9duire les disparit\u00e9s sanitaires entre les milieux urbain et rural, sur la base d\u2019une carte sanitaire pr\u00e9par\u00e9e de fa\u00e7on objective ;<\/p>\n<p>\u2013 La mise en place d\u2019un syst\u00e8me d\u2019approvisionnement s\u00fbr et efficace pour garantir la disponibilit\u00e9 des m\u00e9dicaments essentiels et des consommables m\u00e9dicaux de haute qualit\u00e9. Dans ce cadre, le Gouvernement lancera une guerre sans merci contre les trafiquants et sp\u00e9culateurs sur les prix et la qualit\u00e9 des m\u00e9dicaments. Le Gouvernement n\u2019acceptera pas, quelles que soient les circonstances, de laisser compromettre la sant\u00e9 des citoyens, car il n\u2019y a en v\u00e9rit\u00e9 pas de sant\u00e9 avec des m\u00e9dicaments non conformes, falsifi\u00e9s, ou p\u00e9rim\u00e9s ;<\/p>\n<p>\u2013 Le renforcement des syst\u00e8mes de veille \u00e9pid\u00e9miologique \u00e0 travers le d\u00e9veloppement de meilleurs m\u00e9canismes de pr\u00e9vision, de pr\u00e9vention et de r\u00e9ponse rapide et efficace aux situations d\u2019urgence sanitaire ;<\/p>\n<p>\u2013 L\u2019\u00e9largissement de la couverture d\u2019assurance maladie, en vue de sa g\u00e9n\u00e9ralisation par l\u2019accroissement des services de la CNASS et de la CNAM ;<\/p>\n<p>\u2013 Le d\u00e9veloppement et le renforcement de la formation initiale et continue des personnels m\u00e9dicaux, en donnant la priorit\u00e9 \u00e0 l\u2019am\u00e9lioration de leurs conditions morales et mat\u00e9rielles.<\/p>\n<p>Monsieur le Pr\u00e9sident de l\u2019Assembl\u00e9e Nationale,<\/p>\n<p>Mesdames et Messieurs les Honorables D\u00e9put\u00e9s,<\/p>\n<p>Tout ce que le Gouvernement a adopt\u00e9 comme objectifs, pr\u00e9par\u00e9 comme politiques dans le domaine de la promotion du capital humain en termes d\u2019enseignement et de formation, dans sa recherche de provoquer un changement structurel qui m\u00e8ne \u00e0 des taux de croissance \u00e9conomique \u00e9lev\u00e9s, vise \u00e0 la r\u00e9solution de la probl\u00e9matique de l\u2019emploi et \u00e0 la lutte contre le ch\u00f4mage des jeunes, qui annihile toutes les forces de notre jeunesse, et l\u2019emp\u00eache de participer \u00e0 l\u2019effort de d\u00e9veloppement national.<\/p>\n<p>Il est vrai, certes, que ce travail a besoin d\u2019\u00eatre renforc\u00e9 par tout ce qui peut aider \u00e0 l\u2019auto-emploi comme accompagnement, orientation et gestion des financements n\u00e9cessaires, et le Gouvernement s\u2019y attellera r\u00e9solument. Cependant nous devons \u0153uvrer efficacement pour changer les mentalit\u00e9s comportements r\u00e9pandus au sein de notre jeunesse et qui sont contraires \u00e0 la culture de valorisation du travail, du respect des m\u00e9tiers dans leur diversit\u00e9 et \u00e0 la glorification de la rigueur et de la pers\u00e9v\u00e9rance.<\/p>\n<p>Notre jeunesse est \u00e0 la fois notre ressource et notre force, pour le pr\u00e9sent comme pour l\u2019avenir \u2013 comme l\u2019a dit SEM le Pr\u00e9sident de la R\u00e9publique, qui entend faire de son second mandat un mandat par les jeunes et pour les jeunes.<\/p>\n<p>C\u2019est pour cela que l\u2019autonomisation des jeunes ainsi que l\u2019emploi viennent \u00e0 la t\u00eate des priorit\u00e9s du Gouvernement ; et que nous travaillerons pour acc\u00e9l\u00e9rer la mise en \u0153uvre de la strat\u00e9gie nationale de l\u2019emploi (2019-2030), \u00e0 travers son plan d\u2019action triennal (2025-2027).<\/p>\n<p>C\u2019est pour cela que l\u2019autonomisation des jeunes et l\u2019emploi viennent \u00e0 la t\u00eate des priorit\u00e9s du Gouvernement ; et que nous travaillerons pour acc\u00e9l\u00e9rer la mise en \u0153uvre de la strat\u00e9gie nationale de l\u2019emploi (2019-2030), \u00e0 travers son plan d\u2019action triennal (2025-2027).<\/p>\n<p>Et, en plus des politiques et des mesures programm\u00e9es dans le cadre des axes relatifs \u00e0 l\u2019\u00e9conomie et au capital humain, et qui font partie int\u00e9grante de la strat\u00e9gie nationale de l\u2019emploi, le Gouvernement compte lancer un ensemble de programmes qui se compl\u00e8tent dans leur objectif de cr\u00e9er le plus d\u2019emploi possibles au profit des diff\u00e9rentes cat\u00e9gories de nos jeunes au ch\u00f4mage. Ainsi, de grands projets pourvoyeurs d\u2019opportunit\u00e9s d\u2019emplois seront lanc\u00e9s dans plusieurs secteurs, comme l\u2019agriculture, la p\u00eache, l\u2019\u00e9levage, les mines et les services.<\/p>\n<p>Par ailleurs, et eu \u00e9gard \u00e0 la grande place qu\u2019occupe le sport dans les politiques d\u2019autonomisation visant plus d\u2019efficacit\u00e9, il devient crucial d\u2019investir dans les infrastructures sportives telles que les stades, les salles de sport et autres espaces sportifs pour encourager la pratique sportive \u00e0 tous les niveaux.<\/p>\n<p>De m\u00eame, les capitales r\u00e9gionales et d\u00e9partementales seront progressivement \u00e9quip\u00e9es d\u2019infrastructures sportives modernes, et un plan d\u2019appui aux acad\u00e9mies sportives et au d\u00e9veloppement des talents et activit\u00e9s de jeunes sera mis en \u0153uvre ; ainsi que l\u2019\u00e9laboration d\u2019une \u00e9tude pour la cr\u00e9ation et le financement d\u2019un fonds national de d\u00e9veloppement du sport, et une autre pour la construction des infrastructures n\u00e9cessaires \u00e0 l\u2019organisation de comp\u00e9titions sportives continentales, \u00e0 commencer par la coupe d\u2019Afrique des nations.<\/p>\n<p>Pour renforcer tous les aspects de l\u2019autonomisation des jeunes, le Gouvernement s\u2019efforcera d\u2019introduire un service civique, en \u00e9tablissant les cadres r\u00e9glementaires qui tiennent compte des sp\u00e9cificit\u00e9s de notre pays et de notre jeunesse. Dans ce contexte, un programme pilote sera lanc\u00e9 au cours de cette ann\u00e9e qui permettra la mobilisation de centaines de jeunes volontaires.<\/p>\n<p>Ce service civique offrira \u00e0 des milliers de jeunes l\u2019opportunit\u00e9 de participer \u00e0 des activit\u00e9s d\u2019utilit\u00e9 publique au service de la collectivit\u00e9.<\/p>\n<p>Et comme l\u2019autonomisation des jeunes devra \u00eatre solidement enracin\u00e9e dans notre identit\u00e9 islamique, civilisationnelle et culturelle, le Gouvernement s\u2019engage \u00e0 mettre en place des strat\u00e9gies sectorielles visant \u00e0 promouvoir les r\u00f4les que devront jouer les secteurs des affaires islamiques, de la culture et des arts dans ce cadre.<\/p>\n<p>Notre discours \u00e0 propos de la jeunesse se rapporte \u00e0 toute notre jeunesse, y compris ceux de la diaspora. C\u2019est pourquoi le Gouvernement travaillera \u00e0 trouver les meilleurs m\u00e9canismes permettant \u00e0 notre pays de tirer profit du dynamisme de ses filles et ses fils qui sont parvenus, par leur ambition, leur s\u00e9rieux et leur exp\u00e9rience \u00e0 construire leur vie \u00e0 l\u2019\u00e9tranger tout en restant attach\u00e9s \u00e0 leur pays et pr\u00eats \u00e0 contribuer \u00e0 sa construction.<\/p>\n<p>Et parmi les principales conditions pour le succ\u00e8s des diff\u00e9rents axes de la politique Gouvernementale en mati\u00e8re d\u2019autonomisation des jeunes, figure leur immunisation et s\u00e9curisation contre les fl\u00e9aux les plus dangereux de l\u2019\u00e8re moderne que sont l\u2019extr\u00e9misme, le terrorisme et la drogue. Si notre approche en mati\u00e8re de lutte contre l\u2019extr\u00e9misme et le terrorisme a prouv\u00e9 sa pertinence dans une large mesure, il n\u2019en demeure pas moins vrai que nous avons encore besoin de programmes plus efficaces face au fl\u00e9au de la drogue et de la d\u00e9pendance, et c\u2019est ce que le Gouvernement prendra en consid\u00e9ration \u00e0 tous les niveaux en rapport avec ce fl\u00e9au.<\/p>\n<p>En outre, le Gouvernement mettra en t\u00eate de ses priorit\u00e9s la redynamisation du secteur des affaires islamiques en vue de lui permettre de jouer son r\u00f4le d\u2019orientation, de conseil et de pr\u00e9servation du caract\u00e8re sacr\u00e9 des rites islamiques. Il s\u2019att\u00e8lera en particulier \u00e0 lancer les r\u00e9formes permettant \u00e0 la mosqu\u00e9e de jouer pleinement son r\u00f4le, au Beyt-Maal-Zakat de remplir la mission pour laquelle il a \u00e9t\u00e9 cr\u00e9\u00e9 et \u00e0 l\u2019institution du Waghf de se d\u00e9velopper.<\/p>\n<p>Pour ce qui est de la culture et des arts, les efforts du Gouvernement se concentreront sur la r\u00e9gulation et le d\u00e9veloppement de l\u2019action culturelle, sur l\u2019installation d\u2019un climat propice \u00e0 la cr\u00e9ativit\u00e9 en vue d\u2019enraciner notre identit\u00e9 culturelle et sur la r\u00e9alisation et le d\u00e9veloppement du leadership. Il mettra en \u0153uvre une strat\u00e9gie culturelle qui contribue au renforcement de l\u2019unit\u00e9 nationale et de la coh\u00e9sion sociale, \u00e0 la valorisation des cultures locales et des valeurs de citoyennet\u00e9, \u00e0 travers le d\u00e9veloppement et la modernisation des diff\u00e9rents domaines culturels.<\/p>\n<p>Monsieur le Pr\u00e9sident de l\u2019Assembl\u00e9e Nationale,<\/p>\n<p>Mesdames et Messieurs les Honorables D\u00e9put\u00e9s,<\/p>\n<p>L\u2019ensemble des axes de cette politique publique ne peut se r\u00e9aliser de la mani\u00e8re requise et souhait\u00e9e que dans le cadre d\u2019une s\u00e9curit\u00e9 et d\u2019une stabilit\u00e9 fortement ancr\u00e9es, ainsi que d\u2019unit\u00e9 nationale et d\u2019une coh\u00e9sion sociale fortes et compl\u00e9mentaires.<\/p>\n<p>Aussi, l\u2019axe relatif \u00e0 la s\u00e9curit\u00e9, \u00e0 la stabilit\u00e9 et \u00e0 la pr\u00e9sence au niveau international et r\u00e9gional va constituer la priorit\u00e9 du Gouvernement pour consolider la construction d\u2019un \u00c9tat fort, capable d\u2019affronter les d\u00e9fis g\u00e9opolitiques particuli\u00e8rement aigus eu \u00e9gard \u00e0 l\u2019instabilit\u00e9, \u00e0 la violence, au terrorisme et aux guerres qui marquent notre environnement sous-r\u00e9gional et international et qui font perdre les opportunistes de d\u00e9veloppement et menacent en profondeur l\u2019existence des \u00c9tats.<\/p>\n<p>Sur cette base, le Gouvernement accordera une attention extr\u00eame \u00e0 la traduction effective de tous les aspects de notre strat\u00e9gie s\u00e9curitaire int\u00e9gr\u00e9e, d\u00e9finie par SEM le Pr\u00e9sident de la R\u00e9publique Mohamed Ould Cheikh Ghazouani, \u00e0 travers la consolidation des acquis en la mati\u00e8re, notamment le renforcement des capacit\u00e9s de nos forces arm\u00e9es \u00e0 d\u00e9fendre la s\u00e9curit\u00e9 int\u00e9rieure et ext\u00e9rieure de notre pays.<\/p>\n<p>A cet effet, le Gouvernement entend pr\u00e9parer et mettre en \u0153uvre une loi de programmation financi\u00e8re qui permette de renforcer les capacit\u00e9s et l\u2019op\u00e9rationnalit\u00e9 de nos forces arm\u00e9es et de s\u00e9curit\u00e9 \u00e0 travers l\u2019acquisition d\u2019\u00e9quipement modernes et adapt\u00e9s aux sp\u00e9cificit\u00e9s des nouveaux d\u00e9fis.<\/p>\n<p>Par ailleurs \u00e9tant donn\u00e9 que la migration induit des d\u00e9fis importants sur les plans s\u00e9curitaire, \u00e9conomique et humain, le Gouvernement lui accordera une importance particuli\u00e8re qui se traduira par l\u2019\u00e9laboration et l\u2019ex\u00e9cution d\u2019une strat\u00e9gie efficace visant \u00e0 lutter contre ses aspects irr\u00e9guliers et \u00e0 encadrer ses aspects l\u00e9gaux.<\/p>\n<p>Et en d\u00e9pit de notre souci de respecter les conventions qui nous lient aux pays fr\u00e8res et amis ainsi que nos engagements internationaux, nous combattrons avec fermet\u00e9 tout ce qui peut porter atteinte \u00e0 notre s\u00e9curit\u00e9, notre culture et nos modes de vie.<\/p>\n<p>D\u2019autre part, le Gouvernement poursuivra sa politique ext\u00e9rieure dynamique fond\u00e9e sur les principes du respect mutuel et de bon voisinage, de relations de fraternit\u00e9 et d\u2019amiti\u00e9 et de coop\u00e9ration constructive, et de contribution \u00e0 l\u2019instauration de la paix et de la stabilit\u00e9 dans la sous-r\u00e9gion et dans le monde, ainsi que la d\u00e9fense des causes justes, avec \u00e0 leur t\u00eate la cause palestinienne. Tout cela en continuant \u00e0 renforcer le r\u00f4le leader de la Mauritanie au sein de l\u2019Union Africaine, de la Ligue Arabe, de l\u2019Organisation de la Conf\u00e9rence Islamique, ainsi que l\u2019affermissement de ses relations avec l\u2019ensemble des pays, en particulier ceux de notre voisinage, auxquels nous lient des relations historiques, culturelles et \u00e9conomiques anciennes et bien \u00e9tablies.<\/p>\n<p>Cela pour ce qui est de la s\u00e9curit\u00e9. Quant \u00e0 l\u2019axe relatif \u00e0 l\u2019unit\u00e9 nationale et la coh\u00e9sion sociale, nous avons d\u00e9j\u00e0 dit que les Mauritaniens constituent un peuple uni par l\u2019appartenance \u00e0 une m\u00eame foi religieuse int\u00e9grative, par une histoire partag\u00e9e, un devenir commun et un avenir prometteur.<\/p>\n<p>A cet effet, le Gouvernement travaillera sur deux fronts principaux : au niveau du premier front, il s\u2019att\u00e8lera \u00e0 l\u2019\u00e9limination des r\u00e9sidus des mentalit\u00e9s r\u00e9trogrades, des faux st\u00e9r\u00e9otypes entretenus et la stratification imaginaire \u00e0 travers l\u2019enracinement des valeurs et principes du discours de Ouadane et de la d\u00e9claration de Djeol et leur traduction en plans d\u2019actions dont les diff\u00e9rents axes s\u2019int\u00e8grent dans la lutte contre le tribalisme, le sectarisme, le radicalisme communautaire et de classe et la discrimination, quel que soit son fondement. Dans ce cadre, le Gouvernement \u0153uvrera \u00e0 assurer une participation efficace des oul\u00e9mas, des intellectuels, des leaders d\u2019opinion et de la soci\u00e9t\u00e9 civile pour gagner cette bataille intellectuelle et sociale. Et pr\u00e9alablement, il renforcera la primaut\u00e9 de la loi, l\u2019\u00e9galit\u00e9 des citoyens devant elle en dignit\u00e9, en devoirs et en droits. Le Gouvernement \u0153uvrera aussi \u00e0 trouver les formes ad\u00e9quates pour soigner d\u00e9finitivement les plaies du passif humanitaire.<\/p>\n<p>Sur le deuxi\u00e8me front, les efforts se concentreront sur l\u2019\u00e9limination des disparit\u00e9s \u00e9conomiques flagrantes et ce qui en r\u00e9sulte comme distorsions dans le partage des richesses et des opportunit\u00e9s, et sur la disponibilisation des services de base, tels que l\u2019eau, l\u2019\u00e9lectricit\u00e9 et le d\u00e9senclavement. Cela se fera \u00e0 travers la poursuite des diff\u00e9rents programmes sociaux qui ciblent les citoyens aux plus bas revenus, en veillant \u00e0 leur compl\u00e9mentarit\u00e9 et \u00e0 l\u2019\u00e9quit\u00e9 de leurs crit\u00e8res de ciblage.<\/p>\n<p>L\u2019accent sera \u00e9galement mis sur l\u2019autonomisation des femmes afin qu\u2019elles puissent jouer pleinement leur r\u00f4le de leadership \u00e9conomique, social et politique.<\/p>\n<p>Dans ce cadre, les programmes de la D\u00e9l\u00e9gation G\u00e9n\u00e9rale \u00e0 la Solidarit\u00e9 Nationale et \u00e0 la Lutte Contre l\u2019Exclusion (Taazour) et des autres entit\u00e9s Gouvernementales intervenant dans ce domaine seront \u00e9valu\u00e9s et r\u00e9orient\u00e9s en vue de maximiser leur impact positif sur les citoyens cibles. Toujours dans ce cadre, le Registre Social sera r\u00e9vis\u00e9, et les programmes Temwine, El-Baraka et Dari r\u00e9organis\u00e9s ; tout comme seront renforc\u00e9s les programmes ex\u00e9cut\u00e9s au b\u00e9n\u00e9fice des personnes vivant avec handicap ou maladies chroniques.<\/p>\n<p>Le Gouvernement continuera \u00e9galement \u00e0 renforcer l\u2019opportunit\u00e9 d\u2019acc\u00e8s des enfants des familles inscrites au registre social aux \u00e9coles d\u2019excellence, en abaissant le seuil exig\u00e9 pour leur acceptation, et la mise en place de programmes d\u2019encadrement et d\u2019appui scolaire sp\u00e9cifiques \u00e0 leur profit.<\/p>\n<p>Le Gouvernement veillera aussi \u00e0 garantir la transparence et l\u2019\u00e9galit\u00e9 des chances dans tous les concours de recrutement organis\u00e9s par l\u2019\u00c9tat ou les \u00e9tablissements publics, et accordera la priorit\u00e9 aux jeunes issus de familles \u00e0 bas revenus, dans tous les programmes d\u2019auto-emploi et le financement de petites et moyennes entreprises.<\/p>\n<p>Quant \u00e0 la disponibilit\u00e9 des services de base, particuli\u00e8rement dans les domaines de l\u2019eau et de l\u2019assainissement, de l\u2019\u00e9lectricit\u00e9, du transport urbain et du d\u00e9senclavement, le premier chantier sera consacr\u00e9 \u00e0 la r\u00e9forme compl\u00e8te et profonde de la Somelec et de la SNDE en vue de les rendre capables, de fa\u00e7on permanente, d\u2019assurer les services d\u2019eau et d\u2019\u00e9lectricit\u00e9 \u00e0 tous les citoyens.<\/p>\n<p>Le Gouvernement s\u2019attellera, dans ce cadre, \u00e0 l\u2019\u00e9largissement et \u00e0 la r\u00e9habilitation du r\u00e9seau \u00e9lectrique, \u00e0 l\u2019augmentation de la production en doublant le mix \u00e9nerg\u00e9tique et \u00e0 la modernisation de la gestion administrative, financi\u00e8re et commerciale de la soci\u00e9t\u00e9, ainsi qu\u2019\u00e0 la lutte contre la fraude dans les raccordements au r\u00e9seau et dans la facturation.<\/p>\n<p>De fa\u00e7on sp\u00e9cifique, la construction de la ligne \u00e9lectrique Nouakchott N\u00e9ma sera lanc\u00e9e, ainsi que la construction de deux centrales \u00e9lectriques au gaz, dont l\u2019une \u00e0 Ndiago aliment\u00e9e \u00e0 partir du champ GTA et l\u2019autre aliment\u00e9e \u00e0 partir du champ de Banda, et plusieurs stations solaires.<\/p>\n<p>Les travaux des projets en cours d\u2019ex\u00e9cution seront acc\u00e9l\u00e9r\u00e9s, notamment ceux de la connexion de plusieurs dizaines de villes et de villages au r\u00e9seau \u00e9lectrique.<\/p>\n<p>En mati\u00e8re d\u2019hydraulique, la priorit\u00e9 sera donn\u00e9e \u00e0 la s\u00e9curisation de l\u2019alimentation de Nouakchott \u00e0 partir de sources diff\u00e9rentes (Aftout Sahili, Idini et dessalement de l\u2019eau de mer), ainsi que l\u2019approvisionnement de la ville de Nouadhibou. Le Gouvernement s\u2019att\u00e8lera aussi au lancement d\u2019un large programme dans toutes les localit\u00e9s de plus de 500 habitants, en donnant la priorit\u00e9 aux capitales r\u00e9gionales et aux grandes villes souffrants actuellement de d\u00e9ficit en eau potable.<\/p>\n<p>Dans le domaine des transports, le Gouvernement continuera les programmes de d\u00e9veloppement du secteur notamment \u00e0 travers l\u2019Autorit\u00e9 de R\u00e9gulation et d\u2019Organisation des Transports Routiers. En mati\u00e8re de transport urbain, l\u2019ex\u00e9cution du programme de mobilit\u00e9 de Nouakchott sera acc\u00e9l\u00e9r\u00e9e et il r\u00e9servera des axes au d\u00e9placement de bus modernes. Le Gouvernement travaillera \u00e0 moderniser les flottes de transport urbain dans les grandes villes ; \u00e0 lancer une \u00e9tude de faisabilit\u00e9 pour la construction de lignes de tramway \u00e0 Nouakchott et \u00e0 Nouadhibou, et entamera leur mise en place si leur faisabilit\u00e9 se confirme.<\/p>\n<p>Conscient des probl\u00e8mes d\u2019enclavement de certaines villes et de certaines zones vitales du pays, le Gouvernement lancera un programme \u00e0 court et moyen terme visant \u00e0 les relier au r\u00e9seau routier national.<\/p>\n<p>Monsieur le Pr\u00e9sident de l\u2019Assembl\u00e9e Nationale,<\/p>\n<p>Mesdames et Messieurs les Honorables D\u00e9put\u00e9s,<\/p>\n<p>Telles sont les grandes lignes de la politique g\u00e9n\u00e9rale que le Gouvernement compte mettre en \u0153uvre, en application des directives de SEM le Pr\u00e9sident de la R\u00e9publique pour traduire son ambition pour la patrie.<\/p>\n<p>Les diff\u00e9rents axes de cette politique g\u00e9n\u00e9rale seront d\u00e9clin\u00e9s en strat\u00e9gies sectorielles, avec des objectifs d\u00e9finis, des plans d\u2019actions d\u00e9taill\u00e9s assortis d\u2019indicateurs de suivi pr\u00e9cis et mesurables, qui vous seront pr\u00e9sent\u00e9s, conform\u00e9ment \u00e0 la constitution, au d\u00e9but de chaque ann\u00e9e.<\/p>\n<p>Le Gouvernement s\u2019attellera \u00e0 mobiliser les ressources financi\u00e8res internes et externes n\u00e9cessaires \u00e0 la mise en \u0153uvre efficace des diff\u00e9rentes strat\u00e9gies et plans d\u2019action sectoriels. Dans ce cadre, il s\u2019empressera de pr\u00e9parer une table ronde avec la participation de tous nos partenaires au d\u00e9veloppement au cours du premier trimestre de l\u2019ann\u00e9e prochaine, si Allah le veut. Un plan d\u2019action global sera \u00e9galement \u00e9labor\u00e9 et mis en \u0153uvre pour mobiliser les ressources internes, suivant les marges permises par le cadre macro\u00e9conomique qui pr\u00e9serve les grands \u00e9quilibres.<\/p>\n<p>Et en attendant la pr\u00e9paration des politiques sectorielles et la mobilisation des ressources financi\u00e8res n\u00e9cessaires, les priorit\u00e9s de l\u2019action du Gouvernement se concentreront, pour les mois restants de l\u2019ann\u00e9e en cours, sur les cinq chantiers essentiels suivants :<\/p>\n<p>1. Acc\u00e9l\u00e9ration de l\u2019ex\u00e9cution des grands projets en cours de mise en \u0153uvre ;<\/p>\n<p>2. Lev\u00e9e des obstacles qui emp\u00eachent ou ralentissent le lancement des autres projets dont les ressources ont \u00e9t\u00e9 mobilis\u00e9es ;<\/p>\n<p>3. Conception et lancement de programmes prioritaires d\u2019am\u00e9lioration des conditions de vie des citoyens ;<\/p>\n<p>4. Participation des citoyens au suivi et au contr\u00f4le de l\u2019action du Gouvernement ;<\/p>\n<p>5. Lancement de certaines \u00e9tudes n\u00e9cessaires \u00e0 l\u2019ex\u00e9cution des r\u00e9formes strat\u00e9giques cit\u00e9es dans la pr\u00e9sente d\u00e9claration de politique g\u00e9n\u00e9rale.<\/p>\n<p>Le d\u00e9tail des activit\u00e9s programm\u00e9es au niveau des diff\u00e9rents chantiers sera comme suit :<\/p>\n<p>Au niveau du premier chantier, le Gouvernement va acc\u00e9l\u00e9rer le travail et lever les obstacles qui s\u2019opposent \u00e0 la finalisation de certains grands projets, en vue de leur r\u00e9ception avant la fin de l\u2019ann\u00e9e et de leur mise en service au profit des citoyens. Les principaux projets sont :<\/p>\n<p>1. Remise en service de la soci\u00e9t\u00e9 mauritanienne de produits laitiers de N\u00e9ma,<\/p>\n<p>2. Finalisation, \u00e9quipement et mise en service de la ferme laiti\u00e8re pilote de Timb\u00e9dra<\/p>\n<p>3. Mise en service de la station de dessalement d\u2019eau de mer de Nouadhibou d\u2019une capacit\u00e9 de 5000 m\u00e8tres cubes\/jour,<\/p>\n<p>4. R\u00e9ception du village artisanal de Nouakchott,<\/p>\n<p>5. Finalisation des travaux du pont du carrefour Madrid et sa mise en service,<\/p>\n<p>6. Finalisation du pont Haye Saken et sa mise en service,<\/p>\n<p>7. Lancement du programme de transport urbain Mobilit\u00e9 de Nouakchott, au niveau de deux axes principaux, au moins,<\/p>\n<p>8. R\u00e9ception de l\u2019usine de traitement de d\u00e9chets et assainissement du march\u00e9 de poisson et sa mise en service,<\/p>\n<p>9. R\u00e9ception de l\u2019extension du centre hospitalier national,<\/p>\n<p>10. \u00c9quipement et mise en service de l\u2019h\u00f4pital de S\u00e9libaby,<\/p>\n<p>11. R\u00e9ception de l\u2019extension du centre national des sp\u00e9cialit\u00e9s et sa mise en service,<\/p>\n<p>12. Finalisation du projet d\u2019\u00e9lectrification des zones de production agricole dans la vall\u00e9e,<\/p>\n<p>13. \u00c9quipement et mise en service de la nouvelle prison de Nouakchott Sud en vue de r\u00e9gler le probl\u00e8me du surpeuplement carc\u00e9ral.<\/p>\n<p>Quant au deuxi\u00e8me chantier, la conjugaison des efforts permettra la pose de la premi\u00e8re pierre de certains projets importants dont les financements ont \u00e9t\u00e9 mobilis\u00e9s. Il s\u2019agit de :<\/p>\n<p>1. La premi\u00e8re composante du projet d\u2019assainissement de la ville de Nouakchott,<\/p>\n<p>2. Les composantes 1 et 2 du projet d\u2019alimentation en eau potable de la ville de Kiffa,<\/p>\n<p>3. Le projet de renforcement et de s\u00e9curisation de l\u2019alimentation de Nouakchott en eau potable \u00e0 partir de Idini (60.000 m3\/jour),<\/p>\n<p>4. Le projet de d\u00e9senclavement des p\u00e9rim\u00e8tres agricoles de l\u2019Aftout Sahili par la construction d\u2019une nouvelle route reliant le canal a la route Nouakchott-Rosso,<\/p>\n<p>5. Le projet de construction des r\u00e9servoirs de stockage d\u2019hydrocarbures \u00e0 Nouakchott d\u2019une capacit\u00e9 de 100.000 m3.<\/p>\n<p>6. Le lancement de la construction d\u2019un nouveau restaurant universitaire pour 2000 \u00e9tudiants,<\/p>\n<p>7. Le lancement de la deuxi\u00e8me phase du programme de couverture des zones frontali\u00e8res par les r\u00e9seaux de communication, sur la bande entre Ould Yenge et Vassala.<\/p>\n<p>Dans le cadre du troisi\u00e8me chantier, le Gouvernement pr\u00e9parera et ex\u00e9cutera une s\u00e9rie de programmes d\u2019intervention rapide, et entreprendra plusieurs mesures d\u2019urgence, en vue d\u2019am\u00e9liorer les conditions de vie et d\u2019habitat de nos concitoyens, en particulier ceux ayant un faible revenu, \u00e0 travers la mobilisation de toutes les capacit\u00e9s et les marges de man\u0153uvre disponibles, en attendant le d\u00e9but de l\u2019ex\u00e9cution des politiques g\u00e9n\u00e9rales expos\u00e9es ci-haut.<\/p>\n<p>Parmi les principaux projets on peut citer :<\/p>\n<p>1. Le programme prioritaire de stabilisation, de r\u00e9duction et d\u2019appui aux prix des denr\u00e9es de base (bl\u00e9, riz, sucre, huiles, viandes et ciment). Ceci se fera essentiellement \u00e0 travers la surveillance des stocks des denr\u00e9es essentielles sur le march\u00e9 et la lutte contre la sp\u00e9culation et le monopole, et la fixation d\u2019un prix plafond qui prend en consid\u00e9ration les prix de revient et des marges de b\u00e9n\u00e9fice raisonnables, prix qui sera actualis\u00e9 r\u00e9guli\u00e8rement.<\/p>\n<p>La sp\u00e9culation des prix des produits de base et leur monopole ne seront pus tol\u00e9r\u00e9s, et le Gouvernement r\u00e9primera tout celui tentera d\u2019augmenter sa marge de b\u00e9n\u00e9fice au d\u00e9triment du citoyen. Nous esp\u00e9rons et nous sommes confiants dans la coop\u00e9ration et l\u2019accompagnement des professionnels du secteur du commerce pour r\u00e9aliser cet objectif.<br \/>\nJe tiens ici \u00e0 saluer le travail grandiose qui a abouti aujourd\u2019hui \u00e0 un accord consistant \u00e0 fixer les prix des mati\u00e8res premi\u00e8res tout au long des mois restants de l\u2019ann\u00e9e, sachant que ces prix seront renouvel\u00e9s au d\u00e9but de l\u2019ann\u00e9e prochaine. Ce travail constitue un mod\u00e8le \u00e0 suivre de ce que peut donner le partenariat et la confiance entre le gouvernement et le secteur priv\u00e9. Parall\u00e8lement \u00e0 cela, le gouvernement proc\u00e8dera \u00e0 l\u2019op\u00e9rationnalisation du programme Temwin \u00e0 travers l\u2019augmentation des quantit\u00e9s et la garantie de leur mise \u00e0 disposition des citoyens.<\/p>\n<p>2. L\u2019assurance maladie au profit de tous les \u00e9tudiants de l\u2019enseignement sup\u00e9rieur.<\/p>\n<p>3. Le programme pilote de formation et d\u2019auto-emploi qui profitera \u00e0 500 jeunes dont 200 seront ins\u00e9r\u00e9s dans le secteur agricole,<\/p>\n<p>4. Le programme pilote du service civique avec la participation de 500 jeunes,<\/p>\n<p>5. Le programme d\u2019urgence d\u2019am\u00e9lioration de la qualit\u00e9 et de la couverture des communications, en exigeant des op\u00e9rateurs le respect de leurs cahiers des charges et les investissements n\u00e9cessaires pour garantir la couverture et les services de qualit\u00e9 dans certaines zones, un accord a \u00e9t\u00e9 conclu avec certains op\u00e9rateurs de t\u00e9l\u00e9communications au sujet d\u2019un programme d\u00e9fini pour am\u00e9liorer la qualit\u00e9 et la couverture du service et dont la premi\u00e8re phase prend fin le 22 septembre 2024. Aucune complaisance ne sera observ\u00e9e en cas de non-respect de cet accord.<\/p>\n<p>6. Le programme pilote : \u00ab Nouakchott ville facile \u00e0 vivre \u00bb. Il s\u2019agit d\u2019un programme exp\u00e9rimental \u00e0 lancer dans les neuf communes de Nouakchott et qui vise \u00e0 conjuguer les efforts de tous les d\u00e9partements minist\u00e9riels en vue de r\u00e9soudre les probl\u00e8mes les plus aigus que vivent les populations des diff\u00e9rents quartiers de la capitale. Ce programme sera pr\u00e9par\u00e9 et mis en \u0153uvre de fa\u00e7on participative entre les diff\u00e9rents d\u00e9partements concern\u00e9s, l\u2019administration territoriale et les \u00e9lus et comportera une composante de volontariat,<\/p>\n<p>7. Le programme d\u2019urgence de d\u00e9senclavement de certaines zones et villages. Il s\u2019agira de pr\u00e9parer un programme d\u2019urgence, \u00e0 lancer avant la fin de l\u2019ann\u00e9e, qui vise \u00e0 all\u00e9ger les souffrances de certains villages et localit\u00e9s enclav\u00e9s et zones de production,<\/p>\n<p>8. Le programme d\u2019urgence de restructuration de la Somelec. Il comportera deux composantes essentielles dont la premi\u00e8re sera ex\u00e9cut\u00e9e \u00e0 court terme (3 mois) et la deuxi\u00e8me dans un an. Il vise \u00e0 r\u00e9habiliter, r\u00e9former et \u00e9tendre le r\u00e9seau \u00e9lectrique \u00e0 Nouakchott et \u00e0 augmenter le niveau de production d\u2019\u00e9nergie \u00e9lectrique et la lutte contre la fraude et la mise en \u0153uvre d\u2019une r\u00e9forme institutionnelle, administrative et financi\u00e8re int\u00e9grale de la soci\u00e9t\u00e9,<\/p>\n<p>9. Le programme d\u2019urgence d\u2019organisation de la circulation et de la limitation des embouteillages \u00e0 Nouakchott. Il vise \u00e0 mettre fin aux embouteillages \u00e0 Nouakchott et \u00e0 imposer le respect des r\u00e8gles de circulation et comportera l\u2019ouverture de nouveaux axes routiers, d\u2019extension de la voie publique et d\u2019emp\u00eachement de son occupation, d\u2019augmentation du nombre des panneaux de signalisation dans les carrefours. Ainsi que le transfert des magasins en dehors de la ville, l\u2019organisation de la circulation des camions en milieu urbain, la construction de parkings, le renforcement de la surveillance et de l\u2019obligation du respect de la loi, par l\u2019exploitation de toutes les opportunit\u00e9s permises par les nouvelles technologies,<\/p>\n<p>10. Extension et simplification de la plateforme num\u00e9rique \u00ab El Oughoud \u00bb pour satisfaire toutes les demandes des citoyens en mati\u00e8re de transactions immobili\u00e8res.<\/p>\n<p>Quant au quatri\u00e8me chantier, il vise \u00e0 faire participer le citoyen et ses repr\u00e9sentants dans le suivi et le contr\u00f4le de l\u2019action gouvernementale, \u00e0 travers trois initiatives qui seront lanc\u00e9es dans les semaines \u00e0 venir. Il s\u2019agit :<\/p>\n<p>1. D\u2019un m\u00e9canisme de contr\u00f4le citoyen de l\u2019action du Gouvernement : Le Gouvernement mettra en place une plateforme num\u00e9rique \u00e0 la disposition du public, pour lui permettre de soumettre ses plaintes et r\u00e9clamations, et d\u00e9noncer tout dysfonctionnement ou transgression de la loi constat\u00e9s. Les informations re\u00e7ues sur cette plateforme seront trait\u00e9es et les mesures appropri\u00e9es prises,<\/p>\n<p>2. Du programme des plateformes de la communaut\u00e9 scolaire : Le Gouvernement mettra en place, dans les semaines \u00e0 venir, des plateformes num\u00e9riques sous forme de groupes incluant tous les intervenants dans l\u2019op\u00e9ration p\u00e9dagogique au niveau de chaque moughataa : les directeurs des \u00e9tablissements d\u2019enseignement, l\u2019inspecteur d\u00e9partemental, le Hakem, les repr\u00e9sentants des parents d\u2019\u00e9l\u00e8ves, les maires, les d\u00e9put\u00e9s, le directeur r\u00e9gional de l\u2019enseignement, un repr\u00e9sentant de la wilaya, des repr\u00e9sentants de l\u2019administration centrale du minist\u00e8re de l\u2019\u00e9ducation nationale, un repr\u00e9sentant du minist\u00e8re des finances et un Conseiller ou Charg\u00e9 de Mission au Premier Minist\u00e8re.<\/p>\n<p>la situation de chaque \u00e9tablissement d\u2019enseignement et ses besoins en livres et fournitures scolaires, en infrastructures et en enseignants, pour la prise des mesures ad\u00e9quates dans les d\u00e9lais. Il constituera un instrument de partage d\u2019exp\u00e9rience et de base pour la distinction des \u00e9tablissements, des enseignants et des professeurs qui se sont distingu\u00e9s au niveau de chaque moughataa,<\/p>\n<p>A cette occasion, un chapitre consacr\u00e9 \u00e0 l\u2019incitation et la r\u00e9compense du meilleur enseignant et du meilleur directeur d\u2019\u00e9cole au niveau de chaque moughatta sera int\u00e9gr\u00e9 au budget du minist\u00e8re de l\u2019\u00c9ducation. Les laur\u00e9ats seront s\u00e9lectionn\u00e9s \u00e0 travers ces plateformes.<\/p>\n<p>3. Des plateformes des communaut\u00e9s de la sant\u00e9. Comme la plateforme de la communaut\u00e9 scolaire, l\u2019id\u00e9e de la plateforme de la communaut\u00e9 de la sant\u00e9 vise \u00e0 cr\u00e9er l\u2019interaction permanente entre les diff\u00e9rents acteurs et int\u00e9ress\u00e9s par la sant\u00e9 publique.<\/p>\n<p>Dans le cadre du cinqui\u00e8me chantier, le Gouvernement lancera les \u00e9tudes n\u00e9cessaires \u00e0 l\u2019ex\u00e9cution de certaines r\u00e9formes essentielles programm\u00e9es dans la d\u00e9claration de politique g\u00e9n\u00e9rale.<\/p>\n<p>Parmi les \u00e9tudes les plus importantes qui seront lanc\u00e9es avant la fin de l\u2019ann\u00e9e, Incha Allah, figurent :<\/p>\n<p>1. Une \u00e9tude sur les r\u00e9formes du syst\u00e8me des retraites,<\/p>\n<p>2. Une \u00e9tude pr\u00e9paratoire des concertations tripartites en vue de proposer une r\u00e9vision du SMIG,<\/p>\n<p>3. Une \u00e9tude pour la r\u00e9vision du code des march\u00e9s publics,<\/p>\n<p>4. Une \u00e9tude pour la r\u00e9vision de la loi sur les PPP,<\/p>\n<p>5. Une \u00e9tude pour la r\u00e9vision de la loi sur les investissements,<\/p>\n<p>6. Une \u00e9tude pour cr\u00e9ation d\u2019une agence nationale d\u2019\u00e9tudes et d\u2019ex\u00e9cution des projets strat\u00e9giques,<\/p>\n<p>7. L\u2019audit administratif et financier du groupe Somelec,<\/p>\n<p>8. L\u2019audit administratif et financier de la SNDE.<\/p>\n<p>9. Le lancement d\u2019une \u00e9tude de faisabilit\u00e9 pour des lignes de chemin de fer dont la premi\u00e8re reliera Choum \u00e0 Nouakchott en passant par Akjoujt, et la seconde joindra Nouakchott \u00e0 la fronti\u00e8re du Mali en passant par Bofal.<\/p>\n<p>10. L\u2019\u00e9tude de faisabilit\u00e9 d\u2019une ligne de tramway \u00e0 Nouadhibou.<\/p>\n<p>11. La r\u00e9vision des textes r\u00e9gissant les migrations pour les compl\u00e9ter.<\/p>\n<p>Monsieur le Pr\u00e9sident de l\u2019Assembl\u00e9e Nationale,<\/p>\n<p>Mesdames et Messieurs les Honorables D\u00e9put\u00e9s,<\/p>\n<p>Je suis conscient que la r\u00e9ussite de l\u2019action du Gouvernement, dans chaque axe de cette politique g\u00e9n\u00e9rale, reste tributaire de l\u2019appui de votre honorable institution et de celui du peuple mauritanien dans son ensemble.<\/p>\n<p>Et \u00e9tant donn\u00e9 ma ferme conviction que le respect strict du principe de s\u00e9paration et d\u2019ind\u00e9pendance des pouvoirs, ainsi que la transparence, le dialogue, le respect mutuel, l\u2019efficace coordination et la participation de tous, sont les cl\u00e9s de la r\u00e9ussite dans la gestion des affaires publiques, je ferai de ces principes un cadre g\u00e9n\u00e9ral d\u2019ex\u00e9cution des diff\u00e9rents aspects de la politique g\u00e9n\u00e9rale du Gouvernement sur la base de laquelle j\u2019ai l\u2019honneur d\u2019engager, conform\u00e9ment \u00e0 la constitution, la responsabilit\u00e9 du Gouvernement.<\/p>\n<p>Le Gouvernement travaillera intens\u00e9ment pour que son action se caract\u00e9rise par le sacrifice, le s\u00e9rieux, l\u2019efficacit\u00e9 dans la r\u00e9alisation, par la rationalit\u00e9 dans les choix, la transparence et l\u2019int\u00e9grit\u00e9 dans la mobilisation et l\u2019utilisation des ressources publiques de l\u2019\u00c9tat, et par le souci constant de proximit\u00e9 avec les citoyens, de leur \u00e9galit\u00e9 devant la justice et la commande publique, de leur acc\u00e8s aux opportunit\u00e9s de travail dans le service public, et, plus globalement, de leur \u00e9galit\u00e9 dans la dignit\u00e9, en droits et en devoirs.<\/p>\n<p>Je suis confiant et certain que nous sommes capables, par notre solidarit\u00e9 et la force de notre d\u00e9termination, par la mise en \u0153uvre rigoureuse du programme de Son Excellence le Pr\u00e9sident de la R\u00e9publique, Mohamed Ould Cheikh El-Ghazouani, \u00ab Mon Ambition pour la Patrie \u00bb, et avec les diverses opportunit\u00e9s qui se dessinent dans nos horizons prometteurs, de concr\u00e9tiser ensemble nos espoirs en l\u2019\u00e9mergence de la patrie que nous d\u00e9sirons tous, une patrie d\u2019amour, de fraternit\u00e9, de solidarit\u00e9, de justice, d\u2019\u00e9galit\u00e9 et de d\u00e9veloppement durable et inclusif.<\/p>\n<p>Et j\u2019ai tout espoir \u00e0 ce que ce programme gagne votre confiance et b\u00e9n\u00e9ficie de votre soutien\u201d.<\/p>\n<p>Ami<\/p>\n","protected":false},"excerpt":{"rendered":"<p>Le Premier ministre, M. Mokhtar Ould Diay a pr\u00e9sent\u00e9 mercredi apr\u00e8s- midi au cours d\u2019une s\u00e9ance pl\u00e9ni\u00e8re de l\u2019Assembl\u00e9e nationale, pr\u00e9sid\u00e9e par le pr\u00e9sident de cette chambre, M. Mohamed Bemba Meguett, les grandes lignes de la politique g\u00e9n\u00e9rale du gouvernement. Au cours de cette s\u00e9ance, qui s\u2019est d\u00e9roul\u00e9e en pr\u00e9sence de membres du Gouvernement et &hellip;<\/p>\n","protected":false},"author":2,"featured_media":11205,"comment_status":"open","ping_status":"open","sticky":false,"template":"","format":"standard","meta":{"footnotes":""},"categories":[18,2,31],"tags":[],"class_list":["post-11204","post","type-post","status-publish","format-standard","has-post-thumbnail","hentry","category-actualites","category-economie","category-politique-et-reportages"],"_links":{"self":[{"href":"https:\/\/ladepeche.mr\/index.php?rest_route=\/wp\/v2\/posts\/11204","targetHints":{"allow":["GET"]}}],"collection":[{"href":"https:\/\/ladepeche.mr\/index.php?rest_route=\/wp\/v2\/posts"}],"about":[{"href":"https:\/\/ladepeche.mr\/index.php?rest_route=\/wp\/v2\/types\/post"}],"author":[{"embeddable":true,"href":"https:\/\/ladepeche.mr\/index.php?rest_route=\/wp\/v2\/users\/2"}],"replies":[{"embeddable":true,"href":"https:\/\/ladepeche.mr\/index.php?rest_route=%2Fwp%2Fv2%2Fcomments&post=11204"}],"version-history":[{"count":1,"href":"https:\/\/ladepeche.mr\/index.php?rest_route=\/wp\/v2\/posts\/11204\/revisions"}],"predecessor-version":[{"id":11206,"href":"https:\/\/ladepeche.mr\/index.php?rest_route=\/wp\/v2\/posts\/11204\/revisions\/11206"}],"wp:featuredmedia":[{"embeddable":true,"href":"https:\/\/ladepeche.mr\/index.php?rest_route=\/wp\/v2\/media\/11205"}],"wp:attachment":[{"href":"https:\/\/ladepeche.mr\/index.php?rest_route=%2Fwp%2Fv2%2Fmedia&parent=11204"}],"wp:term":[{"taxonomy":"category","embeddable":true,"href":"https:\/\/ladepeche.mr\/index.php?rest_route=%2Fwp%2Fv2%2Fcategories&post=11204"},{"taxonomy":"post_tag","embeddable":true,"href":"https:\/\/ladepeche.mr\/index.php?rest_route=%2Fwp%2Fv2%2Ftags&post=11204"}],"curies":[{"name":"wp","href":"https:\/\/api.w.org\/{rel}","templated":true}]}}