{"id":11207,"date":"2024-09-05T09:00:47","date_gmt":"2024-09-05T09:00:47","guid":{"rendered":"https:\/\/ladepeche.mr\/?p=11207"},"modified":"2024-09-04T23:49:01","modified_gmt":"2024-09-04T23:49:01","slug":"signature-dun-protocole-daccord-pour-la-reduction-des-prix-des-produits-de-base","status":"publish","type":"post","link":"https:\/\/ladepeche.mr\/?p=11207","title":{"rendered":"Signature d\u2019un protocole d\u2019accord pour la r\u00e9duction des prix des produits de base"},"content":{"rendered":"<p>La ministre du Commerce et du Tourisme, Mme Zeinebou Mint Ahmadnah, a pr\u00e9sid\u00e9 mercredi une r\u00e9union dans les locaux du minist\u00e8re au cours de laquelle un protocole d\u2019accord a \u00e9t\u00e9 sign\u00e9 entre le minist\u00e8re et la F\u00e9d\u00e9ration du commerce.<\/p>\n<p>Selon un communiqu\u00e9 du minist\u00e8re du Commerce et du Tourisme, dont l\u2019Agence Mauritanienne d\u2019Information (AMI) a re\u00e7u une copie, le protocole pr\u00e9voit une r\u00e9duction des prix des produits alimentaires de base, tels que le sucre, le riz, l\u2019huile alimentaire, le bl\u00e9 et le lait concentr\u00e9.<\/p>\n<p>Le protocole d\u2019accord a \u00e9t\u00e9 sign\u00e9, du c\u00f4t\u00e9 du minist\u00e8re par le Secr\u00e9taire g\u00e9n\u00e9ral, M. Mamadou El Hadji Gueye, et du c\u00f4t\u00e9 de la F\u00e9d\u00e9ration du Commerce, par M. Mahmoud Riad, son pr\u00e9sident.<\/p>\n<p>La c\u00e9r\u00e9monie de signature s\u2019est d\u00e9roul\u00e9e en pr\u00e9sence de plusieurs cadres du d\u00e9partement du commerce et du Tourisme ainsi que certains membres de la F\u00e9d\u00e9ration du commerce.<\/p>\n<p>Ami<\/p>\n","protected":false},"excerpt":{"rendered":"<p>La ministre du Commerce et du Tourisme, Mme Zeinebou Mint Ahmadnah, a pr\u00e9sid\u00e9 mercredi une r\u00e9union dans les locaux du minist\u00e8re au cours de laquelle un protocole d\u2019accord a \u00e9t\u00e9 sign\u00e9 entre le minist\u00e8re et la F\u00e9d\u00e9ration du commerce. Selon un communiqu\u00e9 du minist\u00e8re du Commerce et du Tourisme, dont l\u2019Agence Mauritanienne d\u2019Information (AMI) a &hellip;<\/p>\n","protected":false},"author":2,"featured_media":11208,"comment_status":"open","ping_status":"open","sticky":false,"template":"","format":"standard","meta":{"footnotes":""},"categories":[18,2],"tags":[],"class_list":["post-11207","post","type-post","status-publish","format-standard","has-post-thumbnail","hentry","category-actualites","category-economie"],"_links":{"self":[{"href":"https:\/\/ladepeche.mr\/index.php?rest_route=\/wp\/v2\/posts\/11207","targetHints":{"allow":["GET"]}}],"collection":[{"href":"https:\/\/ladepeche.mr\/index.php?rest_route=\/wp\/v2\/posts"}],"about":[{"href":"https:\/\/ladepeche.mr\/index.php?rest_route=\/wp\/v2\/types\/post"}],"author":[{"embeddable":true,"href":"https:\/\/ladepeche.mr\/index.php?rest_route=\/wp\/v2\/users\/2"}],"replies":[{"embeddable":true,"href":"https:\/\/ladepeche.mr\/index.php?rest_route=%2Fwp%2Fv2%2Fcomments&post=11207"}],"version-history":[{"count":1,"href":"https:\/\/ladepeche.mr\/index.php?rest_route=\/wp\/v2\/posts\/11207\/revisions"}],"predecessor-version":[{"id":11209,"href":"https:\/\/ladepeche.mr\/index.php?rest_route=\/wp\/v2\/posts\/11207\/revisions\/11209"}],"wp:featuredmedia":[{"embeddable":true,"href":"https:\/\/ladepeche.mr\/index.php?rest_route=\/wp\/v2\/media\/11208"}],"wp:attachment":[{"href":"https:\/\/ladepeche.mr\/index.php?rest_route=%2Fwp%2Fv2%2Fmedia&parent=11207"}],"wp:term":[{"taxonomy":"category","embeddable":true,"href":"https:\/\/ladepeche.mr\/index.php?rest_route=%2Fwp%2Fv2%2Fcategories&post=11207"},{"taxonomy":"post_tag","embeddable":true,"href":"https:\/\/ladepeche.mr\/index.php?rest_route=%2Fwp%2Fv2%2Ftags&post=11207"}],"curies":[{"name":"wp","href":"https:\/\/api.w.org\/{rel}","templated":true}]}}